{"id":188142,"date":"2022-08-19T19:13:40","date_gmt":"2022-08-19T17:13:40","guid":{"rendered":"https:\/\/smago.de\/ws2\/?p=188142"},"modified":"2022-08-19T19:13:40","modified_gmt":"2022-08-19T17:13:40","slug":"eric-philippi-ard-schlagerchallenge-gewinner-eric-philippi-gelingt-zum-zweiten-mal-der-sprung-in-die-top-15","status":"publish","type":"post","link":"https:\/\/smago.de\/ws2\/pop-schlager\/eric-philippi-ard-schlagerchallenge-gewinner-eric-philippi-gelingt-zum-zweiten-mal-der-sprung-in-die-top-15\/","title":{"rendered":"ERIC PHILIPPI <br>ARD-Schlagerchallenge-Gewinner Eric Philippi gelingt  zum zweiten Mal der Sprung in die Top 15!"},"content":{"rendered":"<p>\u201eSchockverliebt (Die Zweite)\u201c auf Platz 12\u00a0der Offiziellen Deutschen Album Charts!<br \/>\n<!--more--><\/p>\n<p>&nbsp;<\/p>\n<p style=\"text-align: justify;\">\n<div style=\"text-align: justify;\">Sein Deb\u00fctalbum \u201eSchockverliebt\u201c schaffte 2021 direkt den Sprung auf #13 in die Charts. Mit seiner neuen, erweiterten Edition \u201eSchockverliebt (Die Zweite)\u201c toppt S\u00e4nger und Multi-Instrumentalist ERIC PHILIPPI sein Chart-Deb\u00fct und steigt auf Platz 12 der Offiziellen Deutschen Album Charts ein.<\/div>\n<div style=\"text-align: justify;\"><\/div>\n<div style=\"text-align: justify;\">\n<p><strong>Eric Philippi:<\/strong> <em>\u201eIm vergangenen Jahr ist unglaublich viel passiert. Seitdem ich 2021 die Chance bekam, meine Musik bei Florian Silbereisen zu pr\u00e4sentieren, darf ich <\/em><em>mich ausschlie\u00dflich auf das konzentrieren was ich liebe: Musik! Umso mehr freue ich mich \u00fcber die positive R\u00fcckmeldung zu den neuen Songs der zweiten Edition meines Deb\u00fcts, dass so viele Menschen etwas mit meinen Liedern verbinden, bedeutet mir die Welt! Danke an mein Team und ganz besonders an meine Familie f\u00fcr die Unterst\u00fctzung in diesem besonderen Jahr!\u201c<\/em><\/div>\n<div style=\"text-align: justify;\"><\/div>\n<div style=\"text-align: justify;\">\n<p><strong>Ken Otremba, TELAMO-Gesch\u00e4ftsf\u00fchrer:<\/strong> <em>\u201eHerzlichen Gl\u00fcckwunsch an Eric und sein Team zu diesem guten Chartergebnis. Eric hat es in diesem Jahr geschafft, sich als Solok\u00fcnstler zu etablieren. Dar\u00fcber hinaus ist er ein gefragter Songwriter und konnte bereits mit Musikgr\u00f6\u00dfen wie Howard Carpendale oder Beatrice Egli zusammenarbeiten. Wir freuen uns, Erics Karriere als Labelpartner weiter begleiten zu k\u00f6nnen.\u201c<\/em><\/div>\n<div style=\"text-align: justify;\"><\/div>\n<div style=\"text-align: justify;\">\n<p>\u201eSchockverliebt (Die Zweite)\u201c ist die erweiterte 2CD-Neuauflage des aktuellen Erfolgsalbums von Eric Philippi. Es enth\u00e4lt acht neue Titel, 10 Alternativ-Versionen inkl. eines Duetts mit Musiklegende Howard Carpendale. Musikalisch gepr\u00e4gt von umwerfend gro\u00dfen Pop- und Schlagergesten, G\u00e4nsehautgarantie mit Ch\u00f6ren, Gitarren, Klavier, Trompeten und tanzbaren Produktionen.<\/p>\n<p>Im Jahr 1997 geboren, zog es Eric Philippi schon als kleinen Jungen auf die B\u00fchne \u2013 er war der Entertainer der Gro\u00dffamilie. Obwohl der S\u00e4nger und Multiinstrumentalist (u.a. Trompete, Klavier) schon als Kind regelm\u00e4\u00dfig auf s\u00e4mtlichen Festen und Partys auftrat, entschied er sich doch zun\u00e4chst f\u00fcr eine Ausbildung als KFZ-Mechatroniker. W\u00e4hrend er nebenher schon erste Preise gewann (u.a. Newcomer-Wettbewerb des Saarl\u00e4ndischen Radiosenders \u201eRadio Sal\u00fc\u201c, 2015), war nach einer Geburtstagsfeier seines Chefs, bei der aus einem \u201ekleinen St\u00e4ndchen\u201c ein vollwertiges Spontankonzert geworden war, allen klar, dass er \u201enicht unter die Hebeb\u00fchne, sondern auf die Showb\u00fchne\u201c geh\u00f6rte.<\/p><\/div>\n<div style=\"text-align: justify;\"><\/div>\n<div style=\"text-align: justify;\">Es geht ihm um inspirierende Anekdoten, um lebhafte Erinnerungen und gro\u00dfe, geteilte Momente. Mit dem Deb\u00fctalbum \u201eSchockverliebt\u201c eroberte Eric Philippi im <span id=\"OBJ_PREFIX_DWT10666_com_zimbra_date\"><span id=\"OBJ_PREFIX_DWT10675_com_zimbra_date\">September 2021<\/span><\/span> direkt die Top-15 der Offiziellen Deutschen Albumcharts \u2013 und pr\u00e4sentiert jetzt ein besonderes, erweitertes Update: Auf der neuen Edition \u201eSchockverliebt (Die Zweite)\u201c!<\/p>\n<p>Das Album \u201eSchockverliebt (Die Zweite)\u201c ist am <span id=\"OBJ_PREFIX_DWT10667_com_zimbra_date\"><span id=\"OBJ_PREFIX_DWT10676_com_zimbra_date\">12.08.22<\/span><\/span> bei TELAMO erschienen.<\/div>\n<div><\/div>\n<div><\/div>\n<div><img decoding=\"async\" loading=\"lazy\" class=\"alignnone size-full wp-image-187148\" src=\"https:\/\/smago.de\/ws2\/wp-content\/uploads\/2022\/08\/philippi_DVD_back.jpg\" alt=\"\" width=\"724\" height=\"649\" srcset=\"https:\/\/smago.de\/ws2\/wp-content\/uploads\/2022\/08\/philippi_DVD_back.jpg 724w, https:\/\/smago.de\/ws2\/wp-content\/uploads\/2022\/08\/philippi_DVD_back-522x468.jpg 522w, https:\/\/smago.de\/ws2\/wp-content\/uploads\/2022\/08\/philippi_DVD_back-167x150.jpg 167w, https:\/\/smago.de\/ws2\/wp-content\/uploads\/2022\/08\/philippi_DVD_back-303x272.jpg 303w, https:\/\/smago.de\/ws2\/wp-content\/uploads\/2022\/08\/philippi_DVD_back-669x600.jpg 669w, https:\/\/smago.de\/ws2\/wp-content\/uploads\/2022\/08\/philippi_DVD_back-130x117.jpg 130w, https:\/\/smago.de\/ws2\/wp-content\/uploads\/2022\/08\/philippi_DVD_back-496x445.jpg 496w, https:\/\/smago.de\/ws2\/wp-content\/uploads\/2022\/08\/philippi_DVD_back-582x522.jpg 582w, https:\/\/smago.de\/ws2\/wp-content\/uploads\/2022\/08\/philippi_DVD_back-212x190.jpg 212w, https:\/\/smago.de\/ws2\/wp-content\/uploads\/2022\/08\/philippi_DVD_back-324x290.jpg 324w\" sizes=\"(max-width: 724px) 100vw, 724px\" \/><\/div>\n","protected":false},"excerpt":{"rendered":"<p>\u201eSchockverliebt (Die Zweite)\u201c auf Platz 12\u00a0der Offiziellen Deutschen Album Charts!<\/p>\n","protected":false},"author":2,"featured_media":187373,"comment_status":"open","ping_status":"closed","sticky":false,"template":"","format":"standard","meta":{"_FSMCFIC_featured_image_caption":"","_FSMCFIC_featured_image_nocaption":null,"_FSMCFIC_featured_image_hide":null},"categories":[28],"tags":[1691],"acf":[],"_links":{"self":[{"href":"https:\/\/smago.de\/ws2\/wp-json\/wp\/v2\/posts\/188142"}],"collection":[{"href":"https:\/\/smago.de\/ws2\/wp-json\/wp\/v2\/posts"}],"about":[{"href":"https:\/\/smago.de\/ws2\/wp-json\/wp\/v2\/types\/post"}],"author":[{"embeddable":true,"href":"https:\/\/smago.de\/ws2\/wp-json\/wp\/v2\/users\/2"}],"replies":[{"embeddable":true,"href":"https:\/\/smago.de\/ws2\/wp-json\/wp\/v2\/comments?post=188142"}],"version-history":[{"count":1,"href":"https:\/\/smago.de\/ws2\/wp-json\/wp\/v2\/posts\/188142\/revisions"}],"predecessor-version":[{"id":188143,"href":"https:\/\/smago.de\/ws2\/wp-json\/wp\/v2\/posts\/188142\/revisions\/188143"}],"wp:featuredmedia":[{"embeddable":true,"href":"https:\/\/smago.de\/ws2\/wp-json\/wp\/v2\/media\/187373"}],"wp:attachment":[{"href":"https:\/\/smago.de\/ws2\/wp-json\/wp\/v2\/media?parent=188142"}],"wp:term":[{"taxonomy":"category","embeddable":true,"href":"https:\/\/smago.de\/ws2\/wp-json\/wp\/v2\/categories?post=188142"},{"taxonomy":"post_tag","embeddable":true,"href":"https:\/\/smago.de\/ws2\/wp-json\/wp\/v2\/tags?post=188142"}],"curies":[{"name":"wp","href":"https:\/\/api.w.org\/{rel}","templated":true}]}}