{"id":188083,"date":"2022-08-19T23:59:21","date_gmt":"2022-08-19T21:59:21","guid":{"rendered":"https:\/\/smago.de\/ws2\/?p=188083"},"modified":"2022-08-19T08:16:38","modified_gmt":"2022-08-19T06:16:38","slug":"giovanni-zarrella-bill-kaulitz-tokio-hotel-u-a-heute-nacht-20-21-08-2022-in-der-talk-show-inas-nacht-zu-gast-wh-v-18-19-08-2022","status":"publish","type":"post","link":"https:\/\/smago.de\/ws2\/pop\/giovanni-zarrella-bill-kaulitz-tokio-hotel-u-a-heute-nacht-20-21-08-2022-in-der-talk-show-inas-nacht-zu-gast-wh-v-18-19-08-2022\/","title":{"rendered":"GIOVANNI ZARRELLA, BILL KAULITZ ((&#8222;TOKIO HOTEL&#8220;)) u.a. <br>Heute Nacht (20.\/21.08.2022) in der Talk-Show &#8222;Inas Nacht&#8220; zu Gast (Wh. v. 18.\/19.08.2022!)!"},"content":{"rendered":"<p style=\"text-align: justify;\">\u201cLate-Night-Show mit der norddeutschen Kabarettistin, S\u00e4ngerin und Moderatorin Ina M\u00fcller und nach M\u00fcllerin Art: Talk, Comedy und viel, viel Musik in der kleinen Hamburger Kneipe \u00b4Zum Schellfischposten\u00b4\u201d \/\/ ARD, 00:05 Uhr \u2013 01:05 Uhr (Wh.: 18.\/19.08., 23:55 Uhr &#8211; 00:55 Uhr)!<br \/>\n<!--more--><\/p>\n<p>&nbsp;<\/p>\n<p>&nbsp;<\/p>\n<p style=\"text-align: justify;\">Heute begr\u00fc\u00dft Ina M\u00fcller zuerst den Musiker und \u201eTokio Hotel\u201c-Frontmann Bill Kaulitz. Er erz\u00e4hlt von seinem Leben in den USA und den Ver\u00e4nderungen, seitdem sein Bruder Tom nicht mehr mit ihm zusammenwohnt. Auch seinen \u201eInas Nacht\u201c-Musikauftritt mit \u201eTokio Hotel\u201c bestreitet Bill Kaulitz ohne seinen Bruder, daf\u00fcr aber mit Ina M\u00fcller an der Gitarre.<\/p>\n<p style=\"text-align: justify;\">Zum Gespr\u00e4ch hinzu kommt der Musiker und Entertainer Giovanni Zarrella. Er spricht mit Ina M\u00fcller \u00fcber seine Familie, die fr\u00fchen Versuche als Profifu\u00dfballer, die Zeit als Teeniestar und schlie\u00dflich seinen neuen Job als Samstagabend-TV-Moderator.<\/p>\n<p style=\"text-align: justify;\">Musikgast der heutigen Folge ist der Hamburger Phil Siemers, der mit seinen von Jazz und Soul beeinflussten Songs bereits ein gern gesehener Gast auf gro\u00dfen Jazzfestivals ist.<\/p>\n<p style=\"text-align: justify;\">Wieder mit dabei sind auch die Herren des Wilhelmsburger Shanty-Chors die \u201eTampentrekker\u201c, die vor den Kneipenfenstern die Stellung halten und f\u00fcr musikalische Intermezzi sorgen.<\/p>\n<p style=\"text-align: justify;\">Zw\u00f6lf Personen bestreiten das Publikum und d\u00fcrfen mit Bierdeckelfragen mithelfen.<\/p>\n<p style=\"text-align: justify;\">Und alle werden wieder bestens versorgt von der Kneipenwirtin Frau M\u00fcller \u2013 nicht verwandt und verschw\u00e4gert mit Ina.<\/p>\n<p style=\"text-align: justify;\">Klingt leicht chaotisch?<\/p>\n<p style=\"text-align: justify;\">&#8211; Soll es auch!<\/p>\n<p>&nbsp;<\/p>\n<p>&nbsp;<\/p>\n<figure id=\"attachment_187576\" aria-describedby=\"caption-attachment-187576\" style=\"width: 800px\" class=\"wp-caption alignnone\"><img decoding=\"async\" loading=\"lazy\" class=\"size-large wp-image-187576\" src=\"https:\/\/smago.de\/ws2\/wp-content\/uploads\/2022\/08\/6_F4_Inas_Nacht_2022-800x448.jpg\" alt=\"\" width=\"800\" height=\"448\" srcset=\"https:\/\/smago.de\/ws2\/wp-content\/uploads\/2022\/08\/6_F4_Inas_Nacht_2022-800x448.jpg 800w, https:\/\/smago.de\/ws2\/wp-content\/uploads\/2022\/08\/6_F4_Inas_Nacht_2022-522x292.jpg 522w, https:\/\/smago.de\/ws2\/wp-content\/uploads\/2022\/08\/6_F4_Inas_Nacht_2022-268x150.jpg 268w, https:\/\/smago.de\/ws2\/wp-content\/uploads\/2022\/08\/6_F4_Inas_Nacht_2022-768x430.jpg 768w, https:\/\/smago.de\/ws2\/wp-content\/uploads\/2022\/08\/6_F4_Inas_Nacht_2022-1536x860.jpg 1536w, https:\/\/smago.de\/ws2\/wp-content\/uploads\/2022\/08\/6_F4_Inas_Nacht_2022-2048x1147.jpg 2048w, https:\/\/smago.de\/ws2\/wp-content\/uploads\/2022\/08\/6_F4_Inas_Nacht_2022-392x220.jpg 392w, https:\/\/smago.de\/ws2\/wp-content\/uploads\/2022\/08\/6_F4_Inas_Nacht_2022-130x73.jpg 130w, https:\/\/smago.de\/ws2\/wp-content\/uploads\/2022\/08\/6_F4_Inas_Nacht_2022-794x445.jpg 794w, https:\/\/smago.de\/ws2\/wp-content\/uploads\/2022\/08\/6_F4_Inas_Nacht_2022-870x487.jpg 870w, https:\/\/smago.de\/ws2\/wp-content\/uploads\/2022\/08\/6_F4_Inas_Nacht_2022-292x164.jpg 292w, https:\/\/smago.de\/ws2\/wp-content\/uploads\/2022\/08\/6_F4_Inas_Nacht_2022-435x244.jpg 435w\" sizes=\"(max-width: 800px) 100vw, 800px\" \/><figcaption id=\"caption-attachment-187576\" class=\"wp-caption-text\"><em>Das Foto (Credit: \u00a9 NDR \/ Morris Mac Matzen) zeigt v.l.n.r.: Ina M\u00fcller und Giovanni Zarrella<\/em><\/figcaption><\/figure>\n<p>&nbsp;<\/p>\n<p>&nbsp;<\/p>\n<p>&nbsp;<\/p>\n<figure id=\"attachment_187578\" aria-describedby=\"caption-attachment-187578\" style=\"width: 800px\" class=\"wp-caption alignnone\"><img decoding=\"async\" loading=\"lazy\" class=\"size-large wp-image-187578\" src=\"https:\/\/smago.de\/ws2\/wp-content\/uploads\/2022\/08\/2_F4_Inas_Nacht_2022-800x448.jpg\" alt=\"\" width=\"800\" height=\"448\" srcset=\"https:\/\/smago.de\/ws2\/wp-content\/uploads\/2022\/08\/2_F4_Inas_Nacht_2022-800x448.jpg 800w, https:\/\/smago.de\/ws2\/wp-content\/uploads\/2022\/08\/2_F4_Inas_Nacht_2022-522x292.jpg 522w, https:\/\/smago.de\/ws2\/wp-content\/uploads\/2022\/08\/2_F4_Inas_Nacht_2022-268x150.jpg 268w, https:\/\/smago.de\/ws2\/wp-content\/uploads\/2022\/08\/2_F4_Inas_Nacht_2022-768x430.jpg 768w, https:\/\/smago.de\/ws2\/wp-content\/uploads\/2022\/08\/2_F4_Inas_Nacht_2022-1536x860.jpg 1536w, https:\/\/smago.de\/ws2\/wp-content\/uploads\/2022\/08\/2_F4_Inas_Nacht_2022-2048x1147.jpg 2048w, https:\/\/smago.de\/ws2\/wp-content\/uploads\/2022\/08\/2_F4_Inas_Nacht_2022-392x220.jpg 392w, https:\/\/smago.de\/ws2\/wp-content\/uploads\/2022\/08\/2_F4_Inas_Nacht_2022-130x73.jpg 130w, https:\/\/smago.de\/ws2\/wp-content\/uploads\/2022\/08\/2_F4_Inas_Nacht_2022-794x445.jpg 794w, https:\/\/smago.de\/ws2\/wp-content\/uploads\/2022\/08\/2_F4_Inas_Nacht_2022-870x487.jpg 870w, https:\/\/smago.de\/ws2\/wp-content\/uploads\/2022\/08\/2_F4_Inas_Nacht_2022-292x164.jpg 292w, https:\/\/smago.de\/ws2\/wp-content\/uploads\/2022\/08\/2_F4_Inas_Nacht_2022-435x244.jpg 435w\" sizes=\"(max-width: 800px) 100vw, 800px\" \/><figcaption id=\"caption-attachment-187578\" class=\"wp-caption-text\"><em>Das Foto (Credit: \u00a9 NDR \/ Morris Mac Matzen) zeigt v.l.n.r.: Bill Kaulitz, Ina M\u00fcller und Giovanni Zarrella<\/em><\/figcaption><\/figure>\n<p>&nbsp;<\/p>\n<p>&nbsp;<\/p>\n<p>&nbsp;<\/p>\n<figure id=\"attachment_188084\" aria-describedby=\"caption-attachment-188084\" style=\"width: 800px\" class=\"wp-caption alignnone\"><img decoding=\"async\" loading=\"lazy\" class=\"size-large wp-image-188084\" src=\"https:\/\/smago.de\/ws2\/wp-content\/uploads\/2022\/08\/6_F4_Inas_Nacht_2022-scaled-1-800x448.jpg\" alt=\"\" width=\"800\" height=\"448\" srcset=\"https:\/\/smago.de\/ws2\/wp-content\/uploads\/2022\/08\/6_F4_Inas_Nacht_2022-scaled-1-800x448.jpg 800w, https:\/\/smago.de\/ws2\/wp-content\/uploads\/2022\/08\/6_F4_Inas_Nacht_2022-scaled-1-522x292.jpg 522w, https:\/\/smago.de\/ws2\/wp-content\/uploads\/2022\/08\/6_F4_Inas_Nacht_2022-scaled-1-268x150.jpg 268w, https:\/\/smago.de\/ws2\/wp-content\/uploads\/2022\/08\/6_F4_Inas_Nacht_2022-scaled-1-768x430.jpg 768w, https:\/\/smago.de\/ws2\/wp-content\/uploads\/2022\/08\/6_F4_Inas_Nacht_2022-scaled-1-1536x860.jpg 1536w, https:\/\/smago.de\/ws2\/wp-content\/uploads\/2022\/08\/6_F4_Inas_Nacht_2022-scaled-1-2048x1147.jpg 2048w, https:\/\/smago.de\/ws2\/wp-content\/uploads\/2022\/08\/6_F4_Inas_Nacht_2022-scaled-1-392x220.jpg 392w, https:\/\/smago.de\/ws2\/wp-content\/uploads\/2022\/08\/6_F4_Inas_Nacht_2022-scaled-1-130x73.jpg 130w, https:\/\/smago.de\/ws2\/wp-content\/uploads\/2022\/08\/6_F4_Inas_Nacht_2022-scaled-1-794x445.jpg 794w, https:\/\/smago.de\/ws2\/wp-content\/uploads\/2022\/08\/6_F4_Inas_Nacht_2022-scaled-1-870x487.jpg 870w, https:\/\/smago.de\/ws2\/wp-content\/uploads\/2022\/08\/6_F4_Inas_Nacht_2022-scaled-1-292x164.jpg 292w, https:\/\/smago.de\/ws2\/wp-content\/uploads\/2022\/08\/6_F4_Inas_Nacht_2022-scaled-1-435x244.jpg 435w\" sizes=\"(max-width: 800px) 100vw, 800px\" \/><figcaption id=\"caption-attachment-188084\" class=\"wp-caption-text\"><em>Das Foto (Credit: \u00a9 NDR\/Morris Mac Matzen) zeigt (v.l.n.r.): Ina M\u00fcller und Giovanni Zarrella<\/em><\/figcaption><\/figure>\n","protected":false},"excerpt":{"rendered":"<p>\u201cLate-Night-Show mit der norddeutschen Kabarettistin, S\u00e4ngerin und Moderatorin Ina M\u00fcller und nach M\u00fcllerin Art: Talk, Comedy und viel, viel Musik<\/p>\n","protected":false},"author":2,"featured_media":188084,"comment_status":"open","ping_status":"closed","sticky":false,"template":"","format":"standard","meta":{"_FSMCFIC_featured_image_caption":"","_FSMCFIC_featured_image_nocaption":null,"_FSMCFIC_featured_image_hide":null},"categories":[27,29,128],"tags":[],"acf":[],"_links":{"self":[{"href":"https:\/\/smago.de\/ws2\/wp-json\/wp\/v2\/posts\/188083"}],"collection":[{"href":"https:\/\/smago.de\/ws2\/wp-json\/wp\/v2\/posts"}],"about":[{"href":"https:\/\/smago.de\/ws2\/wp-json\/wp\/v2\/types\/post"}],"author":[{"embeddable":true,"href":"https:\/\/smago.de\/ws2\/wp-json\/wp\/v2\/users\/2"}],"replies":[{"embeddable":true,"href":"https:\/\/smago.de\/ws2\/wp-json\/wp\/v2\/comments?post=188083"}],"version-history":[{"count":1,"href":"https:\/\/smago.de\/ws2\/wp-json\/wp\/v2\/posts\/188083\/revisions"}],"predecessor-version":[{"id":188085,"href":"https:\/\/smago.de\/ws2\/wp-json\/wp\/v2\/posts\/188083\/revisions\/188085"}],"wp:featuredmedia":[{"embeddable":true,"href":"https:\/\/smago.de\/ws2\/wp-json\/wp\/v2\/media\/188084"}],"wp:attachment":[{"href":"https:\/\/smago.de\/ws2\/wp-json\/wp\/v2\/media?parent=188083"}],"wp:term":[{"taxonomy":"category","embeddable":true,"href":"https:\/\/smago.de\/ws2\/wp-json\/wp\/v2\/categories?post=188083"},{"taxonomy":"post_tag","embeddable":true,"href":"https:\/\/smago.de\/ws2\/wp-json\/wp\/v2\/tags?post=188083"}],"curies":[{"name":"wp","href":"https:\/\/api.w.org\/{rel}","templated":true}]}}