{"id":187889,"date":"2022-08-17T00:00:26","date_gmt":"2022-08-16T22:00:26","guid":{"rendered":"https:\/\/smago.de\/ws2\/?p=187889"},"modified":"2022-08-16T13:03:28","modified_gmt":"2022-08-16T11:03:28","slug":"smago-informiert-rtl-ab-morgen-mit-neuer-app-rtl-musik","status":"publish","type":"post","link":"https:\/\/smago.de\/ws2\/smago-informiert\/smago-informiert-rtl-ab-morgen-mit-neuer-app-rtl-musik\/","title":{"rendered":"smago! INFORMIERT <br>RTL+ ab morgen mit neuer App &#8222;RTL+ Musik&#8220;!"},"content":{"rendered":"<p>Video- und Musikangebot zum Einf\u00fchrungspreis von nur 9,99 Euro!<br \/>\n<!--more--><\/p>\n<p>&nbsp;<\/p>\n<p>&nbsp;<\/p>\n<ul style=\"text-align: justify;\">\n<li><strong>RTL+ bietet neben Serien und Filmen nun auch Musikstreaming an\u00a0<\/strong><\/li>\n<li><strong>RTL+ Musik-App mit mehr als 90 Millionen Songs und bis zu 100 Radio-Streams\u00a0<\/strong><\/li>\n<li><strong>Sukzessiver Ausbau zum gattungs\u00fcbergreifenden Entertainment-Angebot mit Podcasts, H\u00f6rb\u00fcchern und digitalen Premium-Zeitschriften\u00a0<\/strong><\/li>\n<\/ul>\n<p>&nbsp;<\/p>\n<p>&nbsp;<\/p>\n<p style=\"text-align: justify;\"><span data-contrast=\"auto\">Der Ausbau des stark wachsenden Streamingdienstes RTL+ zum gattungs\u00fcbergreifenden Entertainment-Angebot beginnt: An diesem Mittwoch (17.8.) startet die RTL+ Musik-App. Dadurch haben RTL+ Nutzer:innen neben dem hochkar\u00e4tigen Video-Angebot auch Zugriff auf mehr als 90 Millionen Songs und damit alle im Musikmarkt g\u00e4ngigen Kataloge und K\u00fcnstler:innen. Der Einf\u00fchrungspreis dieses einzigartigen Bundle-Angebots aus Video und Musik betr\u00e4gt im &#8222;RTL+ Max Tarif&#8220; 9,99 Euro im Monat (statt 12,99 Euro; ab dem 7. Monat).<\/span><span data-contrast=\"auto\">\u00a0\u00a0<\/span><span data-ccp-props=\"{&quot;201341983&quot;:0,&quot;335559740&quot;:259}\">\u00a0<\/span><\/p>\n<p style=\"text-align: justify;\"><span data-contrast=\"auto\">Mit mehr als 3,4 Millionen Abonnent:innen ist RTL+ der f\u00fchrende deutsche Streamingdienst. Wie Ende vergangenen Jahres angek\u00fcndigt, wird RTL+ Schritt f\u00fcr Schritt zum vollumf\u00e4nglichen crossmedialen Angebot ausgebaut. Sukzessive kommen Podcasts, H\u00f6rb\u00fccher und digitale Premium-Zeitschriften hinzu.<\/span><span data-contrast=\"auto\">\u00a0\u00a0<\/span><span data-ccp-props=\"{&quot;201341983&quot;:0,&quot;335559740&quot;:259}\">\u00a0<\/span><\/p>\n<p style=\"text-align: justify;\">Der Ausbau beginnt an diesem Mittwoch (17.8.) mit dem Musikangebot. Dazu geht RTL+ eine f\u00fcr den deutschen Markt exklusive Partnerschaft mit Deezer ein, einem der weltweit f\u00fchrenden Musikstreamingdienste. Nutzer:innen erhalten \u00fcber die RTL+ Musik-App Zugriff auf den kompletten Produktumfang des von Deezer bereitgestellten Angebots ebenso wie auf alle w\u00f6chentlichen Neuerscheinungen. Dar\u00fcber hinaus stehen mehr als 5.000 von Musik-Editoren kuratierte Playlists f\u00fcr jede Stimmung und jedes Genre zum Streamen bereit. Hinzu kommen bis zu 100 Radio-Streams. Dieses Angebot wird f\u00fcr RTL+ Nutzer:innen weiter ausgebaut, etwa durch Soundtracks zu beliebten Serien, Shows und Realityformaten.<\/p>\n<p style=\"text-align: justify;\"><span data-contrast=\"auto\">F\u00fcr eine einfache und personalisierte Nutzung der RTL+ Musik-App sorgen beliebte Features wie die Download- und Library-Funktion (&#8222;Meine Inhalte&#8220;), der &#8222;Trackmix&#8220;, der auf Basis eines Titels weitere passende Songs abspielt, sowie die &#8222;Daily Mixes&#8220;, eine Playlist, die sich dem pers\u00f6nlichen Nutzungsverhalten anpasst und neben den Lieblingssongs neue H\u00f6rvorschl\u00e4ge einstreut. Zuk\u00fcnftig wird die App au\u00dferdem um Features wie beispielsweise die Einblendung der Songtexte und den Playlist-Importer erweitert. Dieser erm\u00f6glicht es den Nutzer:innen, ihre pers\u00f6nlichen Playlists bei anderen Musik-Streamingdiensten ganz einfach auf RTL+ Musik zu \u00fcbertragen.<\/span><span data-contrast=\"auto\">\u00a0\u00a0<\/span><span data-ccp-props=\"{&quot;201341983&quot;:0,&quot;335559740&quot;:259}\">\u00a0<\/span><\/p>\n<p style=\"text-align: justify;\"><span data-contrast=\"auto\">Nutzer:innen, die sich f\u00fcr den RTL+ Max Tarif entscheiden, haben neben dem umfassenden Musikportfolio auch weiterhin Zugriff auf das vielf\u00e4ltige und qualitativ hochwertige Video-Entertainment-Angebot von Fiction bis Reality, von Doku bis Live-Sport. Im zweiten Halbjahr 2022 wird das Angebot allein um 37 neue Originals erweitert, darunter Fiction-Highlights wie &#8222;Das Haus der Tr\u00e4ume&#8220; und die zweite Staffel von &#8222;Sisi&#8220; oder eine Dokumentation \u00fcber den Wiederaufstieg von Schalke 04.<\/span><span data-contrast=\"auto\">\u00a0\u00a0<\/span><span data-ccp-props=\"{&quot;201341983&quot;:0,&quot;335559740&quot;:259}\">\u00a0<\/span><\/p>\n<p style=\"text-align: justify;\"><span data-contrast=\"auto\">Laut einer aktuellen, von RTL+ beauftragten repr\u00e4sentativen Forsa-Umfrage (siehe auch Fotos unten) w\u00fcnschen sich insbesondere j\u00fcngere Nutzer:innen ein preislich attraktives und vielf\u00e4ltiges Angebot. 76 Prozent der befragten 14- bis 49-J\u00e4hrigen bewerten ein verg\u00fcnstigtes Kombi-Angebot als attraktiv oder sehr attraktiv. Laut Umfrage ist Musik nach Video die meistgenutzte Inhaltekategorie.*\u00a0\u00a0<\/span><\/p>\n<p style=\"text-align: justify;\"><span data-contrast=\"auto\">Matthias Dang, Co-CEO RTL Deutschland: &#8222;Der deutsche Streamingmarkt w\u00e4chst. Doch mit immer mehr Angeboten wird der Markt auch un\u00fcbersichtlicher f\u00fcr die Nutzerinnen und Nutzer. Wir sind daher \u00fcberzeugt, dass inhaltliche Vielfalt, Einfachheit und Preis die entscheidenden Erfolgsfaktoren im Streamingmarkt sein werden. Auf RTL+ k\u00f6nnen User jetzt mit einem Abo auf ein umfangreiches und hochkar\u00e4tiges Video- und Musikangebot zugreifen \u2013 und dies zu einem unschlagbar g\u00fcnstigen Preis. Damit starten wir den Ausbau von RTL+ zu einem umfassenden Entertainmenterlebnis.&#8220;\u00a0\u00a0<\/span><span data-ccp-props=\"{&quot;201341983&quot;:0,&quot;335559740&quot;:259}\">\u00a0<\/span><\/p>\n<p style=\"text-align: justify;\"><span data-contrast=\"auto\">Stephan Sch\u00e4fer, Co-CEO RTL Deutschland: &#8222;Musik ist nach Video die meistgefragte Content Kategorie im Streamingbereich. Deshalb freuen wir uns sehr, dass wir Deezer als Partner gewinnen konnten und nun mit der RTL+ Musik-App an den Markt gehen. Dieses Angebot werden wir sukzessive weiter ausbauen. RTL+ wird mehr \u2013 und grenzt sich im Wachstumsmarkt Streaming damit deutlich vom Wettbewerb ab.&#8220;\u00a0\u00a0<\/span><span data-ccp-props=\"{&quot;201341983&quot;:0,&quot;335559740&quot;:259}\">\u00a0<\/span><\/p>\n<p style=\"text-align: justify;\"><span data-contrast=\"auto\">Jeronimo Folgueira, CEO bei Deezer: &#8222;Wir freuen uns \u00fcber die gro\u00dfartige Partnerschaft mit RTL+ und dass wir am weiteren Wachstum des f\u00fchrenden deutschen Streaminganbieters teilhaben k\u00f6nnen. Millionen deutschen Nutzerinnen und Nutzer verschaffen wir damit Zugang zu einem der weltweit innovativsten und anerkanntesten Musik-Streaming-Dienste. Erfolgreiche Partnerschaften sind ein zentraler Bestandteil unserer Strategie, und wir sind stolz, beim Ausbau von RTL+ zum ersten crossmedialen Entertainment-Angebot dabei zu sein.&#8220;\u00a0<\/span><span data-ccp-props=\"{&quot;201341983&quot;:0,&quot;335559740&quot;:259}\">\u00a0<\/span><\/p>\n<p style=\"text-align: justify;\"><span data-contrast=\"auto\">Arnim Butzen, TV-Chef der Telekom Deutschland: &#8222;Unsere Kooperation ist eine Erfolgsgeschichte f\u00fcr beide Seiten: MagentaTV ist ein bedeutender Treiber f\u00fcr die Abo-Abs\u00e4tze von RTL+, das gleichzeitig ein wichtiger Bestandteil unseres Angebots ist. Der Ausbau von RTL+ zum ersten crossmedialen Entertainment-Angebot macht unsere Partnerschaft mit RTL Deutschland noch wertvoller. Wir freuen uns sehr auf die Fortsetzung der hervorragenden Zusammenarbeit.&#8220;\u00a0<\/span><\/p>\n<p style=\"text-align: justify;\"><em><strong>* Die neue RTL+ Angebotsstruktur im \u00dcberblick und die komplette Forsa-Umfrage finden Sie weiter unten auf den Fotos.<\/strong><\/em><\/p>\n<p>&nbsp;<\/p>\n<p>&nbsp;<\/p>\n<figure id=\"attachment_187891\" aria-describedby=\"caption-attachment-187891\" style=\"width: 800px\" class=\"wp-caption alignnone\"><img decoding=\"async\" loading=\"lazy\" class=\"size-large wp-image-187891\" src=\"https:\/\/smago.de\/ws2\/wp-content\/uploads\/2022\/08\/C00A2-800x450.jpg\" alt=\"\" width=\"800\" height=\"450\" srcset=\"https:\/\/smago.de\/ws2\/wp-content\/uploads\/2022\/08\/C00A2-800x450.jpg 800w, https:\/\/smago.de\/ws2\/wp-content\/uploads\/2022\/08\/C00A2-522x294.jpg 522w, https:\/\/smago.de\/ws2\/wp-content\/uploads\/2022\/08\/C00A2-267x150.jpg 267w, https:\/\/smago.de\/ws2\/wp-content\/uploads\/2022\/08\/C00A2-768x432.jpg 768w, https:\/\/smago.de\/ws2\/wp-content\/uploads\/2022\/08\/C00A2-392x221.jpg 392w, https:\/\/smago.de\/ws2\/wp-content\/uploads\/2022\/08\/C00A2-130x73.jpg 130w, https:\/\/smago.de\/ws2\/wp-content\/uploads\/2022\/08\/C00A2-791x445.jpg 791w, https:\/\/smago.de\/ws2\/wp-content\/uploads\/2022\/08\/C00A2-870x489.jpg 870w, https:\/\/smago.de\/ws2\/wp-content\/uploads\/2022\/08\/C00A2-292x164.jpg 292w, https:\/\/smago.de\/ws2\/wp-content\/uploads\/2022\/08\/C00A2-435x245.jpg 435w, https:\/\/smago.de\/ws2\/wp-content\/uploads\/2022\/08\/C00A2-895x503.jpg 895w, https:\/\/smago.de\/ws2\/wp-content\/uploads\/2022\/08\/C00A2.jpg 1280w\" sizes=\"(max-width: 800px) 100vw, 800px\" \/><figcaption id=\"caption-attachment-187891\" class=\"wp-caption-text\"><\/em> <em>Forsa Umfrage f\u00fcr die RTL+ Musik App<\/em><\/p>\n<p><em>Foto-Credit: RTL<\/em><\/p>\n<p><em>Bitte beachten Sie auch <strong><a href=\"http:\/\/www.tvnow.de\">RTL+<\/a><\/strong>!<\/em><\/figcaption><\/figure>\n<p>&nbsp;<\/p>\n<p>&nbsp;<\/p>\n<p>&nbsp;<\/p>\n<figure id=\"attachment_187892\" aria-describedby=\"caption-attachment-187892\" style=\"width: 800px\" class=\"wp-caption alignnone\"><img decoding=\"async\" loading=\"lazy\" class=\"size-large wp-image-187892\" src=\"https:\/\/smago.de\/ws2\/wp-content\/uploads\/2022\/08\/E7255-800x450.jpg\" alt=\"\" width=\"800\" height=\"450\" srcset=\"https:\/\/smago.de\/ws2\/wp-content\/uploads\/2022\/08\/E7255-800x450.jpg 800w, https:\/\/smago.de\/ws2\/wp-content\/uploads\/2022\/08\/E7255-522x294.jpg 522w, https:\/\/smago.de\/ws2\/wp-content\/uploads\/2022\/08\/E7255-267x150.jpg 267w, https:\/\/smago.de\/ws2\/wp-content\/uploads\/2022\/08\/E7255-768x432.jpg 768w, https:\/\/smago.de\/ws2\/wp-content\/uploads\/2022\/08\/E7255-392x221.jpg 392w, https:\/\/smago.de\/ws2\/wp-content\/uploads\/2022\/08\/E7255-130x73.jpg 130w, https:\/\/smago.de\/ws2\/wp-content\/uploads\/2022\/08\/E7255-791x445.jpg 791w, https:\/\/smago.de\/ws2\/wp-content\/uploads\/2022\/08\/E7255-870x489.jpg 870w, https:\/\/smago.de\/ws2\/wp-content\/uploads\/2022\/08\/E7255-292x164.jpg 292w, https:\/\/smago.de\/ws2\/wp-content\/uploads\/2022\/08\/E7255-435x245.jpg 435w, https:\/\/smago.de\/ws2\/wp-content\/uploads\/2022\/08\/E7255-895x503.jpg 895w, https:\/\/smago.de\/ws2\/wp-content\/uploads\/2022\/08\/E7255.jpg 1280w\" sizes=\"(max-width: 800px) 100vw, 800px\" \/><figcaption id=\"caption-attachment-187892\" class=\"wp-caption-text\"><\/em> <em>Forsa Umfrage f\u00fcr die RTL+ Musik App<\/em><\/p>\n<p><em>Foto-Credit: RTL<\/em><\/p>\n<p><em>Bitte beachten Sie auch <strong><a href=\"http:\/\/www.tvnow.de\">RTL+<\/a><\/strong>!<\/em><\/figcaption><\/figure>\n<p>&nbsp;<\/p>\n<p>&nbsp;<\/p>\n<p>&nbsp;<\/p>\n<p>&nbsp;<\/p>\n<p>&nbsp;<\/p>\n<figure id=\"attachment_187895\" aria-describedby=\"caption-attachment-187895\" style=\"width: 800px\" class=\"wp-caption alignnone\"><img decoding=\"async\" loading=\"lazy\" class=\"size-large wp-image-187895\" src=\"https:\/\/smago.de\/ws2\/wp-content\/uploads\/2022\/08\/8DB22-800x450.jpg\" alt=\"\" width=\"800\" height=\"450\" srcset=\"https:\/\/smago.de\/ws2\/wp-content\/uploads\/2022\/08\/8DB22-800x450.jpg 800w, https:\/\/smago.de\/ws2\/wp-content\/uploads\/2022\/08\/8DB22-522x294.jpg 522w, https:\/\/smago.de\/ws2\/wp-content\/uploads\/2022\/08\/8DB22-267x150.jpg 267w, https:\/\/smago.de\/ws2\/wp-content\/uploads\/2022\/08\/8DB22-768x432.jpg 768w, https:\/\/smago.de\/ws2\/wp-content\/uploads\/2022\/08\/8DB22-1536x864.jpg 1536w, https:\/\/smago.de\/ws2\/wp-content\/uploads\/2022\/08\/8DB22-392x221.jpg 392w, https:\/\/smago.de\/ws2\/wp-content\/uploads\/2022\/08\/8DB22-130x73.jpg 130w, https:\/\/smago.de\/ws2\/wp-content\/uploads\/2022\/08\/8DB22-791x445.jpg 791w, https:\/\/smago.de\/ws2\/wp-content\/uploads\/2022\/08\/8DB22-870x489.jpg 870w, https:\/\/smago.de\/ws2\/wp-content\/uploads\/2022\/08\/8DB22-292x164.jpg 292w, https:\/\/smago.de\/ws2\/wp-content\/uploads\/2022\/08\/8DB22-435x245.jpg 435w, https:\/\/smago.de\/ws2\/wp-content\/uploads\/2022\/08\/8DB22-895x503.jpg 895w, https:\/\/smago.de\/ws2\/wp-content\/uploads\/2022\/08\/8DB22.jpg 1920w\" sizes=\"(max-width: 800px) 100vw, 800px\" \/><figcaption id=\"caption-attachment-187895\" class=\"wp-caption-text\"><\/em> <em>Pressemotiv f\u00fcr die RTL+ Musik App<\/em><\/p>\n<p><em>Foto-Credit: RTL<\/em><\/p>\n<p><em>Bitte beachten Sie auch <strong><a href=\"http:\/\/www.tvnow.de\">RTL+<\/a><\/strong>!<\/em><\/figcaption><\/figure>\n<p>&nbsp;<\/p>\n<p>&nbsp;<\/p>\n<p>&nbsp;<\/p>\n<figure id=\"attachment_187890\" aria-describedby=\"caption-attachment-187890\" style=\"width: 800px\" class=\"wp-caption alignnone\"><img decoding=\"async\" loading=\"lazy\" class=\"size-large wp-image-187890\" src=\"https:\/\/smago.de\/ws2\/wp-content\/uploads\/2022\/08\/111A3-800x450.jpg\" alt=\"\" width=\"800\" height=\"450\" srcset=\"https:\/\/smago.de\/ws2\/wp-content\/uploads\/2022\/08\/111A3-800x450.jpg 800w, https:\/\/smago.de\/ws2\/wp-content\/uploads\/2022\/08\/111A3-522x294.jpg 522w, https:\/\/smago.de\/ws2\/wp-content\/uploads\/2022\/08\/111A3-267x150.jpg 267w, https:\/\/smago.de\/ws2\/wp-content\/uploads\/2022\/08\/111A3-768x432.jpg 768w, https:\/\/smago.de\/ws2\/wp-content\/uploads\/2022\/08\/111A3-1536x864.jpg 1536w, https:\/\/smago.de\/ws2\/wp-content\/uploads\/2022\/08\/111A3-2048x1152.jpg 2048w, https:\/\/smago.de\/ws2\/wp-content\/uploads\/2022\/08\/111A3-392x220.jpg 392w, https:\/\/smago.de\/ws2\/wp-content\/uploads\/2022\/08\/111A3-130x73.jpg 130w, https:\/\/smago.de\/ws2\/wp-content\/uploads\/2022\/08\/111A3-791x445.jpg 791w, https:\/\/smago.de\/ws2\/wp-content\/uploads\/2022\/08\/111A3-870x489.jpg 870w, https:\/\/smago.de\/ws2\/wp-content\/uploads\/2022\/08\/111A3-292x164.jpg 292w, https:\/\/smago.de\/ws2\/wp-content\/uploads\/2022\/08\/111A3-435x245.jpg 435w, https:\/\/smago.de\/ws2\/wp-content\/uploads\/2022\/08\/111A3-895x503.jpg 895w\" sizes=\"(max-width: 800px) 100vw, 800px\" \/><figcaption id=\"caption-attachment-187890\" class=\"wp-caption-text\"><\/em> <em>Pressemotiv f\u00fcr die RTL+ Musik App<\/em><\/p>\n<p><em>Foto-Credit: RTL<\/em><\/p>\n<p><em>Bitte beachten Sie auch <strong><a href=\"http:\/\/www.tvnow.de\">RTL+<\/a><\/strong>!<\/em><\/figcaption><\/figure>\n<p>&nbsp;<\/p>\n","protected":false},"excerpt":{"rendered":"<p>Video- und Musikangebot zum Einf\u00fchrungspreis von nur 9,99 Euro!<\/p>\n","protected":false},"author":2,"featured_media":187890,"comment_status":"open","ping_status":"closed","sticky":false,"template":"","format":"standard","meta":{"_FSMCFIC_featured_image_caption":"","_FSMCFIC_featured_image_nocaption":null,"_FSMCFIC_featured_image_hide":null},"categories":[33],"tags":[195],"acf":[],"_links":{"self":[{"href":"https:\/\/smago.de\/ws2\/wp-json\/wp\/v2\/posts\/187889"}],"collection":[{"href":"https:\/\/smago.de\/ws2\/wp-json\/wp\/v2\/posts"}],"about":[{"href":"https:\/\/smago.de\/ws2\/wp-json\/wp\/v2\/types\/post"}],"author":[{"embeddable":true,"href":"https:\/\/smago.de\/ws2\/wp-json\/wp\/v2\/users\/2"}],"replies":[{"embeddable":true,"href":"https:\/\/smago.de\/ws2\/wp-json\/wp\/v2\/comments?post=187889"}],"version-history":[{"count":4,"href":"https:\/\/smago.de\/ws2\/wp-json\/wp\/v2\/posts\/187889\/revisions"}],"predecessor-version":[{"id":187897,"href":"https:\/\/smago.de\/ws2\/wp-json\/wp\/v2\/posts\/187889\/revisions\/187897"}],"wp:featuredmedia":[{"embeddable":true,"href":"https:\/\/smago.de\/ws2\/wp-json\/wp\/v2\/media\/187890"}],"wp:attachment":[{"href":"https:\/\/smago.de\/ws2\/wp-json\/wp\/v2\/media?parent=187889"}],"wp:term":[{"taxonomy":"category","embeddable":true,"href":"https:\/\/smago.de\/ws2\/wp-json\/wp\/v2\/categories?post=187889"},{"taxonomy":"post_tag","embeddable":true,"href":"https:\/\/smago.de\/ws2\/wp-json\/wp\/v2\/tags?post=187889"}],"curies":[{"name":"wp","href":"https:\/\/api.w.org\/{rel}","templated":true}]}}