{"id":187671,"date":"2022-08-12T23:59:54","date_gmt":"2022-08-12T21:59:54","guid":{"rendered":"https:\/\/smago.de\/ws2\/?p=187671"},"modified":"2022-08-12T16:10:51","modified_gmt":"2022-08-12T14:10:51","slug":"luca-haenni-u-a-heute-13-08-2022-gefragt-gejagt","status":"publish","type":"post","link":"https:\/\/smago.de\/ws2\/pop\/luca-haenni-u-a-heute-13-08-2022-gefragt-gejagt\/","title":{"rendered":"LUCA H\u00c4NNI u.a. <br>Heute, 13.08.2022: &#8222;Gefragt &#8211; Gejagt&#8220;!"},"content":{"rendered":"<p>&#8222;Quiz-Marathon mit Alexander Bommes&#8220; &#8212; Das Erste \/ ARD, 20:15 Uhr &#8211; 23:25 Uhr!<br \/>\n<!--more--><\/p>\n<p>&nbsp;<\/p>\n<p style=\"text-align: justify;\">\n<p style=\"text-align: justify;\">Am Samstag, 13. August 2022, gilt es, ein Jubil\u00e4um zu feiern: Zehn Jahre \u201eGefragt \u2013 Gejagt\u201c. Die Zuschauerinnen und Zuschauer werden wissen, dass ohne Spiel und Spa\u00df nicht gefeiert wird. Darum hei\u00dft es auch in diesem Jahr wieder: \u201eDie Jagd beginnt\u201c f\u00fcr 16 prominente G\u00e4ste. Auch auf die eine oder andere \u00dcberraschung k\u00f6nnen sich die Quiz-Fans freuen.<\/p>\n<p style=\"text-align: justify;\">Erneut trauen sich vier Teams mit jeweils vier Kandidaten, zur besten Sendezeit gegen die m\u00e4chtige Quizelite von \u201eGefragt &#8211; Gejagt\u201c anzutreten. Die Kandidatinnen und Kandidaten der ersten Staffel sind auch dabei: Vier prominente G\u00e4ste, die in der ersten Promi-Ausgabe gequizzt haben, fordern die J\u00e4ger erneut heraus.<\/p>\n<p style=\"text-align: justify;\">In der 190-min\u00fctigen Samstagabend-Show wollen sie ihr Wissen testen und m\u00f6glichst viel Geld f\u00fcr einen guten Zweck erspielen. Moderator Alexander Bommes wird den G\u00e4sten im Angesicht der \u00dcbermacht der Quizelite zur Seite stehen: \u201eWas gibt es Sch\u00f6neres als die Jagd am Samstagabend? Wir freuen uns auf hochmotivierte Deb\u00fctantinnen und Deb\u00fctanten, die stark abliefern wollen, sowie auf Promis, die auf Revanche brennen. Die Herausforderung ist enorm, denn gereifte J\u00e4ger mit der Erfahrung der vergangen zehn Jahre stehen ihnen gnadenlos im Weg. Ich bin sicher, das wird eine sch\u00f6ne und spannende Jubil\u00e4umssendung!\u201c<\/p>\n<p style=\"text-align: justify;\">Zum zehnj\u00e4hrigen Jubil\u00e4um sind unter anderem zu Gast: die Schauspielerinnen Natalia W\u00f6rner, Esther Schweins, Eva Habermann und der Schauspieler Heiner Lauterbach sowie Entertainerin Gayle Tufts. Au\u00dferdem dabei sind Schauspielerin Barbara Wussow, Comedian Atze Schr\u00f6der und der S\u00e4nger Luca H\u00e4nni. F\u00fcr den sportlichen Ehrgeiz sorgt unter anderem Leichtathlet Mathias Mester.<\/p>\n<p style=\"text-align: justify;\">Ob \u201eBesserwisser\u201c Sebastian Klussmann, \u201eQuizdoktor\u201c Dr. Thomas Kinne, \u201eBibliothekar\u201c Klaus Otto Nargorsnik, \u201eQuizvulkan\u201c Manuel Hobiger, die \u201eGeneralistin\u201c Adriane Rickel oder der \u201eQuizgott\u201c Sebastian Jacoby die Prominenten hindern k\u00f6nnen, zeigt sich &#8211; wie immer &#8211; in der Show.<\/p>\n<p style=\"text-align: justify;\">Vier Kandidaten m\u00fcssen in Einzelrunden eine Minute lang Fragen gegen die Uhr beantworten. Pro richtige Antwort wird ihnen Geld gutgeschrieben. In Einzelduellen gegen den &#8222;J\u00e4ger&#8220; m\u00fcssen sie dann ihr Geld verteidigen. Werden sie dabei von ihm eingeholt, scheiden sie aus. Wenn die Kandidaten aber gegen den &#8222;J\u00e4ger&#8220; gewinnen, retten sie sich und ihr Geld ins Finale.<\/p>\n<p style=\"text-align: justify;\">Zur Jubil\u00e4umssendung gratuliert auch Andreas Gerling, verantwortlich f\u00fcr Show, Musik und Quiz beim NDR: \u201eQuiz ist das \u00e4lteste Unterhaltungsgenre im Fernsehen. \u201aGefragt \u2013 Gejagt\u2018, das schnellste Spiel Deutschlands, hat Quiz auf ein neues Level gehoben. Danke an das ganze Team, an Alexander Bommes, der die Position des Quizmasters ganz neu definiert hat, an unsere unvergleichlichen J\u00e4ger und unsere J\u00e4gerin, mit ihrem immer wieder unglaublichen Wissen \u2013 und nat\u00fcrlich an unser Publikum, das seit zehn Jahren \u00fcber alle Generationen hinweg immer gr\u00f6\u00dfer wird.\u201c<\/p>\n<p style=\"text-align: justify;\">Die beliebte Quizshow startete bereits am 20. Juni erfolgreich in die Jubil\u00e4umsstaffel und l\u00e4uft seither wieder wochentags um 18.00 Uhr im Ersten. \u201eGefragt &#8211; Gejagt&#8220; ist eine Produktion der ITV Studios Germany im Auftrag der ARD Media f\u00fcr Das Erste. Die Redaktion liegt beim Norddeutschen Rundfunk (NDR).<\/p>\n<p>&nbsp;<\/p>\n<figure id=\"attachment_187672\" aria-describedby=\"caption-attachment-187672\" style=\"width: 800px\" class=\"wp-caption alignnone\"><img decoding=\"async\" loading=\"lazy\" class=\"size-large wp-image-187672\" src=\"https:\/\/smago.de\/ws2\/wp-content\/uploads\/2022\/08\/41_Gefragt_Gejagt_Jubilaeum_10_Jahre-800x448.jpg\" alt=\"\" width=\"800\" height=\"448\" srcset=\"https:\/\/smago.de\/ws2\/wp-content\/uploads\/2022\/08\/41_Gefragt_Gejagt_Jubilaeum_10_Jahre-800x448.jpg 800w, https:\/\/smago.de\/ws2\/wp-content\/uploads\/2022\/08\/41_Gefragt_Gejagt_Jubilaeum_10_Jahre-522x292.jpg 522w, https:\/\/smago.de\/ws2\/wp-content\/uploads\/2022\/08\/41_Gefragt_Gejagt_Jubilaeum_10_Jahre-268x150.jpg 268w, https:\/\/smago.de\/ws2\/wp-content\/uploads\/2022\/08\/41_Gefragt_Gejagt_Jubilaeum_10_Jahre-768x430.jpg 768w, https:\/\/smago.de\/ws2\/wp-content\/uploads\/2022\/08\/41_Gefragt_Gejagt_Jubilaeum_10_Jahre-1536x860.jpg 1536w, https:\/\/smago.de\/ws2\/wp-content\/uploads\/2022\/08\/41_Gefragt_Gejagt_Jubilaeum_10_Jahre-2048x1147.jpg 2048w, https:\/\/smago.de\/ws2\/wp-content\/uploads\/2022\/08\/41_Gefragt_Gejagt_Jubilaeum_10_Jahre-392x220.jpg 392w, https:\/\/smago.de\/ws2\/wp-content\/uploads\/2022\/08\/41_Gefragt_Gejagt_Jubilaeum_10_Jahre-130x73.jpg 130w, https:\/\/smago.de\/ws2\/wp-content\/uploads\/2022\/08\/41_Gefragt_Gejagt_Jubilaeum_10_Jahre-794x445.jpg 794w, https:\/\/smago.de\/ws2\/wp-content\/uploads\/2022\/08\/41_Gefragt_Gejagt_Jubilaeum_10_Jahre-870x487.jpg 870w, https:\/\/smago.de\/ws2\/wp-content\/uploads\/2022\/08\/41_Gefragt_Gejagt_Jubilaeum_10_Jahre-292x164.jpg 292w, https:\/\/smago.de\/ws2\/wp-content\/uploads\/2022\/08\/41_Gefragt_Gejagt_Jubilaeum_10_Jahre-435x244.jpg 435w\" sizes=\"(max-width: 800px) 100vw, 800px\" \/><figcaption id=\"caption-attachment-187672\" class=\"wp-caption-text\"><em>Moderator Alexander Bommes und Luca H\u00e4nni (v.l.n.r.)<\/em><\/p>\n<p><em>\u00a9 NDR \/ Uwe Ernst<\/em><\/figcaption><\/figure>\n","protected":false},"excerpt":{"rendered":"<p>&#8222;Quiz-Marathon mit Alexander Bommes&#8220; &#8212; Das Erste \/ ARD, 20:15 Uhr &#8211; 23:25 Uhr!<\/p>\n","protected":false},"author":2,"featured_media":187672,"comment_status":"open","ping_status":"closed","sticky":false,"template":"","format":"standard","meta":{"_FSMCFIC_featured_image_caption":"","_FSMCFIC_featured_image_nocaption":null,"_FSMCFIC_featured_image_hide":null},"categories":[27,28,128],"tags":[415],"acf":[],"_links":{"self":[{"href":"https:\/\/smago.de\/ws2\/wp-json\/wp\/v2\/posts\/187671"}],"collection":[{"href":"https:\/\/smago.de\/ws2\/wp-json\/wp\/v2\/posts"}],"about":[{"href":"https:\/\/smago.de\/ws2\/wp-json\/wp\/v2\/types\/post"}],"author":[{"embeddable":true,"href":"https:\/\/smago.de\/ws2\/wp-json\/wp\/v2\/users\/2"}],"replies":[{"embeddable":true,"href":"https:\/\/smago.de\/ws2\/wp-json\/wp\/v2\/comments?post=187671"}],"version-history":[{"count":3,"href":"https:\/\/smago.de\/ws2\/wp-json\/wp\/v2\/posts\/187671\/revisions"}],"predecessor-version":[{"id":187675,"href":"https:\/\/smago.de\/ws2\/wp-json\/wp\/v2\/posts\/187671\/revisions\/187675"}],"wp:featuredmedia":[{"embeddable":true,"href":"https:\/\/smago.de\/ws2\/wp-json\/wp\/v2\/media\/187672"}],"wp:attachment":[{"href":"https:\/\/smago.de\/ws2\/wp-json\/wp\/v2\/media?parent=187671"}],"wp:term":[{"taxonomy":"category","embeddable":true,"href":"https:\/\/smago.de\/ws2\/wp-json\/wp\/v2\/categories?post=187671"},{"taxonomy":"post_tag","embeddable":true,"href":"https:\/\/smago.de\/ws2\/wp-json\/wp\/v2\/tags?post=187671"}],"curies":[{"name":"wp","href":"https:\/\/api.w.org\/{rel}","templated":true}]}}