{"id":187589,"date":"2022-08-11T23:59:22","date_gmt":"2022-08-11T21:59:22","guid":{"rendered":"https:\/\/smago.de\/ws2\/?p=187589"},"modified":"2022-08-11T06:25:47","modified_gmt":"2022-08-11T04:25:47","slug":"matze-knop-hera-lind-u-a-fr-12-08-2022-in-der-talk-show-koelner-treff-zu-gast","status":"publish","type":"post","link":"https:\/\/smago.de\/ws2\/nonsens\/matze-knop-hera-lind-u-a-fr-12-08-2022-in-der-talk-show-koelner-treff-zu-gast\/","title":{"rendered":"MATZE KNOP, HERA LIND u.a. <br>Fr. (12.08.2022) in der Talk-Show &#8222;K\u00f6lner Treff&#8220; zu Gast!"},"content":{"rendered":"<p>WDR Fernsehen, 22:00 Uhr &#8211; 23:30 Uhr (1. Wh. in der Nacht auf 13.08., 00:15 Uhr &#8211; 01:45 Uhr; 2. Wh.: 14.08., 10:20 Uhr &#8211; 11:50 Uhr)! Moderation: Bettina B\u00f6ttinger!<br \/>\n<!--more--><\/p>\n<p>&nbsp;<\/p>\n<p>&nbsp;<\/p>\n<p>&nbsp;<\/p>\n<p style=\"text-align: justify;\">Im K\u00f6lner Treff zu Gast bei Bettina B\u00f6ttinger sind diesmal:<\/p>\n<p>&nbsp;<\/p>\n<p>&nbsp;<\/p>\n<ul style=\"text-align: justify;\">\n<li>Alexandra Popp, Fu\u00dfballspielerin<\/li>\n<li>Matze Knop, Comedian<\/li>\n<li>Jella Haase und Dimitrij Schaad, Schauspieler*innen<\/li>\n<li>J\u00fcrgen Becker, Kabarettist<\/li>\n<li>Neven Suboti\u0107, Fu\u00dfballspieler<\/li>\n<li>Nadine Breaty, TikTok-Star<\/li>\n<li>Hera Lind, Schriftstellerin<\/li>\n<\/ul>\n<p>&nbsp;<\/p>\n<p>&nbsp;<\/p>\n<p>&nbsp;<\/p>\n<p>&nbsp;<\/p>\n<p><strong>Alexandra Popp<\/strong><\/p>\n<p>&nbsp;<\/p>\n<p style=\"text-align: justify;\">Es war ein Sommerm\u00e4rchen. 18 Millionen Menschen sa\u00dfen beim Endspiel der Frauen-EM Deutschland gegen England vor dem Fernseher. Eine, die ma\u00dfgeblich an diesem M\u00e4rchen mitgeschrieben hat, ist die St\u00fcrmerin der Nationelf Alexandra Popp, liebevoll Poppi genannt. Wir freuen uns, dass diese humorvolle, talentierte Ausnahmespielerin sich auf den Weg zu uns macht. Wir haben so viele Fragen und k\u00f6nnen es kaum erwarten: Herzlich Willkommen, Alexandra Popp!<\/p>\n<p>&nbsp;<\/p>\n<p>&nbsp;<\/p>\n<p>&nbsp;<\/p>\n<p>&nbsp;<\/p>\n<p><strong>Matze Knop<\/strong><\/p>\n<p>&nbsp;<\/p>\n<p style=\"text-align: justify;\">Er hat die Coronazeit genutzt, die Leerstellen in seinem Leben aufzuarbeiten und diese in sein neues Programm &#8222;Mut zur L\u00fccke&#8220; einzubauen. Im Fokus steht dabei seine Zahnl\u00fccke, unter der er als Kind sehr gelitten hat. Heute ist sie sein Markenzeichen und gl\u00e4nzt in so mancher Promi-Parodie. Denn ob Klopp, Beckenbauer oder Matth\u00e4us, er kann sie alle. Der ehemalige &#8222;Supa-Richie&#8220; hat den Weg zur\u00fcck zur Schlagerb\u00fchne gefunden und setzt dem begehrten Speise\u00f6l ein musikalisches Denkmal, denn so Matze Knop &#8222;Speise\u00f6l ist das neue Klopapier&#8220;.<\/p>\n<p>&nbsp;<\/p>\n<p>&nbsp;<\/p>\n<p>&nbsp;<\/p>\n<p>&nbsp;<\/p>\n<p><strong>Jella Haase und Dimitrij Schaad<\/strong><\/p>\n<p>&nbsp;<\/p>\n<p style=\"text-align: justify;\">Was macht man, wenn man hintergangen wurde und alles verloren hat? Die Schauspieler*innen setzen sich mit dieser Frage auseinander. Jella Haase wurde 2013 durch ihre Rolle der Sch\u00fclerin Chantal in &#8222;Fack ju G\u00f6hte&#8220; bekannt, in ihrer neuen Serie &#8222;Kleo&#8220; spielt sie eine DDR-Killerin. Privat hat sie keine Rachegel\u00fcste &#8211; sie ist eher &#8222;hippiem\u00e4\u00dfig&#8220; aufgewachsen und lernte fr\u00fch, dass es in Ordnung ist zu scheitern. Dimitrij Schaad kam als 8-j\u00e4hriger aus Kasachstan nach Deutschland. Die Lebensumst\u00e4nde waren zwar unterschiedlich, eine Faszination f\u00fcr Film und Theater entwickelten aber beide und freuen sich jetzt \u00fcber ihre Zusammenarbeit.<\/p>\n<p>&nbsp;<\/p>\n<p>&nbsp;<\/p>\n<p>&nbsp;<\/p>\n<p>&nbsp;<\/p>\n<p><strong>J\u00fcrgen Becker<\/strong><\/p>\n<p>&nbsp;<\/p>\n<p style=\"text-align: justify;\">Er moderierte fast 30 Jahre die &#8222;Mitternachtsspitzen&#8220; im WDR, wurde vielfach ausgezeichnet und ist einer der bekanntesten Kabarettisten. Aktuell besch\u00e4ftigen ihn das Thema Zukunft und die damit verbundenen Sorgen vieler Menschen. Fr\u00fcher haben sich alle auf die Zukunft gefreut. Die konnte man planen: Im Sommer war es zwei Wochen sch\u00f6n, Erk\u00e4ltungen dauerten sieben Tage und rechts von der CDU gab es nur die CSU. Aber jetzt? Er zeigt uns &#8211; wie immer mit Zahlen, Fakten und viel Humor &#8211; dass fr\u00fcher auch nicht alles Gold war und dass die Zukunft sch\u00f6ner wird, wenn wir \u00fcber sie lachen.<\/p>\n<p>&nbsp;<\/p>\n<p>&nbsp;<\/p>\n<p>&nbsp;<\/p>\n<p>&nbsp;<\/p>\n<p><strong>Neven Suboti\u0107<\/strong><\/p>\n<p>&nbsp;<\/p>\n<p style=\"text-align: justify;\">Der ehemalige Borussia Dortmund Profi fl\u00fcchtete als kleiner Junge vor dem Jugoslawien-Krieg nach Deutschland, musste trotz vorbildlicher Integration das Land wieder verlassen. Als 17-j\u00e4hriger kehrte er zur\u00fcck und wurde bei Borussia Dortmund zum Fu\u00dfballstar. Auf dem H\u00f6hepunkt seiner Karriere beschloss er, seine Energie und einen gro\u00dfen Teil seines Geldes denen zu widmen, denen es weniger gut geht als ihm. Er gr\u00fcndete eine Stiftung und setzt sich daf\u00fcr ein, Menschen in \u00e4rmeren Regionen der Welt den Zugang zu sauberem Wasser zu sichern.<\/p>\n<p>&nbsp;<\/p>\n<p>&nbsp;<\/p>\n<p>&nbsp;<\/p>\n<p>&nbsp;<\/p>\n<p><strong>Nadine Breaty<\/strong><\/p>\n<p>&nbsp;<\/p>\n<p style=\"text-align: justify;\">Sie hat 9,4 Millionen Follower bei TikTok weltweit und ist die erfolgreichste Deutsche in dem Social-Media-Portal. Dabei hatte sie es nicht immer leicht: sie ist mit Piebaldismus, einer Genmutation, auf die Welt gekommen, die wei\u00dfe Haarstr\u00e4hnen und Hautirritationen verursacht. Zudem liegt bei ihr eine Borderline-Erkrankung vor, die bei ihr zu pl\u00f6tzlich auftretenden Wutattacken und schweren depressiven Phasen f\u00fchrte. Drei Monate verbrachte sie in der Psychatrie und sagt heute, das sei die sch\u00f6nste Zeit ihres Lebens gewesen. Inzwischen nutzt sie ihre Reichweite , um gegen Hass und Mobbing einzutreten und daf\u00fcr, mentale Gesundheit als Schulfach einzuf\u00fchren.<\/p>\n<p>&nbsp;<\/p>\n<p>&nbsp;<\/p>\n<p>&nbsp;<\/p>\n<p>&nbsp;<\/p>\n<p><strong>Hera Lind<\/strong><\/p>\n<p>&nbsp;<\/p>\n<p style=\"text-align: justify;\">Mittlerweile bekommt die Bestseller-Autorin so viele Lebensgeschichten von Menschen zugesandt, dass sie selbst kaum mehr zum Lesen von B\u00fcchern kommt. Zeit zum Schreiben findet Hera Lind offenbar aber immer noch genug. Wir erfahren, warum sie sich auf das Aufschreiben von Geschichten anderer Menschen konzentriert, was die Mutter von vier Kindern daran so ber\u00fchrt, dass sie &#8222;eigene&#8220; Buchideen zur\u00fcckstellt.<\/p>\n<p>&nbsp;<\/p>\n<p>&nbsp;<\/p>\n<p>&nbsp;<\/p>\n<p>&nbsp;<\/p>\n<p style=\"text-align: justify;\"><strong>Bettina B\u00f6ttinger pr\u00e4sentiert die Talkrunde im WDR-Fernsehen. Prominente G\u00e4ste und Menschen, die nicht tagt\u00e4glich im Rampenlicht stehen, aber eine au\u00dfergew\u00f6hnliche und bewegende Lebensgeschichte haben, treffen sich hier zum Talk. Im Mittelpunkt der Sendung steht zwar der &#8222;Talk&#8220;: journalistisch, informativ, zuweilen auch kontrovers. Aber auch die ein oder andere kleine &#8222;Show&#8220; hat ihren Platz.<\/strong><\/p>\n<p>&nbsp;<\/p>\n<p>&nbsp;<\/p>\n<p>&nbsp;<\/p>\n<figure id=\"attachment_187590\" aria-describedby=\"caption-attachment-187590\" style=\"width: 800px\" class=\"wp-caption alignnone\"><img decoding=\"async\" loading=\"lazy\" class=\"size-large wp-image-187590\" src=\"https:\/\/smago.de\/ws2\/wp-content\/uploads\/2022\/08\/1_Koelner_Treff_PW3022-800x528.jpg\" alt=\"\" width=\"800\" height=\"528\" srcset=\"https:\/\/smago.de\/ws2\/wp-content\/uploads\/2022\/08\/1_Koelner_Treff_PW3022-800x528.jpg 800w, https:\/\/smago.de\/ws2\/wp-content\/uploads\/2022\/08\/1_Koelner_Treff_PW3022-522x345.jpg 522w, https:\/\/smago.de\/ws2\/wp-content\/uploads\/2022\/08\/1_Koelner_Treff_PW3022-227x150.jpg 227w, https:\/\/smago.de\/ws2\/wp-content\/uploads\/2022\/08\/1_Koelner_Treff_PW3022-768x507.jpg 768w, https:\/\/smago.de\/ws2\/wp-content\/uploads\/2022\/08\/1_Koelner_Treff_PW3022-1536x1014.jpg 1536w, https:\/\/smago.de\/ws2\/wp-content\/uploads\/2022\/08\/1_Koelner_Treff_PW3022-2048x1352.jpg 2048w, https:\/\/smago.de\/ws2\/wp-content\/uploads\/2022\/08\/1_Koelner_Treff_PW3022-392x259.jpg 392w, https:\/\/smago.de\/ws2\/wp-content\/uploads\/2022\/08\/1_Koelner_Treff_PW3022-130x86.jpg 130w, https:\/\/smago.de\/ws2\/wp-content\/uploads\/2022\/08\/1_Koelner_Treff_PW3022-674x445.jpg 674w, https:\/\/smago.de\/ws2\/wp-content\/uploads\/2022\/08\/1_Koelner_Treff_PW3022-791x522.jpg 791w, https:\/\/smago.de\/ws2\/wp-content\/uploads\/2022\/08\/1_Koelner_Treff_PW3022-288x190.jpg 288w, https:\/\/smago.de\/ws2\/wp-content\/uploads\/2022\/08\/1_Koelner_Treff_PW3022-435x287.jpg 435w, https:\/\/smago.de\/ws2\/wp-content\/uploads\/2022\/08\/1_Koelner_Treff_PW3022-150x100.jpg 150w\" sizes=\"(max-width: 800px) 100vw, 800px\" \/><figcaption id=\"caption-attachment-187590\" class=\"wp-caption-text\"><em>\u00a9 WDR \/ Melanie Grande<\/em><\/figcaption><\/figure>\n","protected":false},"excerpt":{"rendered":"<p>WDR Fernsehen, 22:00 Uhr &#8211; 23:30 Uhr (1. Wh. in der Nacht auf 13.08., 00:15 Uhr &#8211; 01:45 Uhr; 2.<\/p>\n","protected":false},"author":2,"featured_media":187590,"comment_status":"open","ping_status":"closed","sticky":false,"template":"","format":"standard","meta":{"_FSMCFIC_featured_image_caption":"","_FSMCFIC_featured_image_nocaption":null,"_FSMCFIC_featured_image_hide":null},"categories":[23,29,128],"tags":[129],"acf":[],"_links":{"self":[{"href":"https:\/\/smago.de\/ws2\/wp-json\/wp\/v2\/posts\/187589"}],"collection":[{"href":"https:\/\/smago.de\/ws2\/wp-json\/wp\/v2\/posts"}],"about":[{"href":"https:\/\/smago.de\/ws2\/wp-json\/wp\/v2\/types\/post"}],"author":[{"embeddable":true,"href":"https:\/\/smago.de\/ws2\/wp-json\/wp\/v2\/users\/2"}],"replies":[{"embeddable":true,"href":"https:\/\/smago.de\/ws2\/wp-json\/wp\/v2\/comments?post=187589"}],"version-history":[{"count":2,"href":"https:\/\/smago.de\/ws2\/wp-json\/wp\/v2\/posts\/187589\/revisions"}],"predecessor-version":[{"id":187592,"href":"https:\/\/smago.de\/ws2\/wp-json\/wp\/v2\/posts\/187589\/revisions\/187592"}],"wp:featuredmedia":[{"embeddable":true,"href":"https:\/\/smago.de\/ws2\/wp-json\/wp\/v2\/media\/187590"}],"wp:attachment":[{"href":"https:\/\/smago.de\/ws2\/wp-json\/wp\/v2\/media?parent=187589"}],"wp:term":[{"taxonomy":"category","embeddable":true,"href":"https:\/\/smago.de\/ws2\/wp-json\/wp\/v2\/categories?post=187589"},{"taxonomy":"post_tag","embeddable":true,"href":"https:\/\/smago.de\/ws2\/wp-json\/wp\/v2\/tags?post=187589"}],"curies":[{"name":"wp","href":"https:\/\/api.w.org\/{rel}","templated":true}]}}