{"id":187584,"date":"2022-08-11T23:59:42","date_gmt":"2022-08-11T21:59:42","guid":{"rendered":"https:\/\/smago.de\/ws2\/?p=187584"},"modified":"2022-08-11T06:14:05","modified_gmt":"2022-08-11T04:14:05","slug":"deine-freunde-u-a-fr-12-08-2022-in-der-ndr-talk-show-zu-gast","status":"publish","type":"post","link":"https:\/\/smago.de\/ws2\/kinderprogramm\/deine-freunde-u-a-fr-12-08-2022-in-der-ndr-talk-show-zu-gast\/","title":{"rendered":"DEINE FREUNDE u.a. <br>Fr. (12.08.2022) in der &#8222;NDR Talk Show&#8220; zu Gast!"},"content":{"rendered":"<p>NDR fernsehen + hr fernsehen, 22:00 Uhr &#8211; 00:00 Uhr! Moderation: Bettina Tietjen und Hubertus Meyer-Burckhardt!<br \/>\n<!--more--><\/p>\n<p style=\"text-align: justify;\">\n<p>&nbsp;<\/p>\n<p style=\"text-align: justify;\">Bettina Tietjen und Hubertus Meyer-Burckhardt begr\u00fc\u00dfen in der&#8220;NDR Talk Show&#8220; aus Hamburg folgende Talkg\u00e4ste:<\/p>\n<p>&nbsp;<\/p>\n<p>&nbsp;<\/p>\n<p>&nbsp;<\/p>\n<p>&nbsp;<\/p>\n<p style=\"text-align: justify;\"><strong>Rainer Sass, Fernsehkoch<\/strong><\/p>\n<p>&nbsp;<\/p>\n<p style=\"text-align: justify;\">Man nehme: eine Portion gute Ideen, eine Prise flottes Mundwerk und jede Menge Humor, heraus kommt NDR Spitzenkoch Rainer Sass. Das Original aus dem Norden ist Fernsehkoch der ersten Stunde und l\u00e4sst den NDR Zuschauerinnen und Zuschauern mit seinen Rezepten seit \u00fcber 30 Jahren das Wasser im Mund zusammenlaufen. Der gelernte Versicherungskaufmann machte einst sein Hobby zum Beruf und wurde mit Sendungen wie &#8222;DAS! schmeckt!&#8220;, &#8222;Rainer Sass Kochshow&#8220; oder &#8222;So isst der Norden&#8220; popul\u00e4r. In seinem neusten Kochbuch widmet er sich seiner heimlichen Leidenschaft: der Pasta. Was den Norden mit Neapel verbindet, erz\u00e4hlt der geb\u00fcrtige Stader in der &#8222;NDR Talk Show&#8220;.<\/p>\n<p>&nbsp;<\/p>\n<p>&nbsp;<\/p>\n<p>&nbsp;<\/p>\n<p>&nbsp;<\/p>\n<p style=\"text-align: justify;\"><strong>Dietmar B\u00e4r, Schauspieler<\/strong><\/p>\n<p>&nbsp;<\/p>\n<p style=\"text-align: justify;\">Normalerweise hat er es mit Mord und Totschlag zu tun, nun rezitiert er Rainer Maria Rilke. Der beliebte K\u00f6lner &#8222;Tatort&#8220;- Kommissar Dietmar B\u00e4r ist Teil des Rilke-Projekts, das unter dem Titel &#8222;Das ist die Sehnsucht&#8220; ab September auf Tour geht. Hier huldigen seit 2001 prominente Schauspielerinnen und Schauspieler, Musikerinnen und Musiker den Dichter in Klang und Wort. Dietmar B\u00e4r, der ehemalige Punkrocker und Borussia-Dortmund-Fan, qualifizierte sich Mitte der 1980er- Jahre durch seine Rolle als Hooligan im &#8222;Schimanski&#8220;-Krimi f\u00fcr den K\u00f6lner &#8222;Tatort&#8220;. Im Jahr 1997 \u00fcbernahm er den begehrten &#8222;Arbeitsplatz&#8220; f\u00fcr Schauspieler*innen und lockt seitdem zusammen mit Filmpartner Klaus J. Behrendt regelm\u00e4\u00dfig ein Millionenpublikum vor den Fernseher. Was ihn mit dem Lyriker Rilke verbindet und wonach er manchmal Sehnsucht hat, erz\u00e4hlt Dietmar B\u00e4r in der &#8222;NDR Talk Show&#8220;.<\/p>\n<p>&nbsp;<\/p>\n<p>&nbsp;<\/p>\n<p>&nbsp;<\/p>\n<p>&nbsp;<\/p>\n<p style=\"text-align: justify;\"><strong>Almila Bagriacik, Schauspielerin<\/strong><\/p>\n<p>&nbsp;<\/p>\n<p style=\"text-align: justify;\">Diese Frau scheut keine heiklen Themen: Almila Bagriacik spielt in Filmen \u00fcber den NSU (Nationalsozialistischer Untergrund), Clans und Ehrenmorde und ist zudem seit 2018 die Kieler &#8222;Tatort&#8220;-Kommissarin Mila Sahin an der Seite von Axel Milberg. 1990 wurde sie in Ankara geboren, f\u00fcnf Jahre sp\u00e4ter zogen ihre Eltern, die als Korrespondenten arbeiten, mit ihr nach Berlin. Als 18-J\u00e4hrige wurde sie einem Club entdeckt und hat seitdem sowohl die wichtigsten Preise als auch die gr\u00f6\u00dften Rollen auf ihrer Visitenkarte stehen. In der Kinokom\u00f6die &#8222;Jagdsaison&#8220; zeigt sie eine ganz andere Seite von sich: Als Teil eines Frauentrios erlebt sie einen au\u00dfergew\u00f6hnlichen Wochenendtrip an die Ostsee, bei dem statt Wellnessanwendungen pl\u00f6tzlich Katastrophen das Programm bestimmen.<\/p>\n<p>&nbsp;<\/p>\n<p>&nbsp;<\/p>\n<p>&nbsp;<\/p>\n<p>&nbsp;<\/p>\n<p style=\"text-align: justify;\"><strong>Deine Freunde, Band<\/strong><\/p>\n<p>&nbsp;<\/p>\n<p style=\"text-align: justify;\">Gibt es eine Musik, die generations\u00fcbergreifend unpeinlich ist und von der man auch auf Autofahrten keinen Tinnitus bekommt? Ja, es gibt sie und gemacht wird sie von der Band Deine Freunde. Sie besteht aus den drei Hamburger Musikern Lukas Nimscheck, Markus Pauli und Florian Sump, die bereits ihr zehntes Bandjubil\u00e4um feiern. Zu besten Hip-Hop-Beats rappen sie Texte in denen W\u00f6rter wie &#8222;Fang mich doch, du Eierloch&#8220;, &#8222;menno&#8220;, &#8222;baby-eier-leicht&#8220; fallen. Damit bieten sie Kindern im Kita- und Grundschulalter einen passenden Soundtrack f\u00fcr ihren Alltag. In der &#8222;NDR Talk Show&#8220; werden sie berichten, wie ihnen bei ihren Songs der Spagat zwischen Erwachsenen und Kindern immer wieder gelingt.<\/p>\n<p>&nbsp;<\/p>\n<p>&nbsp;<\/p>\n<p>&nbsp;<\/p>\n<p>&nbsp;<\/p>\n<p style=\"text-align: justify;\"><strong>Katja Suding, Autorin, ehemalige Politikerin<\/strong><\/p>\n<p>&nbsp;<\/p>\n<p style=\"text-align: justify;\">Katja Suding ist eine Frau, die es ganz an die Spitze in der Politik geschafft hat. Sie hat zwei B\u00fcrgerschaftswahlen als Kandidatin der FDP in Hamburg gewonnen, zog in den Deutschen Bundestag ein, wurde dort stellvertretende Fraktionschefin und eroberte h\u00f6chste Partei\u00e4mter. 2021 beendete Katja Suding, eines der bekanntesten Gesichter der FDP, ihre politische Laufbahn. Der Grund: zehn Jahre Politikgesch\u00e4ft hatten sie von sich selbst entfremdet. Mittlerweile hat sie den Weg zu sich wieder gefunden, ein Buch dar\u00fcber geschrieben und erz\u00e4hlt in der &#8222;NDR Talk Show&#8220;, welche Spuren die Zeit in der Topetage der Politik hinterlassen haben. Aber vor allem, wie das Leben f\u00fcr sie in Zukunft weitergeht.<\/p>\n<p>&nbsp;<\/p>\n<p>&nbsp;<\/p>\n<p>&nbsp;<\/p>\n<p>&nbsp;<\/p>\n<p style=\"text-align: justify;\"><strong>Matthias Behr und Zita Funkenhauser, Olympiasieger-Paar im Fechten<\/strong><\/p>\n<p>&nbsp;<\/p>\n<p style=\"text-align: justify;\">Am 19. Juli 1982 erlebte der Fechter Matthias Behr ein Ungl\u00fcck, das ihn jahrzehntelang verfolgen sollte: Bei einem Wettkampf brach die Spitze seines Floretts und verletzt seinen Gegner Wladimir Smirnow t\u00f6dlich. Matthias Behr war am Boden zerst\u00f6rt, erkrankte sp\u00e4ter an Depressionen. 2022 konnte er endlich seinen Frieden finden: Mit seiner Frau Zita Funkenhauser, die ebenfalls Fecht-Olympiasiegerin ist, hat er Smirnows Witwe, deren Enkel sowie den alleinerziehenden Witwer ihrer Tochter nach ihrer Flucht aus der Ukraine bei sich im heimischen Tauberbischofsheim aufgenommen. Wie die Trag\u00f6die von 1982 das Leben des Paares beeinflusst hat und warum es das Gef\u00fchl hat, dass sich endlich ein Kreis geschlossen hat, das erz\u00e4hlen beide in der &#8222;NDR Talk Show&#8220;.<\/p>\n<p>&nbsp;<\/p>\n<p>&nbsp;<\/p>\n<p>&nbsp;<\/p>\n<p>&nbsp;<\/p>\n<p style=\"text-align: justify;\"><strong>Sharon Battiste, Schauspielerin und ehemalige Bachelorette<\/strong><\/p>\n<p>&nbsp;<\/p>\n<p style=\"text-align: justify;\">Diese Frau hat in den letzten Wochen als &#8222;beste Bachelorette aller Zeiten&#8220; Schlagzeilen gemacht: Sharon Battiste. Die 30- J\u00e4hrige hat vor wenigen Wochen ihrem Auserw\u00e4hlten Jan die letzte Rose in der Dating-Sendung gegeben und nicht nur sein Herz, sondern auch das von Millionen Fans erobert. Die Tochter einer Deutschen und eines Jamaikaners hatte an sich selbst den Anspruch, authentisch zu bleiben &#8211; und dazu geh\u00f6rte auch, zu ihrer Krankheit zu stehen. Die Schauspielerin ist seit ihrer Kindheit an kreisrundem Haarausfall, sogenannter Alopecia areata, erkrankt und entschied sich vor den Dreharbeiten, ihre Haare komplett abzurasieren. Dass sie so selbstbewusst mit Glatze auftritt, hat ihr eine gro\u00dfe Welle an Zuspruch und Anerkennung eingebracht. &#8222;Damit ist mein gr\u00f6\u00dftes Laster zu einem Geschenk geworden&#8220;, sagt Sharon Battiste. Wie sie anderen Betroffenen Mut machen m\u00f6chte und was sie empfunden hat, als sie erstmals ohne Per\u00fccke vor die Kamera ging, erz\u00e4hlt sie in der &#8222;NDR Talk Show&#8220;.<\/p>\n<p style=\"text-align: justify;\">\n<p style=\"text-align: justify;\">\n<p style=\"text-align: justify;\">\n<p style=\"text-align: justify;\"><strong>Mal am\u00fcsant, mal streithaft, mal nachdenklich. Immer lebendig und im besten Sinne des Wortes interessant. Eine Institution unter Deutschlands Talkshows, ein Klassiker eben. Seit 30 Jahren das Unterhaltungs-Flaggschiff des NDR Fernsehens.<\/strong><\/p>\n<p>&nbsp;<\/p>\n<p>&nbsp;<\/p>\n<figure id=\"attachment_176114\" aria-describedby=\"caption-attachment-176114\" style=\"width: 800px\" class=\"wp-caption alignnone\"><img decoding=\"async\" loading=\"lazy\" class=\"size-large wp-image-176114\" src=\"https:\/\/smago.de\/ws2\/wp-content\/uploads\/2021\/12\/1_NDR_Talk_Show_Logo_2008-800x457.jpg\" alt=\"\" width=\"800\" height=\"457\" srcset=\"https:\/\/smago.de\/ws2\/wp-content\/uploads\/2021\/12\/1_NDR_Talk_Show_Logo_2008-800x457.jpg 800w, https:\/\/smago.de\/ws2\/wp-content\/uploads\/2021\/12\/1_NDR_Talk_Show_Logo_2008-522x298.jpg 522w, https:\/\/smago.de\/ws2\/wp-content\/uploads\/2021\/12\/1_NDR_Talk_Show_Logo_2008-263x150.jpg 263w, https:\/\/smago.de\/ws2\/wp-content\/uploads\/2021\/12\/1_NDR_Talk_Show_Logo_2008-768x439.jpg 768w, https:\/\/smago.de\/ws2\/wp-content\/uploads\/2021\/12\/1_NDR_Talk_Show_Logo_2008-1536x877.jpg 1536w, https:\/\/smago.de\/ws2\/wp-content\/uploads\/2021\/12\/1_NDR_Talk_Show_Logo_2008-2048x1169.jpg 2048w, https:\/\/smago.de\/ws2\/wp-content\/uploads\/2021\/12\/1_NDR_Talk_Show_Logo_2008-392x224.jpg 392w, https:\/\/smago.de\/ws2\/wp-content\/uploads\/2021\/12\/1_NDR_Talk_Show_Logo_2008-130x74.jpg 130w, https:\/\/smago.de\/ws2\/wp-content\/uploads\/2021\/12\/1_NDR_Talk_Show_Logo_2008-779x445.jpg 779w, https:\/\/smago.de\/ws2\/wp-content\/uploads\/2021\/12\/1_NDR_Talk_Show_Logo_2008-870x497.jpg 870w, https:\/\/smago.de\/ws2\/wp-content\/uploads\/2021\/12\/1_NDR_Talk_Show_Logo_2008-292x167.jpg 292w, https:\/\/smago.de\/ws2\/wp-content\/uploads\/2021\/12\/1_NDR_Talk_Show_Logo_2008-435x248.jpg 435w, https:\/\/smago.de\/ws2\/wp-content\/uploads\/2021\/12\/1_NDR_Talk_Show_Logo_2008-510x290.jpg 510w\" sizes=\"(max-width: 800px) 100vw, 800px\" \/><figcaption id=\"caption-attachment-176114\" class=\"wp-caption-text\"><em>Foto-Credit: NDR<\/em><\/figcaption><\/figure>\n","protected":false},"excerpt":{"rendered":"<p>NDR fernsehen + hr fernsehen, 22:00 Uhr &#8211; 00:00 Uhr! Moderation: Bettina Tietjen und Hubertus Meyer-Burckhardt!<\/p>\n","protected":false},"author":2,"featured_media":171459,"comment_status":"open","ping_status":"closed","sticky":false,"template":"","format":"standard","meta":{"_FSMCFIC_featured_image_caption":"","_FSMCFIC_featured_image_nocaption":null,"_FSMCFIC_featured_image_hide":null},"categories":[20,128],"tags":[254],"acf":[],"_links":{"self":[{"href":"https:\/\/smago.de\/ws2\/wp-json\/wp\/v2\/posts\/187584"}],"collection":[{"href":"https:\/\/smago.de\/ws2\/wp-json\/wp\/v2\/posts"}],"about":[{"href":"https:\/\/smago.de\/ws2\/wp-json\/wp\/v2\/types\/post"}],"author":[{"embeddable":true,"href":"https:\/\/smago.de\/ws2\/wp-json\/wp\/v2\/users\/2"}],"replies":[{"embeddable":true,"href":"https:\/\/smago.de\/ws2\/wp-json\/wp\/v2\/comments?post=187584"}],"version-history":[{"count":1,"href":"https:\/\/smago.de\/ws2\/wp-json\/wp\/v2\/posts\/187584\/revisions"}],"predecessor-version":[{"id":187585,"href":"https:\/\/smago.de\/ws2\/wp-json\/wp\/v2\/posts\/187584\/revisions\/187585"}],"wp:featuredmedia":[{"embeddable":true,"href":"https:\/\/smago.de\/ws2\/wp-json\/wp\/v2\/media\/171459"}],"wp:attachment":[{"href":"https:\/\/smago.de\/ws2\/wp-json\/wp\/v2\/media?parent=187584"}],"wp:term":[{"taxonomy":"category","embeddable":true,"href":"https:\/\/smago.de\/ws2\/wp-json\/wp\/v2\/categories?post=187584"},{"taxonomy":"post_tag","embeddable":true,"href":"https:\/\/smago.de\/ws2\/wp-json\/wp\/v2\/tags?post=187584"}],"curies":[{"name":"wp","href":"https:\/\/api.w.org\/{rel}","templated":true}]}}