{"id":187422,"date":"2022-08-05T23:59:21","date_gmt":"2022-08-05T21:59:21","guid":{"rendered":"https:\/\/smago.de\/ws2\/?p=187422"},"modified":"2022-08-05T16:57:55","modified_gmt":"2022-08-05T14:57:55","slug":"wigald-boning-u-a-sa-06-08-2022-rtl-der-grosse-deutsch-test","status":"publish","type":"post","link":"https:\/\/smago.de\/ws2\/nonsens\/wigald-boning-u-a-sa-06-08-2022-rtl-der-grosse-deutsch-test\/","title":{"rendered":"WIGALD BONING u.a. <br>Sa., 06.08.2022, RTL: &#8222;Der gro\u00dfe Deutsch-Test&#8220;!"},"content":{"rendered":"<p>20:15 Uhr &#8211; 23:30 Uhr (Wh. in der Nacht auf 07.08., 02:15 Uhr &#8211; 05:05 Uhr)! Moderation: Sonja Zietlow und Wigald Boning!<br \/>\n<!--more--><\/p>\n<p>&nbsp;<\/p>\n<p>&nbsp;<\/p>\n<p style=\"text-align: justify;\">Diesen Sommer testet RTL das Wissen der Deutschen. In drei Shows k\u00f6nnen sich die Zuschauer:innen gemeinsam mit Promis und Studiopublikum, das verschiedene Gruppen repr\u00e4sentiert, auf den Pr\u00fcfstand stellen.<\/p>\n<p style=\"text-align: justify;\">Dieses Mal pr\u00fcfen Moderatorin Sonja Zietlow und Co-Moderator Wigald Boning, wer Grammatik, Rechtschreibung und Zeichensetzung wirklich aus dem Effeff beherrscht.<\/p>\n<p style=\"text-align: justify;\">Als Expertin \u00fcbernimmt Kathrin Kunkel-Razum, Leiterin der Dudenredaktion.<\/p>\n<p>&nbsp;<\/p>\n<p>&nbsp;<\/p>\n<figure id=\"attachment_187424\" aria-describedby=\"caption-attachment-187424\" style=\"width: 800px\" class=\"wp-caption alignnone\"><img decoding=\"async\" loading=\"lazy\" class=\"size-large wp-image-187424\" src=\"https:\/\/smago.de\/ws2\/wp-content\/uploads\/2022\/08\/0CAF0-800x533.jpg\" alt=\"\" width=\"800\" height=\"533\" srcset=\"https:\/\/smago.de\/ws2\/wp-content\/uploads\/2022\/08\/0CAF0-800x533.jpg 800w, https:\/\/smago.de\/ws2\/wp-content\/uploads\/2022\/08\/0CAF0-522x348.jpg 522w, https:\/\/smago.de\/ws2\/wp-content\/uploads\/2022\/08\/0CAF0-225x150.jpg 225w, https:\/\/smago.de\/ws2\/wp-content\/uploads\/2022\/08\/0CAF0-768x512.jpg 768w, https:\/\/smago.de\/ws2\/wp-content\/uploads\/2022\/08\/0CAF0-1536x1024.jpg 1536w, https:\/\/smago.de\/ws2\/wp-content\/uploads\/2022\/08\/0CAF0-2048x1365.jpg 2048w, https:\/\/smago.de\/ws2\/wp-content\/uploads\/2022\/08\/0CAF0-392x261.jpg 392w, https:\/\/smago.de\/ws2\/wp-content\/uploads\/2022\/08\/0CAF0-130x87.jpg 130w, https:\/\/smago.de\/ws2\/wp-content\/uploads\/2022\/08\/0CAF0-668x445.jpg 668w, https:\/\/smago.de\/ws2\/wp-content\/uploads\/2022\/08\/0CAF0-783x522.jpg 783w, https:\/\/smago.de\/ws2\/wp-content\/uploads\/2022\/08\/0CAF0-285x190.jpg 285w, https:\/\/smago.de\/ws2\/wp-content\/uploads\/2022\/08\/0CAF0-435x290.jpg 435w, https:\/\/smago.de\/ws2\/wp-content\/uploads\/2022\/08\/0CAF0-150x100.jpg 150w, https:\/\/smago.de\/ws2\/wp-content\/uploads\/2022\/08\/0CAF0-370x247.jpg 370w\" sizes=\"(max-width: 800px) 100vw, 800px\" \/><figcaption id=\"caption-attachment-187424\" class=\"wp-caption-text\">D<em>ie Moderatoren Wigald Boning und Sonja Zietlow<\/em><\/p>\n<p><em>Foto-Credit: RTL<\/em><\/p>\n<p><em>Bitte beachten Sie auch <strong><a href=\"http:\/\/www.tvnow.de\">RTL+<\/a><\/strong>!<\/em><\/figcaption><\/figure>\n<p>&nbsp;<\/p>\n<p>&nbsp;<\/p>\n<p>&nbsp;<\/p>\n<figure id=\"attachment_187423\" aria-describedby=\"caption-attachment-187423\" style=\"width: 800px\" class=\"wp-caption alignnone\"><img decoding=\"async\" loading=\"lazy\" class=\"size-large wp-image-187423\" src=\"https:\/\/smago.de\/ws2\/wp-content\/uploads\/2022\/08\/672B8-800x533.jpg\" alt=\"\" width=\"800\" height=\"533\" srcset=\"https:\/\/smago.de\/ws2\/wp-content\/uploads\/2022\/08\/672B8-800x533.jpg 800w, https:\/\/smago.de\/ws2\/wp-content\/uploads\/2022\/08\/672B8-522x348.jpg 522w, https:\/\/smago.de\/ws2\/wp-content\/uploads\/2022\/08\/672B8-225x150.jpg 225w, https:\/\/smago.de\/ws2\/wp-content\/uploads\/2022\/08\/672B8-768x512.jpg 768w, https:\/\/smago.de\/ws2\/wp-content\/uploads\/2022\/08\/672B8-1536x1024.jpg 1536w, https:\/\/smago.de\/ws2\/wp-content\/uploads\/2022\/08\/672B8-2048x1365.jpg 2048w, https:\/\/smago.de\/ws2\/wp-content\/uploads\/2022\/08\/672B8-392x261.jpg 392w, https:\/\/smago.de\/ws2\/wp-content\/uploads\/2022\/08\/672B8-130x87.jpg 130w, https:\/\/smago.de\/ws2\/wp-content\/uploads\/2022\/08\/672B8-668x445.jpg 668w, https:\/\/smago.de\/ws2\/wp-content\/uploads\/2022\/08\/672B8-783x522.jpg 783w, https:\/\/smago.de\/ws2\/wp-content\/uploads\/2022\/08\/672B8-285x190.jpg 285w, https:\/\/smago.de\/ws2\/wp-content\/uploads\/2022\/08\/672B8-435x290.jpg 435w, https:\/\/smago.de\/ws2\/wp-content\/uploads\/2022\/08\/672B8-150x100.jpg 150w, https:\/\/smago.de\/ws2\/wp-content\/uploads\/2022\/08\/672B8-370x247.jpg 370w\" sizes=\"(max-width: 800px) 100vw, 800px\" \/><figcaption id=\"caption-attachment-187423\" class=\"wp-caption-text\"><\/em> <em>V.l.: Eko Fresh, Andrea Sawatzki, Uwe Ochsenknecht, Till Reiners, Sonja Zietlow, Wigald Boning, Laura Karasek und Evelyn Burdecki<\/em><\/p>\n<p><em>Foto-Credit: RTL<\/em><\/p>\n<p><em>Bitte beachten Sie auch <strong><a href=\"http:\/\/www.tvnow.de\">RTL+<\/a><\/strong>!<\/em><\/figcaption><\/figure>\n","protected":false},"excerpt":{"rendered":"<p>20:15 Uhr &#8211; 23:30 Uhr (Wh. in der Nacht auf 07.08., 02:15 Uhr &#8211; 05:05 Uhr)! Moderation: Sonja Zietlow und<\/p>\n","protected":false},"author":2,"featured_media":187423,"comment_status":"open","ping_status":"closed","sticky":false,"template":"","format":"standard","meta":{"_FSMCFIC_featured_image_caption":"","_FSMCFIC_featured_image_nocaption":null,"_FSMCFIC_featured_image_hide":null},"categories":[23,128],"tags":[2638],"acf":[],"_links":{"self":[{"href":"https:\/\/smago.de\/ws2\/wp-json\/wp\/v2\/posts\/187422"}],"collection":[{"href":"https:\/\/smago.de\/ws2\/wp-json\/wp\/v2\/posts"}],"about":[{"href":"https:\/\/smago.de\/ws2\/wp-json\/wp\/v2\/types\/post"}],"author":[{"embeddable":true,"href":"https:\/\/smago.de\/ws2\/wp-json\/wp\/v2\/users\/2"}],"replies":[{"embeddable":true,"href":"https:\/\/smago.de\/ws2\/wp-json\/wp\/v2\/comments?post=187422"}],"version-history":[{"count":1,"href":"https:\/\/smago.de\/ws2\/wp-json\/wp\/v2\/posts\/187422\/revisions"}],"predecessor-version":[{"id":187425,"href":"https:\/\/smago.de\/ws2\/wp-json\/wp\/v2\/posts\/187422\/revisions\/187425"}],"wp:featuredmedia":[{"embeddable":true,"href":"https:\/\/smago.de\/ws2\/wp-json\/wp\/v2\/media\/187423"}],"wp:attachment":[{"href":"https:\/\/smago.de\/ws2\/wp-json\/wp\/v2\/media?parent=187422"}],"wp:term":[{"taxonomy":"category","embeddable":true,"href":"https:\/\/smago.de\/ws2\/wp-json\/wp\/v2\/categories?post=187422"},{"taxonomy":"post_tag","embeddable":true,"href":"https:\/\/smago.de\/ws2\/wp-json\/wp\/v2\/tags?post=187422"}],"curies":[{"name":"wp","href":"https:\/\/api.w.org\/{rel}","templated":true}]}}