{"id":187372,"date":"2022-08-05T00:07:17","date_gmt":"2022-08-04T22:07:17","guid":{"rendered":"https:\/\/smago.de\/ws2\/?p=187372"},"modified":"2022-12-21T15:11:25","modified_gmt":"2022-12-21T14:11:25","slug":"eric-philippi-eric-philippi-loest-sein-ticket-ins-abenteuer","status":"publish","type":"post","link":"https:\/\/smago.de\/ws2\/pop-schlager\/eric-philippi-eric-philippi-loest-sein-ticket-ins-abenteuer\/","title":{"rendered":"ERIC PHILIPPI <br>Eric Philippi l\u00f6st sein &#8222;Ticket ins Abenteuer&#8220;!"},"content":{"rendered":"<p style=\"text-align: justify;\">Die erweitere 2-CD Edition \u201eSchockverliebt (Die Zweite) ist ab 12.08.2022 \u00fcberall erh\u00e4ltlich!<br \/>\n<!--more--><\/p>\n<p style=\"text-align: justify;\">\n<p style=\"text-align: justify;\">\n<p style=\"text-align: justify;\">Mit seinem Deb\u00fctalbum \u201eSchockverliebt\u201c hat der S\u00e4nger und Multiinstrumentalist ERIC PHILIPPI Ende letzten Jahres direkt die Top-15 der Offiziellen Deutschen Album Charts aufgemischt. Jetzt legt der 25-J\u00e4hrige eine weitere Single aus dem gefeierten Erstling vor: \u201eTicket ins Abenteuer\u201c!<\/p>\n<p style=\"text-align: justify;\">\u201e\u2026 heute Nacht geht es los!\u201c, prophezeit er und schenkt dem Zuh\u00f6rer*innen damit ein \u201eTicket ins Abenteuer\u201c &#8211; in sein ganz pers\u00f6nliches Abenteuer, dass Eric seit \u201eDer gro\u00dfen Schlagerchallenge.2021\u201c erleben darf.<\/p>\n<p style=\"text-align: justify;\">1997 geboren, zog es Eric Philippi schon als kleinen Jungen auf die B\u00fchne \u2013 er war der Entertainer der Gro\u00dffamilie. Obwohl der S\u00e4nger und Multiinstrumentalist (u.a. Trompete, Klavier) schon als Kind regelm\u00e4\u00dfig auf s\u00e4mtlichen Festen und Partys auftrat, entschied er sich doch zun\u00e4chst f\u00fcr eine Ausbildung als KFZ-Mechatroniker. W\u00e4hrend er nebenher schon erste Preise gewann (u.a. Newcomer-Wettbewerb des Saarl\u00e4ndischen Radiosenders \u201eRadio Sal\u00fc\u201c, 2015), war nach einer Geburtstagsfeier seines Chefs allen klar, dass er \u201enicht unter die Hebeb\u00fchne, sondern auf die Showb\u00fchne\u201c geh\u00f6rte.<\/p>\n<p style=\"text-align: justify;\">Mittlerweile l\u00e4ngst auf den gro\u00dfen B\u00fchnen zu Gast, waren auch die Fans direkt \u201eschockverliebt\u201c: Eric Philippis Deb\u00fctalbum schoss im September 2021 auf Platz 13 der Offiziellen Deutschen Albumcharts \u2013 flankiert von der #2 in den Schlager-Bestenlisten. Anfang des Jahres ging es dann weiter auf die \u201eDas gro\u00dfe Schlagerfest.XXL &#8211; Die Party des Jahres\u201c-Tour mit Florian Silbereisen und vielen weiteren namenhaften K\u00fcnstlern.<\/p>\n<p style=\"text-align: justify;\">Neben der Albumversion von \u201eTicket ins Abenteuer\u201c ist der Track nun auch als Akustik Version auf seiner neuen Edition \u201eSchockverliebt (Die Zweite\u201c) enthalten. Die erweitere 2-CD Edition \u201eSchockverliebt (Die Zweite) ist ab 12.08.2022 \u00fcberall erh\u00e4ltlich und bietet in der physischen Ausgabe einen intimen Einblick in die vergangenen Monate des jungen Musikers.<\/p>\n","protected":false},"excerpt":{"rendered":"<p>Die erweitere 2-CD Edition \u201eSchockverliebt (Die Zweite) ist ab 12.08.2022 \u00fcberall erh\u00e4ltlich!<\/p>\n","protected":false},"author":2,"featured_media":187373,"comment_status":"open","ping_status":"closed","sticky":false,"template":"","format":"standard","meta":{"_FSMCFIC_featured_image_caption":"","_FSMCFIC_featured_image_nocaption":"","_FSMCFIC_featured_image_hide":""},"categories":[28],"tags":[1691],"acf":[],"_links":{"self":[{"href":"https:\/\/smago.de\/ws2\/wp-json\/wp\/v2\/posts\/187372"}],"collection":[{"href":"https:\/\/smago.de\/ws2\/wp-json\/wp\/v2\/posts"}],"about":[{"href":"https:\/\/smago.de\/ws2\/wp-json\/wp\/v2\/types\/post"}],"author":[{"embeddable":true,"href":"https:\/\/smago.de\/ws2\/wp-json\/wp\/v2\/users\/2"}],"replies":[{"embeddable":true,"href":"https:\/\/smago.de\/ws2\/wp-json\/wp\/v2\/comments?post=187372"}],"version-history":[{"count":2,"href":"https:\/\/smago.de\/ws2\/wp-json\/wp\/v2\/posts\/187372\/revisions"}],"predecessor-version":[{"id":194000,"href":"https:\/\/smago.de\/ws2\/wp-json\/wp\/v2\/posts\/187372\/revisions\/194000"}],"wp:featuredmedia":[{"embeddable":true,"href":"https:\/\/smago.de\/ws2\/wp-json\/wp\/v2\/media\/187373"}],"wp:attachment":[{"href":"https:\/\/smago.de\/ws2\/wp-json\/wp\/v2\/media?parent=187372"}],"wp:term":[{"taxonomy":"category","embeddable":true,"href":"https:\/\/smago.de\/ws2\/wp-json\/wp\/v2\/categories?post=187372"},{"taxonomy":"post_tag","embeddable":true,"href":"https:\/\/smago.de\/ws2\/wp-json\/wp\/v2\/tags?post=187372"}],"curies":[{"name":"wp","href":"https:\/\/api.w.org\/{rel}","templated":true}]}}