{"id":187343,"date":"2022-08-05T00:00:46","date_gmt":"2022-08-04T22:00:46","guid":{"rendered":"https:\/\/smago.de\/ws2\/?p=187343"},"modified":"2022-08-04T21:57:27","modified_gmt":"2022-08-04T19:57:27","slug":"alina-heute-vorabend-05-08-2022-in-der-sendung-das-zu-gast","status":"publish","type":"post","link":"https:\/\/smago.de\/ws2\/pop\/alina-heute-vorabend-05-08-2022-in-der-sendung-das-zu-gast\/","title":{"rendered":"ALINA <br>Heute Vorabend (05.08.2022) in der Sendung &#8222;DAS!&#8220; zu Gast!"},"content":{"rendered":"<p>NDR fernsehen, 18:45 Uhr &#8211; 19:30 Uhr (Wh. in der Nacht auf 06.08., 05:15 Uhr &#8211; 06:00 Uhr)!<br \/>\n<!--more--><\/p>\n<p>&nbsp;<\/p>\n<p>&nbsp;<\/p>\n<p style=\"text-align: justify;\">Deutschsprachige Popmusik mit ganz pers\u00f6nlicher Note &#8211; daf\u00fcr steht ALINA. In ihren Liedern thematisiert sie mit stimmlicher Wucht ihre Verletzlichkeit und l\u00e4sst tief in ihre Seele blicken.<\/p>\n<p style=\"text-align: justify;\">Mit &#8222;Lavendelfelder&#8220; hat Alina jetzt ihr zweites Album herausgebracht.\u00a0Die Songwriterin, die schon als Kind im Proberaum der Band ihrer Eltern stets von Musik umgeben war, hat auch ein gesellschaftliches Anliegen: Sie macht anderen Frauen Mut, ihren K\u00f6rper so zu akzeptieren wie er ist, anstatt sich ewig f\u00fcr irgendwelche Sch\u00f6nheitsideale abzuk\u00e4mpfen.<\/p>\n<p style=\"text-align: justify;\">Mit einem Pl\u00e4doyer f\u00fcr mehr Selbstliebe und einem musikalischen Live-Auftritt kommt Alina zu DAS! auf das Rote Sofa.<\/p>\n<p>&nbsp;<\/p>\n<figure id=\"attachment_187344\" aria-describedby=\"caption-attachment-187344\" style=\"width: 800px\" class=\"wp-caption alignnone\"><img decoding=\"async\" loading=\"lazy\" class=\"size-large wp-image-187344\" src=\"https:\/\/smago.de\/ws2\/wp-content\/uploads\/2022\/08\/alina_Tobias-Ortmann-800x450.jpg\" alt=\"\" width=\"800\" height=\"450\" srcset=\"https:\/\/smago.de\/ws2\/wp-content\/uploads\/2022\/08\/alina_Tobias-Ortmann-800x450.jpg 800w, https:\/\/smago.de\/ws2\/wp-content\/uploads\/2022\/08\/alina_Tobias-Ortmann-522x294.jpg 522w, https:\/\/smago.de\/ws2\/wp-content\/uploads\/2022\/08\/alina_Tobias-Ortmann-267x150.jpg 267w, https:\/\/smago.de\/ws2\/wp-content\/uploads\/2022\/08\/alina_Tobias-Ortmann-768x432.jpg 768w, https:\/\/smago.de\/ws2\/wp-content\/uploads\/2022\/08\/alina_Tobias-Ortmann-392x220.jpg 392w, https:\/\/smago.de\/ws2\/wp-content\/uploads\/2022\/08\/alina_Tobias-Ortmann-130x73.jpg 130w, https:\/\/smago.de\/ws2\/wp-content\/uploads\/2022\/08\/alina_Tobias-Ortmann-791x445.jpg 791w, https:\/\/smago.de\/ws2\/wp-content\/uploads\/2022\/08\/alina_Tobias-Ortmann-870x489.jpg 870w, https:\/\/smago.de\/ws2\/wp-content\/uploads\/2022\/08\/alina_Tobias-Ortmann-292x164.jpg 292w, https:\/\/smago.de\/ws2\/wp-content\/uploads\/2022\/08\/alina_Tobias-Ortmann-435x245.jpg 435w, https:\/\/smago.de\/ws2\/wp-content\/uploads\/2022\/08\/alina_Tobias-Ortmann-895x503.jpg 895w, https:\/\/smago.de\/ws2\/wp-content\/uploads\/2022\/08\/alina_Tobias-Ortmann.jpg 1067w\" sizes=\"(max-width: 800px) 100vw, 800px\" \/><figcaption id=\"caption-attachment-187344\" class=\"wp-caption-text\"><em>Foto-Credit: Tobias Ortmann<\/em><\/figcaption><\/figure>\n","protected":false},"excerpt":{"rendered":"<p>NDR fernsehen, 18:45 Uhr &#8211; 19:30 Uhr (Wh. in der Nacht auf 06.08., 05:15 Uhr &#8211; 06:00 Uhr)!<\/p>\n","protected":false},"author":2,"featured_media":187344,"comment_status":"open","ping_status":"closed","sticky":false,"template":"","format":"standard","meta":{"_FSMCFIC_featured_image_caption":"","_FSMCFIC_featured_image_nocaption":null,"_FSMCFIC_featured_image_hide":null},"categories":[27,128],"tags":[2637],"acf":[],"_links":{"self":[{"href":"https:\/\/smago.de\/ws2\/wp-json\/wp\/v2\/posts\/187343"}],"collection":[{"href":"https:\/\/smago.de\/ws2\/wp-json\/wp\/v2\/posts"}],"about":[{"href":"https:\/\/smago.de\/ws2\/wp-json\/wp\/v2\/types\/post"}],"author":[{"embeddable":true,"href":"https:\/\/smago.de\/ws2\/wp-json\/wp\/v2\/users\/2"}],"replies":[{"embeddable":true,"href":"https:\/\/smago.de\/ws2\/wp-json\/wp\/v2\/comments?post=187343"}],"version-history":[{"count":3,"href":"https:\/\/smago.de\/ws2\/wp-json\/wp\/v2\/posts\/187343\/revisions"}],"predecessor-version":[{"id":187347,"href":"https:\/\/smago.de\/ws2\/wp-json\/wp\/v2\/posts\/187343\/revisions\/187347"}],"wp:featuredmedia":[{"embeddable":true,"href":"https:\/\/smago.de\/ws2\/wp-json\/wp\/v2\/media\/187344"}],"wp:attachment":[{"href":"https:\/\/smago.de\/ws2\/wp-json\/wp\/v2\/media?parent=187343"}],"wp:term":[{"taxonomy":"category","embeddable":true,"href":"https:\/\/smago.de\/ws2\/wp-json\/wp\/v2\/categories?post=187343"},{"taxonomy":"post_tag","embeddable":true,"href":"https:\/\/smago.de\/ws2\/wp-json\/wp\/v2\/tags?post=187343"}],"curies":[{"name":"wp","href":"https:\/\/api.w.org\/{rel}","templated":true}]}}