{"id":187272,"date":"2022-08-04T11:17:42","date_gmt":"2022-08-04T09:17:42","guid":{"rendered":"https:\/\/smago.de\/ws2\/?p=187272"},"modified":"2022-08-04T11:37:45","modified_gmt":"2022-08-04T09:37:45","slug":"diether-krebs-themenabend-zu-seinem-75-geburtstag-mit-iris-berben","status":"publish","type":"post","link":"https:\/\/smago.de\/ws2\/nonsens\/diether-krebs-themenabend-zu-seinem-75-geburtstag-mit-iris-berben\/","title":{"rendered":"DIETHER KREBS <br>Themenabend zu seinem 75. Geburtstag mit Iris Berben!"},"content":{"rendered":"<p>Sendetermin: 06.08.2022, ab 20.15 Uhr, NDR Fernsehen und SWR Fernsehen; danach in der ARD Mediathek!<br \/>\n<!--more--><\/p>\n<p style=\"text-align: justify;\">\n<p style=\"text-align: justify;\">DIETHER KREBS war einer der gr\u00f6\u00dften Komiker Deutschlands \u2013 \u201eweil er so uneitel war. Er war einer, der es geliebt hat, Versager zu spielen\u201c. Das sagt Uli Stark, Regisseur von Krebs\u2018 gro\u00dfen Erfolgen \u201eSOKO 5113\u201c, \u201eSketchup\u201c und \u201eVoll daneben\u201c, in der NDR\/SWR Dokumentation \u201eDiether Krebs &#8211; Der Gr\u00f6\u00dfte\u201c. Mit ihr er\u00f6ffnet das NDR Fernsehen am Sonnabend, 6. August, seinen Themenabend \u00fcber den Schauspieler. Er starb im Jahr 2000 im Alter von nur 52 Jahren \u2013 und w\u00e4re am 11. August 75 Jahre alt geworden. Das SWR Fernsehen zeigt \u201eDiether Krebs &#8211; Der Gr\u00f6\u00dfte\u201c zeitgleich. Im Anschluss l\u00e4uft die Dokumentation in der ARD Mediathek.<\/p>\n<p style=\"text-align: justify;\">Iris Berben, Krebs\u2018 Partnerin in \u201eSketchup\u201c, f\u00fchrt durch den 100-min\u00fctigen Film. Iris Berben \u00fcber den Schauspieler: \u201eDiether hat geteilt. Er wollte mit dir lachen, er wollte mit dir streiten, er wollte mit dir schreien, er wollte mit dir k\u00e4mpfen, er wollte mit dir das Leben genie\u00dfen. Es war eine sehr intensive Arbeit.\u201c Und zu \u201eSketchup\u201c: \u201eAlle waren gegen uns &#8211; die Kirche, das Beamtentum, die Polizei, die Bundeswehr, die \u00c4rzteschaft. Es gab nicht eine einzige Berufsgruppe, die uns nicht b\u00f6se, b\u00f6se, b\u00f6se Briefe geschrieben h\u00e4tte.\u201c Die Comedyserie \u201eSketchup\u201c gilt bis heute als Meilenstein deutscher Fernsehunterhaltung.<\/p>\n<p style=\"text-align: justify;\">\u201eVoll daneben\u201c, \u201eBang Boom Bang\u201c und \u201eDer Dicke und der Belgier\u201c mit Diether Krebs begeisterten ebenfalls ein Millionenpublikum. Die Comedy \u201eEin Herz und eine Seele\u201c ist ohne Diether Krebs als Schwiegersohn von \u201eEkel\u201c Alfred (Heinz Schubert) undenkbar, und als \u201eMartin\u201c schaffte es Diether Krebs bis an die Spitze der deutschen Charts. Der Film \u201eDiether Krebs &#8211; Der Gr\u00f6\u00dfte\u201c von Christian St\u00f6ffler zeigt die wichtigsten Stationen im k\u00fcnstlerischen Schaffen von Diether Krebs, gibt aber auch sehr private und bewegende Einblicke in sein Leben jenseits des Scheinwerferlichts. Viele Weggef\u00e4hrten, Kolleginnen und Kollegen wie Bernd Herzsprung, Dominique Horwitz, Beatrice Richter, Gundula Ulbrich und Lotti Krekel erinnern sich, aber auch viele prominente Fans wie Ralf Schmitz.<\/p>\n<p style=\"text-align: justify;\">Zudem erz\u00e4hlen die beiden S\u00f6hne von Diether Krebs, Moritz, heute 42 Jahre alt und von Beruf Filmproduzent und Regisseur, und Till, heute 36 Jahre alt und Manager in der Luftfahrtbranche, wie Diether Krebs als Vater war, und geben sehr emotionale Einblicke in die gemeinsame Zeit mit ihrem Vater.<\/p>\n<p style=\"text-align: justify;\">Moritz Krebs: \u201eIch erinnere mich an viele Nachmittage, als mein Vater im offenen Bademantel sich an den Tisch setzte und viele meiner Klassenkameraden wahrscheinlich nachhaltig traumatisiert wurden. Aber das war irgendwie okay bei uns.\u201c Till Krebs spricht \u00fcber die Beerdigung seines Vaters in Essen: \u201eWir haben ein Taxi zum Friedhof genommen. Der Fahrer wusste nicht, wen er im Auto hat, und antwortete: \u201aDa geht unser Diether heute seinen letzten Weg\u2018. Ich finde, wenn eine Stadt das \u00fcber einen Menschen sagt, dann bedeutet das ungeheuer viel.\u201c<\/p>\n<p style=\"text-align: justify;\">Ende der 1970er-Jahre war Diether Krebs sogar \u201eTatort\u201c-Kommissar, wenn auch nur f\u00fcr die Folge \u201eAlles umsonst\u201c. Sie ist am 6. August im Rahmen des Themenabends um 23.25 Uhr im NDR Fernsehen zu sehen. Um 21.55 Uhr l\u00e4uft noch einmal die Sendung \u201e35 Jahre Sketchup &#8211; Lachen mit Diether Krebs, Iris Berben und Beatrice Richter\u201c, moderiert von Bernhard Hoecker. Um 0.55 Uhr schlie\u00dft die \u201eEin Herz und eine Seele\u201c-Folge \u201eBesuch aus der Ostzone\u201c den Abend zu Diether Krebs ab. Die Folge wurde am 17. Juni 1974 zum ersten Mal ausgestrahlt &#8211; die Beziehungen zur damaligen DDR begannen sich gerade auf politischer Seite etwas aufzulockern.<\/p>\n<p>&nbsp;<\/p>\n<p>&nbsp;<\/p>\n<figure id=\"attachment_187273\" aria-describedby=\"caption-attachment-187273\" style=\"width: 800px\" class=\"wp-caption alignnone\"><img decoding=\"async\" loading=\"lazy\" class=\"size-large wp-image-187273\" src=\"https:\/\/smago.de\/ws2\/wp-content\/uploads\/2022\/08\/1_Diether_Krebs_Der_Groesste-800x448.jpg\" alt=\"\" width=\"800\" height=\"448\" srcset=\"https:\/\/smago.de\/ws2\/wp-content\/uploads\/2022\/08\/1_Diether_Krebs_Der_Groesste-800x448.jpg 800w, https:\/\/smago.de\/ws2\/wp-content\/uploads\/2022\/08\/1_Diether_Krebs_Der_Groesste-522x292.jpg 522w, https:\/\/smago.de\/ws2\/wp-content\/uploads\/2022\/08\/1_Diether_Krebs_Der_Groesste-268x150.jpg 268w, https:\/\/smago.de\/ws2\/wp-content\/uploads\/2022\/08\/1_Diether_Krebs_Der_Groesste-768x430.jpg 768w, https:\/\/smago.de\/ws2\/wp-content\/uploads\/2022\/08\/1_Diether_Krebs_Der_Groesste-1536x860.jpg 1536w, https:\/\/smago.de\/ws2\/wp-content\/uploads\/2022\/08\/1_Diether_Krebs_Der_Groesste-2048x1147.jpg 2048w, https:\/\/smago.de\/ws2\/wp-content\/uploads\/2022\/08\/1_Diether_Krebs_Der_Groesste-392x220.jpg 392w, https:\/\/smago.de\/ws2\/wp-content\/uploads\/2022\/08\/1_Diether_Krebs_Der_Groesste-130x73.jpg 130w, https:\/\/smago.de\/ws2\/wp-content\/uploads\/2022\/08\/1_Diether_Krebs_Der_Groesste-794x445.jpg 794w, https:\/\/smago.de\/ws2\/wp-content\/uploads\/2022\/08\/1_Diether_Krebs_Der_Groesste-870x487.jpg 870w, https:\/\/smago.de\/ws2\/wp-content\/uploads\/2022\/08\/1_Diether_Krebs_Der_Groesste-292x164.jpg 292w, https:\/\/smago.de\/ws2\/wp-content\/uploads\/2022\/08\/1_Diether_Krebs_Der_Groesste-435x244.jpg 435w\" sizes=\"(max-width: 800px) 100vw, 800px\" \/><figcaption id=\"caption-attachment-187273\" class=\"wp-caption-text\"><em>\u00a9 NDR<\/em><\/figcaption><\/figure>\n","protected":false},"excerpt":{"rendered":"<p>Sendetermin: 06.08.2022, ab 20.15 Uhr, NDR Fernsehen und SWR Fernsehen; danach in der ARD Mediathek!<\/p>\n","protected":false},"author":2,"featured_media":187273,"comment_status":"open","ping_status":"closed","sticky":false,"template":"","format":"standard","meta":{"_FSMCFIC_featured_image_caption":"","_FSMCFIC_featured_image_nocaption":null,"_FSMCFIC_featured_image_hide":null},"categories":[23,128],"tags":[1288],"acf":[],"_links":{"self":[{"href":"https:\/\/smago.de\/ws2\/wp-json\/wp\/v2\/posts\/187272"}],"collection":[{"href":"https:\/\/smago.de\/ws2\/wp-json\/wp\/v2\/posts"}],"about":[{"href":"https:\/\/smago.de\/ws2\/wp-json\/wp\/v2\/types\/post"}],"author":[{"embeddable":true,"href":"https:\/\/smago.de\/ws2\/wp-json\/wp\/v2\/users\/2"}],"replies":[{"embeddable":true,"href":"https:\/\/smago.de\/ws2\/wp-json\/wp\/v2\/comments?post=187272"}],"version-history":[{"count":1,"href":"https:\/\/smago.de\/ws2\/wp-json\/wp\/v2\/posts\/187272\/revisions"}],"predecessor-version":[{"id":187274,"href":"https:\/\/smago.de\/ws2\/wp-json\/wp\/v2\/posts\/187272\/revisions\/187274"}],"wp:featuredmedia":[{"embeddable":true,"href":"https:\/\/smago.de\/ws2\/wp-json\/wp\/v2\/media\/187273"}],"wp:attachment":[{"href":"https:\/\/smago.de\/ws2\/wp-json\/wp\/v2\/media?parent=187272"}],"wp:term":[{"taxonomy":"category","embeddable":true,"href":"https:\/\/smago.de\/ws2\/wp-json\/wp\/v2\/categories?post=187272"},{"taxonomy":"post_tag","embeddable":true,"href":"https:\/\/smago.de\/ws2\/wp-json\/wp\/v2\/tags?post=187272"}],"curies":[{"name":"wp","href":"https:\/\/api.w.org\/{rel}","templated":true}]}}