{"id":187268,"date":"2022-08-04T11:31:27","date_gmt":"2022-08-04T09:31:27","guid":{"rendered":"https:\/\/smago.de\/ws2\/?p=187268"},"modified":"2022-08-04T14:27:09","modified_gmt":"2022-08-04T12:27:09","slug":"martin-mann-mr-meilenweit-am-04-09-2022-im-zdf-fernsehgarten-zu-gast","status":"publish","type":"post","link":"https:\/\/smago.de\/ws2\/schlager\/martin-mann-mr-meilenweit-am-04-09-2022-im-zdf-fernsehgarten-zu-gast\/","title":{"rendered":"MARTIN MANN <br>&#8222;Mr. &#8218;Meilenweit'&#8220; am 04.09.2022 im &#8222;ZDF-Fernsehgarten&#8220; zu Gast!"},"content":{"rendered":"<p style=\"text-align: justify;\">Der 78-j\u00e4hrige Martin Mann wird am 04.09.2022 den &#8222;Kultschlager-&#8218;Fernsehgarten'&#8220; rocken!<br \/>\n<!--more--><\/p>\n<p>&nbsp;<\/p>\n<p>&nbsp;<\/p>\n<p style=\"text-align: justify;\">Endlich, endlich gibt es ein Wiedersehen mit MARTIN MANN!<\/p>\n<p style=\"text-align: justify;\">Am 04.09.2022 wird &#8222;Mr. &#8218;Meilenweit'&#8220; &#8211; mit seinem gr\u00f6\u00dften Hit &#8222;Meilenweit&#8220; (Musik: Ralph Siegel; Text: Michael Holm) im &#8222;ZDF-Fernsehgarten&#8220; zu Gast sein, wenn Andrea Kiewel die gr\u00f6\u00dften &#8222;Kultschlager&#8220; pr\u00e4sentiert.<\/p>\n<p style=\"text-align: justify;\">Parallel zu seinem TV-Auftritt mit &#8222;Meilenweit&#8220; wird Anfang September 2022 zudem eine NEUE Single von Martin Mann auf den Markt kommen.<\/p>\n<p style=\"text-align: justify;\">Martin Mann gilt seit jeher als &#8222;der kernigste <em>aller<\/em> Schlagers\u00e4nger&#8220;.<\/p>\n<p>Neben Martin Mann ist zur Stunde auch bereits Ireen Sheer f\u00fcr den &#8222;Kultschlager&#8220;-&#8222;Fernsehgarten&#8220; offiziell bekannt.<\/p>\n<p>&nbsp;<\/p>\n<div class=\"mceTemp\"><\/div>\n<figure id=\"attachment_187295\" aria-describedby=\"caption-attachment-187295\" style=\"width: 450px\" class=\"wp-caption alignnone\"><img decoding=\"async\" loading=\"lazy\" class=\"size-large wp-image-187295\" src=\"https:\/\/smago.de\/ws2\/wp-content\/uploads\/2022\/08\/mann_meilenweit-450x800.jpg\" alt=\"\" width=\"450\" height=\"800\" srcset=\"https:\/\/smago.de\/ws2\/wp-content\/uploads\/2022\/08\/mann_meilenweit-450x800.jpg 450w, https:\/\/smago.de\/ws2\/wp-content\/uploads\/2022\/08\/mann_meilenweit-294x522.jpg 294w, https:\/\/smago.de\/ws2\/wp-content\/uploads\/2022\/08\/mann_meilenweit-84x150.jpg 84w, https:\/\/smago.de\/ws2\/wp-content\/uploads\/2022\/08\/mann_meilenweit-768x1365.jpg 768w, https:\/\/smago.de\/ws2\/wp-content\/uploads\/2022\/08\/mann_meilenweit-864x1536.jpg 864w, https:\/\/smago.de\/ws2\/wp-content\/uploads\/2022\/08\/mann_meilenweit-153x272.jpg 153w, https:\/\/smago.de\/ws2\/wp-content\/uploads\/2022\/08\/mann_meilenweit-338x600.jpg 338w, https:\/\/smago.de\/ws2\/wp-content\/uploads\/2022\/08\/mann_meilenweit-73x130.jpg 73w, https:\/\/smago.de\/ws2\/wp-content\/uploads\/2022\/08\/mann_meilenweit-250x445.jpg 250w, https:\/\/smago.de\/ws2\/wp-content\/uploads\/2022\/08\/mann_meilenweit-107x190.jpg 107w, https:\/\/smago.de\/ws2\/wp-content\/uploads\/2022\/08\/mann_meilenweit-163x290.jpg 163w, https:\/\/smago.de\/ws2\/wp-content\/uploads\/2022\/08\/mann_meilenweit.jpg 900w\" sizes=\"(max-width: 450px) 100vw, 450px\" \/><figcaption id=\"caption-attachment-187295\" class=\"wp-caption-text\"><em>Foto-Credit: Sandy K\u00f6ke<\/em><\/figcaption><\/figure>\n<p>&nbsp;<\/p>\n<p>&nbsp;<\/p>\n<p>&nbsp;<\/p>\n<figure id=\"attachment_140756\" aria-describedby=\"caption-attachment-140756\" style=\"width: 800px\" class=\"wp-caption alignnone\"><img decoding=\"async\" loading=\"lazy\" class=\"size-large wp-image-140756\" src=\"https:\/\/smago.de\/ws2\/wp-content\/uploads\/2020\/01\/mann_martin2-800x533.jpg\" alt=\"\" width=\"800\" height=\"533\" srcset=\"https:\/\/smago.de\/ws2\/wp-content\/uploads\/2020\/01\/mann_martin2-800x533.jpg 800w, https:\/\/smago.de\/ws2\/wp-content\/uploads\/2020\/01\/mann_martin2-522x348.jpg 522w, https:\/\/smago.de\/ws2\/wp-content\/uploads\/2020\/01\/mann_martin2-225x150.jpg 225w, https:\/\/smago.de\/ws2\/wp-content\/uploads\/2020\/01\/mann_martin2-768x512.jpg 768w, https:\/\/smago.de\/ws2\/wp-content\/uploads\/2020\/01\/mann_martin2-1536x1024.jpg 1536w, https:\/\/smago.de\/ws2\/wp-content\/uploads\/2020\/01\/mann_martin2-130x87.jpg 130w, https:\/\/smago.de\/ws2\/wp-content\/uploads\/2020\/01\/mann_martin2-668x445.jpg 668w, https:\/\/smago.de\/ws2\/wp-content\/uploads\/2020\/01\/mann_martin2-783x522.jpg 783w, https:\/\/smago.de\/ws2\/wp-content\/uploads\/2020\/01\/mann_martin2-285x190.jpg 285w, https:\/\/smago.de\/ws2\/wp-content\/uploads\/2020\/01\/mann_martin2-435x290.jpg 435w, https:\/\/smago.de\/ws2\/wp-content\/uploads\/2020\/01\/mann_martin2-150x100.jpg 150w, https:\/\/smago.de\/ws2\/wp-content\/uploads\/2020\/01\/mann_martin2-370x247.jpg 370w, https:\/\/smago.de\/ws2\/wp-content\/uploads\/2020\/01\/mann_martin2.jpg 2048w\" sizes=\"(max-width: 800px) 100vw, 800px\" \/><figcaption id=\"caption-attachment-140756\" class=\"wp-caption-text\"><em>Foto-Credit: Henning Schulz (<strong><a href=\"http:\/\/www.henning-schulz.de\">www.henning-schulz.de)<\/a><\/strong> exklusiv f\u00fcr SMAGO.de \/ TichlerMedia UG<\/em><\/figcaption><\/figure>\n<p>&nbsp;<\/p>\n<p>&nbsp;<\/p>\n<p>&nbsp;<\/p>\n<p>&nbsp;<\/p>\n<figure id=\"attachment_140755\" aria-describedby=\"caption-attachment-140755\" style=\"width: 800px\" class=\"wp-caption alignnone\"><img decoding=\"async\" loading=\"lazy\" class=\"size-large wp-image-140755\" src=\"https:\/\/smago.de\/ws2\/wp-content\/uploads\/2020\/01\/mann_martin-800x533.jpg\" alt=\"\" width=\"800\" height=\"533\" srcset=\"https:\/\/smago.de\/ws2\/wp-content\/uploads\/2020\/01\/mann_martin-800x533.jpg 800w, https:\/\/smago.de\/ws2\/wp-content\/uploads\/2020\/01\/mann_martin-522x348.jpg 522w, https:\/\/smago.de\/ws2\/wp-content\/uploads\/2020\/01\/mann_martin-225x150.jpg 225w, https:\/\/smago.de\/ws2\/wp-content\/uploads\/2020\/01\/mann_martin-768x512.jpg 768w, https:\/\/smago.de\/ws2\/wp-content\/uploads\/2020\/01\/mann_martin-1536x1024.jpg 1536w, https:\/\/smago.de\/ws2\/wp-content\/uploads\/2020\/01\/mann_martin-130x87.jpg 130w, https:\/\/smago.de\/ws2\/wp-content\/uploads\/2020\/01\/mann_martin-668x445.jpg 668w, https:\/\/smago.de\/ws2\/wp-content\/uploads\/2020\/01\/mann_martin-783x522.jpg 783w, https:\/\/smago.de\/ws2\/wp-content\/uploads\/2020\/01\/mann_martin-285x190.jpg 285w, https:\/\/smago.de\/ws2\/wp-content\/uploads\/2020\/01\/mann_martin-435x290.jpg 435w, https:\/\/smago.de\/ws2\/wp-content\/uploads\/2020\/01\/mann_martin-150x100.jpg 150w, https:\/\/smago.de\/ws2\/wp-content\/uploads\/2020\/01\/mann_martin-370x247.jpg 370w, https:\/\/smago.de\/ws2\/wp-content\/uploads\/2020\/01\/mann_martin.jpg 2048w\" sizes=\"(max-width: 800px) 100vw, 800px\" \/><figcaption id=\"caption-attachment-140755\" class=\"wp-caption-text\"><em>Foto-Credit: Henning Schulz (<strong><a href=\"http:\/\/www.henning-schulz.de\">www.henning-schulz.de<\/a><\/strong>) exklusiv f\u00fcr SMAGO.de \/ TichlerMedia UG<\/em><\/figcaption><\/figure>\n","protected":false},"excerpt":{"rendered":"<p>Der 78-j\u00e4hrige Martin Mann wird am 04.09.2022 den &#8222;Kultschlager-&#8218;Fernsehgarten&#8217;&#8220; rocken!<\/p>\n","protected":false},"author":2,"featured_media":187295,"comment_status":"open","ping_status":"closed","sticky":false,"template":"","format":"standard","meta":{"_FSMCFIC_featured_image_caption":"","_FSMCFIC_featured_image_nocaption":null,"_FSMCFIC_featured_image_hide":null},"categories":[29],"tags":[136],"acf":[],"_links":{"self":[{"href":"https:\/\/smago.de\/ws2\/wp-json\/wp\/v2\/posts\/187268"}],"collection":[{"href":"https:\/\/smago.de\/ws2\/wp-json\/wp\/v2\/posts"}],"about":[{"href":"https:\/\/smago.de\/ws2\/wp-json\/wp\/v2\/types\/post"}],"author":[{"embeddable":true,"href":"https:\/\/smago.de\/ws2\/wp-json\/wp\/v2\/users\/2"}],"replies":[{"embeddable":true,"href":"https:\/\/smago.de\/ws2\/wp-json\/wp\/v2\/comments?post=187268"}],"version-history":[{"count":6,"href":"https:\/\/smago.de\/ws2\/wp-json\/wp\/v2\/posts\/187268\/revisions"}],"predecessor-version":[{"id":187298,"href":"https:\/\/smago.de\/ws2\/wp-json\/wp\/v2\/posts\/187268\/revisions\/187298"}],"wp:featuredmedia":[{"embeddable":true,"href":"https:\/\/smago.de\/ws2\/wp-json\/wp\/v2\/media\/187295"}],"wp:attachment":[{"href":"https:\/\/smago.de\/ws2\/wp-json\/wp\/v2\/media?parent=187268"}],"wp:term":[{"taxonomy":"category","embeddable":true,"href":"https:\/\/smago.de\/ws2\/wp-json\/wp\/v2\/categories?post=187268"},{"taxonomy":"post_tag","embeddable":true,"href":"https:\/\/smago.de\/ws2\/wp-json\/wp\/v2\/tags?post=187268"}],"curies":[{"name":"wp","href":"https:\/\/api.w.org\/{rel}","templated":true}]}}