{"id":187249,"date":"2022-08-04T00:00:58","date_gmt":"2022-08-03T22:00:58","guid":{"rendered":"https:\/\/smago.de\/ws2\/?p=187249"},"modified":"2022-08-03T23:48:01","modified_gmt":"2022-08-03T21:48:01","slug":"matthias-carras-ich-lasse-mich-nicht-kleinkriegen","status":"publish","type":"post","link":"https:\/\/smago.de\/ws2\/pop-schlager\/matthias-carras-ich-lasse-mich-nicht-kleinkriegen\/","title":{"rendered":"MATTHIAS CARRAS <br>&#8222;Ich lasse mich nicht kleinkriegen !!!!!!&#8220;"},"content":{"rendered":"<p style=\"text-align: justify;\">Matthias Carras ist und bleibt ein K\u00e4mpfer! Sehen Sie HIER ein aktuelles Foto von Matthias Carras, das er selbst ver\u00f6ffentlicht hat (ACHTUNG: NICHTS F\u00dcR SCHWACHE NERVEN !!!)<br \/>\n<!--more--><\/p>\n<p style=\"text-align: justify;\">MATTHIAS CARRAS k\u00e4mpft weiter. Der an Knochenkrebs erkrankte S\u00e4nger ist dazu wild entschlossen, es auch diesmal wieder zu schaffen.<\/p>\n<p style=\"text-align: justify;\">Vorgestern Nachmittag (02.08.2022) meldete er sich auf seiner Facebook-Seite mit einer kurzen Nachricht an seine Fans zur\u00fcck &#8230;:<\/p>\n<p style=\"text-align: justify;\"><em>&#8222;Ich lasse mich nicht kleinkriegen !!!!!! Derzeit bekomme ich hochdosierte Chemotherapien, die meinen K\u00f6rper sehr schw\u00e4chen. Hinzu kam eine schwere Lungenentz\u00fcndundung und ein Nierenversagen.<\/em><\/p>\n<p style=\"text-align: justify;\">Ich bin auf dem Weg der Besserung.<\/p>\n<p style=\"text-align: justify;\">Vielen, lieben Dank f\u00fcr die vielen Genesungsw\u00fcnsche.<\/p>\n<p style=\"text-align: justify;\">Verzeiht mir, wenn ich nicht auf die vielen privaten Nachrichten antworten kann, ich bin einfach zu schwach daf\u00fcr.&#8220;<\/p>\n<p style=\"text-align: justify;\">\n<p style=\"text-align: justify;\">\n<figure id=\"attachment_187250\" aria-describedby=\"caption-attachment-187250\" style=\"width: 1152px\" class=\"wp-caption alignnone\"><img decoding=\"async\" loading=\"lazy\" class=\"size-full wp-image-187250\" src=\"https:\/\/smago.de\/ws2\/wp-content\/uploads\/2022\/08\/carras_privat.jpg\" alt=\"\" width=\"1152\" height=\"2048\" srcset=\"https:\/\/smago.de\/ws2\/wp-content\/uploads\/2022\/08\/carras_privat.jpg 1152w, https:\/\/smago.de\/ws2\/wp-content\/uploads\/2022\/08\/carras_privat-294x522.jpg 294w, https:\/\/smago.de\/ws2\/wp-content\/uploads\/2022\/08\/carras_privat-450x800.jpg 450w, https:\/\/smago.de\/ws2\/wp-content\/uploads\/2022\/08\/carras_privat-84x150.jpg 84w, https:\/\/smago.de\/ws2\/wp-content\/uploads\/2022\/08\/carras_privat-768x1365.jpg 768w, https:\/\/smago.de\/ws2\/wp-content\/uploads\/2022\/08\/carras_privat-864x1536.jpg 864w, https:\/\/smago.de\/ws2\/wp-content\/uploads\/2022\/08\/carras_privat-153x272.jpg 153w, https:\/\/smago.de\/ws2\/wp-content\/uploads\/2022\/08\/carras_privat-338x600.jpg 338w, https:\/\/smago.de\/ws2\/wp-content\/uploads\/2022\/08\/carras_privat-73x130.jpg 73w, https:\/\/smago.de\/ws2\/wp-content\/uploads\/2022\/08\/carras_privat-250x445.jpg 250w, https:\/\/smago.de\/ws2\/wp-content\/uploads\/2022\/08\/carras_privat-107x190.jpg 107w, https:\/\/smago.de\/ws2\/wp-content\/uploads\/2022\/08\/carras_privat-163x290.jpg 163w\" sizes=\"(max-width: 1152px) 100vw, 1152px\" \/><figcaption id=\"caption-attachment-187250\" class=\"wp-caption-text\"><em>Foto-Credit: <strong><a href=\"https:\/\/www.facebook.com\/matthias.carras.56\">Facebook-Seite von Matthias Carras<\/a><\/strong><\/em><\/figcaption><\/figure>\n<p>&nbsp;<\/p>\n<p>&nbsp;<\/p>\n<p>&nbsp;<\/p>\n<figure id=\"attachment_185377\" aria-describedby=\"caption-attachment-185377\" style=\"width: 2048px\" class=\"wp-caption alignnone\"><img decoding=\"async\" loading=\"lazy\" class=\"size-full wp-image-185377\" src=\"https:\/\/smago.de\/ws2\/wp-content\/uploads\/2022\/06\/Carras_Matthias-Wagner_Paulina.jpg\" alt=\"\" width=\"2048\" height=\"1536\" srcset=\"https:\/\/smago.de\/ws2\/wp-content\/uploads\/2022\/06\/Carras_Matthias-Wagner_Paulina.jpg 2048w, https:\/\/smago.de\/ws2\/wp-content\/uploads\/2022\/06\/Carras_Matthias-Wagner_Paulina-522x392.jpg 522w, https:\/\/smago.de\/ws2\/wp-content\/uploads\/2022\/06\/Carras_Matthias-Wagner_Paulina-800x600.jpg 800w, https:\/\/smago.de\/ws2\/wp-content\/uploads\/2022\/06\/Carras_Matthias-Wagner_Paulina-200x150.jpg 200w, https:\/\/smago.de\/ws2\/wp-content\/uploads\/2022\/06\/Carras_Matthias-Wagner_Paulina-768x576.jpg 768w, https:\/\/smago.de\/ws2\/wp-content\/uploads\/2022\/06\/Carras_Matthias-Wagner_Paulina-1536x1152.jpg 1536w, https:\/\/smago.de\/ws2\/wp-content\/uploads\/2022\/06\/Carras_Matthias-Wagner_Paulina-363x272.jpg 363w, https:\/\/smago.de\/ws2\/wp-content\/uploads\/2022\/06\/Carras_Matthias-Wagner_Paulina-130x98.jpg 130w, https:\/\/smago.de\/ws2\/wp-content\/uploads\/2022\/06\/Carras_Matthias-Wagner_Paulina-593x445.jpg 593w, https:\/\/smago.de\/ws2\/wp-content\/uploads\/2022\/06\/Carras_Matthias-Wagner_Paulina-696x522.jpg 696w, https:\/\/smago.de\/ws2\/wp-content\/uploads\/2022\/06\/Carras_Matthias-Wagner_Paulina-253x190.jpg 253w, https:\/\/smago.de\/ws2\/wp-content\/uploads\/2022\/06\/Carras_Matthias-Wagner_Paulina-387x290.jpg 387w\" sizes=\"(max-width: 2048px) 100vw, 2048px\" \/><figcaption id=\"caption-attachment-185377\" class=\"wp-caption-text\"><em>Foto-Credit: Heike Wagner<\/em><\/figcaption><\/figure>\n","protected":false},"excerpt":{"rendered":"<p>Matthias Carras ist und bleibt ein K\u00e4mpfer! Sehen Sie HIER ein aktuelles Foto von Matthias Carras, das er selbst ver\u00f6ffentlicht<\/p>\n","protected":false},"author":2,"featured_media":185377,"comment_status":"open","ping_status":"closed","sticky":false,"template":"","format":"standard","meta":{"_FSMCFIC_featured_image_caption":"","_FSMCFIC_featured_image_nocaption":null,"_FSMCFIC_featured_image_hide":null},"categories":[28],"tags":[378],"acf":[],"_links":{"self":[{"href":"https:\/\/smago.de\/ws2\/wp-json\/wp\/v2\/posts\/187249"}],"collection":[{"href":"https:\/\/smago.de\/ws2\/wp-json\/wp\/v2\/posts"}],"about":[{"href":"https:\/\/smago.de\/ws2\/wp-json\/wp\/v2\/types\/post"}],"author":[{"embeddable":true,"href":"https:\/\/smago.de\/ws2\/wp-json\/wp\/v2\/users\/2"}],"replies":[{"embeddable":true,"href":"https:\/\/smago.de\/ws2\/wp-json\/wp\/v2\/comments?post=187249"}],"version-history":[{"count":2,"href":"https:\/\/smago.de\/ws2\/wp-json\/wp\/v2\/posts\/187249\/revisions"}],"predecessor-version":[{"id":187252,"href":"https:\/\/smago.de\/ws2\/wp-json\/wp\/v2\/posts\/187249\/revisions\/187252"}],"wp:featuredmedia":[{"embeddable":true,"href":"https:\/\/smago.de\/ws2\/wp-json\/wp\/v2\/media\/185377"}],"wp:attachment":[{"href":"https:\/\/smago.de\/ws2\/wp-json\/wp\/v2\/media?parent=187249"}],"wp:term":[{"taxonomy":"category","embeddable":true,"href":"https:\/\/smago.de\/ws2\/wp-json\/wp\/v2\/categories?post=187249"},{"taxonomy":"post_tag","embeddable":true,"href":"https:\/\/smago.de\/ws2\/wp-json\/wp\/v2\/tags?post=187249"}],"curies":[{"name":"wp","href":"https:\/\/api.w.org\/{rel}","templated":true}]}}