{"id":187218,"date":"2022-08-03T18:21:14","date_gmt":"2022-08-03T16:21:14","guid":{"rendered":"https:\/\/smago.de\/ws2\/?p=187218"},"modified":"2022-08-03T18:26:38","modified_gmt":"2022-08-03T16:26:38","slug":"roland-kaiser-roland-kaiser-schaut-voller-zuversicht-in-die-zukunft","status":"publish","type":"post","link":"https:\/\/smago.de\/ws2\/uncategorized\/roland-kaiser-roland-kaiser-schaut-voller-zuversicht-in-die-zukunft\/","title":{"rendered":"ROLAND KAISER <br>Roland Kaiser schaut voller &#8222;Zuversicht&#8220; in die Zukunft &#8230;"},"content":{"rendered":"<p style=\"text-align: justify;\">&#8230; und tritt im September bei der &#8222;Starnacht aus der Wachau&#8220; auf!<br \/>\n<!--more--><\/p>\n<p>&nbsp;<\/p>\n<p>&nbsp;<\/p>\n<p>&nbsp;<\/p>\n<p style=\"text-align: justify;\">Auf seinem neuen Album <b>&#8222;PERSPEKTIVEN&#8220;<\/b>, das am\u00a0<b>02.09.2022<\/b> erscheint, beleuchtet <strong>ROLAND KAISER<\/strong> die verschiedenen Facetten des Lebens: Liebe und Erotik, Ver\u00e4nderung und Weiterentwicklung, aber auch Einsamkeit und Schmerz. Mit seinem neuen Song transportiert der S\u00e4nger nun jede Menge<b> &#8222;Zuversicht&#8220;<\/b> in einer unsicheren, von gesellschaftlicher Spaltung, zwischenmenschlicher Entfremdung, Zukunfts\u00e4ngsten und diversen anderen Problemen gepr\u00e4gten Zeit.<\/p>\n<p style=\"text-align: justify;\">Den dazugeh\u00f6rigen sehr emotionalen Videoclip, der die Message des Songs perfekt unterstreicht, kann man sich hier ansehen:<\/p>\n<p style=\"text-align: justify;\">\n<p>&nbsp;<\/p>\n<p style=\"text-align: justify;\"><iframe loading=\"lazy\" src=\"\/\/www.youtube.com\/embed\/cpQXv_DTAZg\" width=\"800\" height=\"449\" allowfullscreen=\"allowfullscreen\"><\/iframe><\/p>\n<p style=\"text-align: justify;\">\n<p style=\"text-align: justify;\">\n<p style=\"text-align: justify;\">Letztes Wochenende startete au\u00dferdem die legend\u00e4re Kaisermania 2022 in Dresden, die heuer im Jubil\u00e4umsjahr von Roland Kaiser sogar an 6 Terminen stattfindet. Um sich einen Eindruck dieser gro\u00dfartigen Show und Stimmung machen zu k\u00f6nnen, sollte man unbedingt hier in diese Live-Videos reinklicken:<\/p>\n<p style=\"text-align: justify;\">\n<p style=\"text-align: justify;\">\n<p style=\"text-align: justify;\">Die n\u00e4chsten <strong><u>Kaisermania Termine<\/u><\/strong> finden kommendes Wochenende in Dresden statt:\u00a004.08.2022, 05.08.2022 und 06.08.2022<\/p>\n<p style=\"text-align: justify;\">\n<p style=\"text-align: justify;\">\n<p style=\"text-align: justify;\">\n<p style=\"text-align: justify;\"><strong><u>Roland Kaiser LIVE in \u00d6sterreich:<\/u><\/strong><\/p>\n<p style=\"text-align: justify;\">\n<p style=\"text-align: justify;\">27.11.2022 &#8211; Stadthalle Wien<\/p>\n<p style=\"text-align: justify;\">\n<p style=\"text-align: justify;\">\n<p style=\"text-align: justify;\">\n<p style=\"text-align: justify;\"><strong>TV-TIPP:<\/strong><\/p>\n<p style=\"text-align: justify;\">\n<p style=\"text-align: justify;\">Am <strong>17.09.2022<\/strong> ist Roland Kaiser auch wieder im TV zu sehen. Da begr\u00fc\u00dfen ihn Barbara Sch\u00f6neberger und Hans Sigl in\u00a0Rossatzbach bei der <strong>&#8222;Starnacht aus der Wachau&#8220;.\u00a0<\/strong><\/p>\n<p style=\"text-align: justify;\">\n<p>&nbsp;<\/p>\n<p>&nbsp;<\/p>\n<p><iframe loading=\"lazy\" src=\"\/\/www.youtube.com\/embed\/871h9PvlDAA\" width=\"800\" height=\"449\" allowfullscreen=\"allowfullscreen\"><\/iframe><\/p>\n<p>&nbsp;<\/p>\n<p>&nbsp;<\/p>\n<p>&nbsp;<\/p>\n<p><iframe loading=\"lazy\" src=\"\/\/www.youtube.com\/embed\/4oIZA2s_66k\" width=\"800\" height=\"449\" allowfullscreen=\"allowfullscreen\"><\/iframe><\/p>\n<p>&nbsp;<\/p>\n<p>&nbsp;<\/p>\n<p>&nbsp;<\/p>\n<p><iframe loading=\"lazy\" src=\"\/\/www.youtube.com\/embed\/3O_dT6RFNP0\" width=\"800\" height=\"449\" allowfullscreen=\"allowfullscreen\"><\/iframe><\/p>\n<p>&nbsp;<\/p>\n<p>&nbsp;<\/p>\n<p>&nbsp;<\/p>\n<p>&nbsp;<\/p>\n<figure id=\"attachment_187219\" aria-describedby=\"caption-attachment-187219\" style=\"width: 11648px\" class=\"wp-caption alignnone\"><img decoding=\"async\" loading=\"lazy\" class=\"size-full wp-image-187219\" src=\"https:\/\/smago.de\/ws2\/wp-content\/uploads\/2022\/08\/Roland-Kaiser_Perspektiven_Pressefoto3_c_Paul-Schirnhofer.jpg\" alt=\"\" width=\"11648\" height=\"8736\" \/><figcaption id=\"caption-attachment-187219\" class=\"wp-caption-text\"><em>Foto-Credit: Paul Schirnhofer<\/em><\/figcaption><\/figure>\n","protected":false},"excerpt":{"rendered":"<p>&#8230; und tritt im September bei der &#8222;Starnacht aus der Wachau&#8220; auf!<\/p>\n","protected":false},"author":2,"featured_media":187219,"comment_status":"open","ping_status":"closed","sticky":false,"template":"","format":"standard","meta":{"_FSMCFIC_featured_image_caption":"","_FSMCFIC_featured_image_nocaption":null,"_FSMCFIC_featured_image_hide":null},"categories":[1],"tags":[207],"acf":[],"_links":{"self":[{"href":"https:\/\/smago.de\/ws2\/wp-json\/wp\/v2\/posts\/187218"}],"collection":[{"href":"https:\/\/smago.de\/ws2\/wp-json\/wp\/v2\/posts"}],"about":[{"href":"https:\/\/smago.de\/ws2\/wp-json\/wp\/v2\/types\/post"}],"author":[{"embeddable":true,"href":"https:\/\/smago.de\/ws2\/wp-json\/wp\/v2\/users\/2"}],"replies":[{"embeddable":true,"href":"https:\/\/smago.de\/ws2\/wp-json\/wp\/v2\/comments?post=187218"}],"version-history":[{"count":3,"href":"https:\/\/smago.de\/ws2\/wp-json\/wp\/v2\/posts\/187218\/revisions"}],"predecessor-version":[{"id":187222,"href":"https:\/\/smago.de\/ws2\/wp-json\/wp\/v2\/posts\/187218\/revisions\/187222"}],"wp:featuredmedia":[{"embeddable":true,"href":"https:\/\/smago.de\/ws2\/wp-json\/wp\/v2\/media\/187219"}],"wp:attachment":[{"href":"https:\/\/smago.de\/ws2\/wp-json\/wp\/v2\/media?parent=187218"}],"wp:term":[{"taxonomy":"category","embeddable":true,"href":"https:\/\/smago.de\/ws2\/wp-json\/wp\/v2\/categories?post=187218"},{"taxonomy":"post_tag","embeddable":true,"href":"https:\/\/smago.de\/ws2\/wp-json\/wp\/v2\/tags?post=187218"}],"curies":[{"name":"wp","href":"https:\/\/api.w.org\/{rel}","templated":true}]}}