{"id":187074,"date":"2022-07-30T13:15:07","date_gmt":"2022-07-30T11:15:07","guid":{"rendered":"https:\/\/smago.de\/ws2\/?p=187074"},"modified":"2022-07-30T13:15:07","modified_gmt":"2022-07-30T11:15:07","slug":"rk-kaisermania","status":"publish","type":"post","link":"https:\/\/smago.de\/ws2\/uncategorized\/rk-kaisermania\/","title":{"rendered":"RK Kaisermania"},"content":{"rendered":"<p>&nbsp;<\/p>\n<p>&nbsp;<\/p>\n<p>&nbsp;<\/p>\n<div id=\"pgc-2-3-0\" class=\"panel-grid-cell\">\n<div id=\"panel-2-3-0-1\" class=\"so-panel widget widget_sow-editor panel-last-child\" data-index=\"6\">\n<div class=\"panel-widget-style panel-widget-style-for-2-3-0-1\">\n<div class=\"so-widget-sow-editor so-widget-sow-editor-base\">\n<div class=\"siteorigin-widget-tinymce textwidget\">\n<h3>Mehr Shows! Mehr Musik! Mehr Emotionen!<\/h3>\n<p>Seit die <strong>KAISERMANIA<\/strong> vor nunmehr 19 Jahren erstmals als einzelnes Open Air-Konzert im Rahmen der Dresdner \u201eFilmn\u00e4chte am Elbufer\u201c \u00fcber die B\u00fchne ging, hat sich das j\u00e4hrlich wiederkehrende Musik-Spektakel zu einer echten Institution Dresdens entwickelt. Das 2003 durch Semmel Concerts initiierte, und heute zu einer Konzertreihe avancierte Event erfreute sich schon damals vom Start weg gro\u00dfer Beliebtheit und lockte generations\u00fcbergreifend tausende Fans in die S\u00e4chsische Hauptstadt. In den folgenden Jahren wuchsen Begeisterung und Nachfrage schnell an, so dass die <strong>KAISERMANIA<\/strong> im Jahr 2014 erstmals auf vier Konzertabende mit insgesamt 50.000 Zuschauern ausgeweitet werden konnte.<\/p>\n<p>Dabei ist es ist vor allem die geniale Kombination aus der ungeheuer gro\u00dfen Popularit\u00e4t der Musiklegende <strong>Roland Kaiser<\/strong>, die ausgelassene Euphorie des Publikums und das wundersch\u00f6ne Ambiente der Dresdner Altstadt, dass die <strong>KAISERMANIA <\/strong>zu einem unglaublichen Event der Extraklasse macht. Zum 15-j\u00e4hrigen Jubil\u00e4um in 2018 hatte sich die <strong>KAISERMANIA<\/strong> bereits zum gr\u00f6\u00dften deutschen Kultevent des Schlagers entwickelt. Durch die Pause in 2020\/2021 findet die <b data-ogsc=\"\">KAISERMANIA<\/b> in diesem Jahr an 6 Terminen statt, die bereits seit Monaten restlos ausverkauft sind. Es verwundert also kaum, dass es jedes Jahr auch mehrere tausend Zaung\u00e4ste gibt, die hinter der Absperrung auf den umliegenden Wiesen und Br\u00fccken in malerischer Landschaft \u00fcberschw\u00e4nglich mitfeiern. Mit jeder einzelnen <strong>KAISERMANIA-<\/strong>Show ger\u00e4t Dresden au\u00dfer Rand und Band und so haben bis heute bereits \u00fcber eine halbe Million Menschen eine der beliebten Shows pers\u00f6nlich miterlebt.<\/p>\n<p><a href=\"https:\/\/www.eventim.de\/artist\/roland-kaiser\/kaisermania-2022-roland-kaiser-live-mit-band-3000479\/?affiliate=TUG\" target=\"_blank\" rel=\"noopener\">Zum Ticketshop<\/a><\/p>\n<\/div>\n<\/div>\n<\/div>\n<\/div>\n<\/div>\n<div id=\"pgc-2-3-1\" class=\"panel-grid-cell\">\n<div id=\"panel-2-3-1-0\" class=\"so-panel widget widget_sow-slider panel-first-child panel-last-child\" data-index=\"7\">\n<div class=\"so-widget-sow-slider so-widget-sow-slider-default-53fd0f98de19-2\">\n<div class=\"sow-slider-base\">\n<ul class=\"sow-slider-images\" data-settings=\"{&quot;pagination&quot;:true,&quot;speed&quot;:800,&quot;timeout&quot;:8000,&quot;paused&quot;:false,&quot;pause_on_hover&quot;:false,&quot;swipe&quot;:true,&quot;nav_always_show_desktop&quot;:&quot;&quot;,&quot;nav_always_show_mobile&quot;:&quot;&quot;,&quot;breakpoint&quot;:&quot;780px&quot;,&quot;unmute&quot;:false,&quot;anchor&quot;:null}\">\n<li class=\"sow-slider-image cycle-slide cycle-sentinel\"><\/li>\n<li class=\"sow-slider-image cycle-slide\">\n<div class=\"sow-slider-image-container\">\n<div class=\"sow-slider-image-wrapper\">\n<div class=\"sow-slider-image-foreground-wrapper\"><img decoding=\"async\" loading=\"lazy\" class=\"sow-slider-foreground-image skip-lazy\" src=\"https:\/\/kaiser-mania.de\/wp-content\/uploads\/2021\/11\/Bildslider5_Kaisermania_Foto_Marcel-Brell1.jpg\" sizes=\"(max-width: 1280px) 100vw, 1280px\" srcset=\"https:\/\/kaiser-mania.de\/wp-content\/uploads\/2021\/11\/Bildslider5_Kaisermania_Foto_Marcel-Brell1.jpg 1280w, https:\/\/kaiser-mania.de\/wp-content\/uploads\/2021\/11\/Bildslider5_Kaisermania_Foto_Marcel-Brell1-400x267.jpg 400w, https:\/\/kaiser-mania.de\/wp-content\/uploads\/2021\/11\/Bildslider5_Kaisermania_Foto_Marcel-Brell1-1024x683.jpg 1024w, https:\/\/kaiser-mania.de\/wp-content\/uploads\/2021\/11\/Bildslider5_Kaisermania_Foto_Marcel-Brell1-768x512.jpg 768w, https:\/\/kaiser-mania.de\/wp-content\/uploads\/2021\/11\/Bildslider5_Kaisermania_Foto_Marcel-Brell1-272x182.jpg 272w\" alt=\"\" width=\"1280\" height=\"854\" \/><\/div>\n<\/div>\n<\/div>\n<\/li>\n<li class=\"sow-slider-image cycle-slide cycle-slide-active\">\n<div class=\"sow-slider-image-container\">\n<div class=\"sow-slider-image-wrapper\"><\/div>\n<\/div>\n<\/li>\n<\/ul>\n<\/div>\n<\/div>\n<\/div>\n<\/div>\n<p>&nbsp;<\/p>\n<p>&nbsp;<\/p>\n<p>***<\/p>\n<p>&nbsp;<\/p>\n<p>&nbsp;<\/p>\n<p>&nbsp;<\/p>\n<div class=\"singleheader entry-header alignwide\">\n<div class=\"detailheadline\">\n<h1 class=\"entry-title\">KAISERMANIA 2022<\/h1>\n<\/div>\n<\/div>\n<div class=\"inner singlecontent\">\n<div class=\"entry-content\">\n<h4>ROLAND KAISER LIVE MIT BAND<\/h4>\n<p>&nbsp;<\/p>\n<h4><strong>MEHR SHOWS! MEHR MUSIK! MEHR EMOTIONEN!<\/strong><\/h4>\n<p><strong>Wenn Dresdens Wiesen und Br\u00fccken des Elbufers im Lichtermeer tausender Feuerzeuge erstrahlt. Wenn sich in den Gesichtern abertausender gl\u00fccklicher Menschen eben jener Glanz widerspiegelt, unz\u00e4hlige H\u00e4nde im Takt hin- und herschwenken, Gesangsch\u00f6re und tosender Applaus die sommerliche Nachtluft erf\u00fcllt \u2013 wenn sich ganz Dresden im musikalischen Ausnahmezustand befindet \u2013 dann ist es wieder diese ganz besondere Zeit des Jahres \u2013 die KAISERMANIA-Zeit. 2022 wird nach drei Jahren Pause das legend\u00e4re Kultevent vom 29.7. \u2013 6.8.2022 am Elbufer in Dresden endlich wieder stattfinden. Anl\u00e4sslich seines 70. Geburtstags k\u00f6nnen die Fans ihren Star \u2013 die Musik-Ikone Roland Kaiser \u2013 sogar an sechs (!) Show-Abenden feiern. Das bedeutet: Mehr Shows! Mehr Musik! Und noch mehr Emotionen!<\/strong><\/p>\n<p>Mit den beiden Zusatzshows in diesem Jahr wird der charismatische Superstar zusammen mit seiner fantastischen Live-Band einem noch gr\u00f6\u00dferen Publikum aus Deutschland und Europa au\u00dfergew\u00f6hnliche, emotionale, vor allem aber unvergessliche Konzert-Abende am Dresdner Elbufer bereiten.<\/p>\n<p><strong>Die Termine der KAISERMANIA 2022:<\/strong><\/p>\n<p>Konzert 1: Freitag, 29.07.2022<br \/>\nKonzert 2: Samstag, 30.07.2022 (TV)<br \/>\nKonzert 3: Sonntag, 31.07.2022<br \/>\nKonzert 4: Donnerstag, 04.08.2022<br \/>\nKonzert 5: Freitag, 05.08.2022<br \/>\nKonzert 6: Samstag, 06.08.2022<\/p>\n<p>Eines steht au\u00dfer Frage \u2013 Roland Kaiser und seine KAISERMANIA-Konzerte sind l\u00e4ngst Kult.<\/p>\n<p>Kaum ein anderer deutscher K\u00fcnstler blickt auf eine derart erfolgreiche, schillernde und mittlerweile seit f\u00fcnf Dekaden best\u00e4ndige Karriere zur\u00fcck wie Roland Kaiser. Er ist ein f\u00fcr die B\u00fchne geborener Entertainer und absoluter Publikumsliebling \u2013 schlichtweg eine lebende Legende, die mit beiden Beinen fest auf dem Boden steht und sich auch f\u00fcr sein soziales Engagement auszeichnet.<\/p>\n<p>Seine fast 100 Millionen verkauften Schallplatten und eine unglaubliche Anzahl an Mega-Hits begeistern heute mehr als drei Generationen. Dabei sind es nicht nur seine Songs mit den f\u00fcr ihn typischen verwegenen, zweideutigen Texten und einem stets zeitgem\u00e4\u00dfen Sound, die das Publikum so inbr\u00fcnstig lieben, sondern vor allem auch die Authentizit\u00e4t, seine einzigartige Ausstrahlung und Stilsicherheit, mit der er es versteht, seine zahlreichen Fans zu begeistern.<\/p>\n<p>Als einer von wenigen K\u00fcnstlern wagte er bereits im Sp\u00e4tsommer 2021 den Schritt zur\u00fcck auf die B\u00fchne und damit auch zur\u00fcck zu etwas Normalit\u00e4t. Im Winter 2021 beendete Roland Kaiser seine \u201eAlles oder Dich\u201c Tournee, die als erste gro\u00dfe Arena-Tournee seit Beginn der Pandemie in Deutschland mit insgesamt fast 150.000 Konzertbesuchern erfolgreich gefeiert wurde.<\/p>\n<p>Weitere Infos und Inhalte unter:\u00a0\u00a0 <a href=\"https:\/\/www.roland-kaiser.de\/\" target=\"_blank\" rel=\"noopener\">www.roland-kaiser.de<\/a>\u00a0I <a href=\"https:\/\/www.semmel.de\/\" target=\"_blank\" rel=\"noopener\">www.semmel.de<\/a> sowie <a href=\"https:\/\/www.instagram.com\/rolandkaiseroffiziell\/?hl=de\" target=\"_blank\" rel=\"noopener\">INSTAGRAM<\/a> I <a href=\"https:\/\/www.facebook.com\/RolandKaiserOffiziell\" target=\"_blank\" rel=\"noopener\">FACEBOOK<\/a><\/p>\n<\/div>\n<\/div>\n","protected":false},"excerpt":{"rendered":"<p>&nbsp; &nbsp; &nbsp; Mehr Shows! Mehr Musik! Mehr Emotionen! Seit die KAISERMANIA vor nunmehr 19 Jahren erstmals als einzelnes Open<\/p>\n","protected":false},"author":2,"featured_media":0,"comment_status":"open","ping_status":"closed","sticky":false,"template":"","format":"standard","meta":{"_FSMCFIC_featured_image_caption":"","_FSMCFIC_featured_image_nocaption":null,"_FSMCFIC_featured_image_hide":null},"categories":[1],"tags":[],"acf":[],"_links":{"self":[{"href":"https:\/\/smago.de\/ws2\/wp-json\/wp\/v2\/posts\/187074"}],"collection":[{"href":"https:\/\/smago.de\/ws2\/wp-json\/wp\/v2\/posts"}],"about":[{"href":"https:\/\/smago.de\/ws2\/wp-json\/wp\/v2\/types\/post"}],"author":[{"embeddable":true,"href":"https:\/\/smago.de\/ws2\/wp-json\/wp\/v2\/users\/2"}],"replies":[{"embeddable":true,"href":"https:\/\/smago.de\/ws2\/wp-json\/wp\/v2\/comments?post=187074"}],"version-history":[{"count":1,"href":"https:\/\/smago.de\/ws2\/wp-json\/wp\/v2\/posts\/187074\/revisions"}],"predecessor-version":[{"id":187075,"href":"https:\/\/smago.de\/ws2\/wp-json\/wp\/v2\/posts\/187074\/revisions\/187075"}],"wp:attachment":[{"href":"https:\/\/smago.de\/ws2\/wp-json\/wp\/v2\/media?parent=187074"}],"wp:term":[{"taxonomy":"category","embeddable":true,"href":"https:\/\/smago.de\/ws2\/wp-json\/wp\/v2\/categories?post=187074"},{"taxonomy":"post_tag","embeddable":true,"href":"https:\/\/smago.de\/ws2\/wp-json\/wp\/v2\/tags?post=187074"}],"curies":[{"name":"wp","href":"https:\/\/api.w.org\/{rel}","templated":true}]}}