{"id":187037,"date":"2022-07-31T00:00:07","date_gmt":"2022-07-30T22:00:07","guid":{"rendered":"https:\/\/smago.de\/ws2\/?p=187037"},"modified":"2022-07-29T11:06:23","modified_gmt":"2022-07-29T09:06:23","slug":"mandy-schwarz-sie-besingt-die-ruhe-vor-dem-sturm","status":"publish","type":"post","link":"https:\/\/smago.de\/ws2\/pop-schlager\/mandy-schwarz-sie-besingt-die-ruhe-vor-dem-sturm\/","title":{"rendered":"MANDY SCHWARZ <br>Sie besingt die &#8222;Ruhe nach dem Sturm&#8220;!"},"content":{"rendered":"<p>Sehen Sie HIER auch den Videoclip &#8230;:<br \/>\n<!--more--><\/p>\n<p>&nbsp;<\/p>\n<p>&nbsp;<\/p>\n<p style=\"text-align: justify;\">Mit \u201eRuhe nach dem Sturm\u201c ver\u00f6ffentlich Mandy Schwarz nun erstmalig einen Song aus eigener Feder. Sepp G\u00fcntner, als Komponist ist ein alter Bekannter, mit Anna Jones &amp; Foxdog Music fand sich ein sehr guter Produktionspartner. Eine weitere Zusammenarbeit ist geplant.<\/p>\n<p>&nbsp;<\/p>\n<p>&nbsp;<\/p>\n<p><iframe loading=\"lazy\" src=\"\/\/www.youtube.com\/embed\/Pbn0QIqJUQ8\" width=\"800\" height=\"449\" allowfullscreen=\"allowfullscreen\"><\/iframe><\/p>\n<p>&nbsp;<\/p>\n<p>&nbsp;<\/p>\n<p style=\"text-align: justify;\"><strong>Mandy Schwarz &#8211; Temperament, Professionalit\u00e4t und Entertainment<\/strong><\/p>\n<p>&nbsp;<\/p>\n<p>&nbsp;<\/p>\n<p style=\"text-align: justify;\">Mandy Schwarz hat zwei T\u00f6chter und lebt mit Ihrem Lebensgef\u00e4hrten in Dresden. Geboren und aufgewachsen ist sie in der Oberlausitz am Dreil\u00e4ndereck Deutschland-Tschechien-Polen. Ihr Gesangstalent fiel schon fr\u00fch auf und sie wurde in verschiedenen Kinder- und Jugendch\u00f6ren und sp\u00e4ter im Kirchenchor musikalisch gef\u00f6rdert. Solos in Kirchen zu singen machte der besonderen Akustik wegen unheimlich Spa\u00df und weckte den Wunsch in ihr, S\u00e4ngerin zu werden.<\/p>\n<p style=\"text-align: justify;\">Nach dem Abitur studierte sie in Dresden allerdings erst mal das Lehramt, um dann im Kulturclub der Hochschule festzustellen, dass Musik und Entertainment doch mehr Spa\u00df machen. In der Folge liess sich Mandy Schwarz musikalisch ausbilden, unter anderem bei ihrer Gesangslehrerin Monica Bethge. Unter Prof. Schulz an der Hochschule f\u00fcr Musik \u201eCarl Maria von Weber\u201c in Dresden holte sie sich den letzten Schliff f\u00fcr den Start einer Gesangskarriere.<\/p>\n<p style=\"text-align: justify;\">Endlich in der Gro\u00dfstadt angelangt, wurde nun experimentiert. Ausprobiert wurde erst mal alles, von Punk und Rock \u00fcber Musik-Comedy und Musical bis hin zu Pop. 1999 holte sich Mandy Schwarz bei einem Interpretenwettbewerb mit dem 1. Platz ihren ersten Erfolg. Die Texte f\u00fcr ihre Titel schrieb sie selbst, die Musik dazu Sepp G\u00fcntner. Nun kamen auch die ersten vielversprechenden Engagements! Bei der \u201ePallas-Show-Band\u201c aus Berlin blieb sie von 1999 bis 2001. Die folgenden Jahre arbeitet(e) sie erfolgreich als \u201eFrida\u201c in verschiedenen ABBA-Shows, wie \u201eABBA da capo\u201c und \u201eABBAgirls\u201c: Tourneen gab\u2019s von Norwegen bis Rum\u00e4nien, durch ganz Europa.<\/p>\n<p style=\"text-align: justify;\">Mandy Schwarz stand auch mit den Grossen live auf der B\u00fchne; man hat Garderobe und B\u00fchne geteilt und bei gemeinsamen Veranstaltungen und Konzerten beste Action geboten. Um nur einige zu nennen: The Rubettes, Boney M., Middle oft he road, Fancy, Ireen Sheer, Bernhard Brink, Olaf Berger oder DJ \u00d6tzi und viele mehr! Zu den unvergessenen H\u00f6hepunkten z\u00e4hlen medienumworbenen Konzerte vor mehr als 10.000 Zuschauern, wie etwa zur \u201eTour de France\u201c, zur \u201eBiathlon-WM\u201c in Ruhpolding und zur \u201eFu\u00dfball-WM 2006\u201c auf der Fanmeile in Kaiserslautern. Nat\u00fcrlich hinterlie\u00dfen auch die besonders fanverr\u00fcckten und von den Medien begleiteten Konzerte in Rum\u00e4nien gro\u00dfen Eindruck bei ihr.<\/p>\n<p style=\"text-align: justify;\">Nachdem sich der ABBA-Hype gelegt hatte, erinnerte sich Mandy Schwarz an ihre zweite Leidenschaft, das Unterrichten. Seit mehr als 10 Jahren gibt sie als Vocalcoach Tipps und Tricks f\u00fcr Stimme und B\u00fchne an die n\u00e4chste Generation weiter. In gleicher Funktion und mit derselben Leidenschaft unterrichtet sie auch in einem Schulprojekt, das 2015 den \u201eEurop\u00e4ischen Schulmusikpreis\u201c gewann. Ob Schlager oder Heavy Metal, ob Profi oder Hobbys\u00e4nger, ihre Sch\u00fclerinnen und Sch\u00fcler in ihrer Entwicklung und auf dem Weg nach oben begleiten zu d\u00fcrfen, ist Erf\u00fcllung und macht Spa\u00df zugleich.<\/p>\n<p style=\"text-align: justify;\">Das B\u00fchnenleben lie\u00df sie allerdings nie mehr los. Beeindruckt von der Wiedergeburt des deutschen Schlagers unter anderem durch K\u00fcnstlerinnen wie Helene Fischer oder Andrea Berg, der Mandy Schwarz auch eine Double-Show widmete, reifte der Entschluss, sich nun diesem Genre mit noch mehr Leidenschaft zuzuwenden. Den Stein ins Rollen brachte ein ganz besonderes Angebot: Durch ein deutschlandweites Internet-Casting wurde sie von einem Schweizer Produzenten-Team entdeckt und kann sich nun einen lang gehegten Traum erf\u00fcllen: Endlich eigene Hits auf die B\u00fchne und in die Medien bringen!<\/p>\n<p style=\"text-align: justify;\">Seit Januar 2017 arbeitet das Team kontinuierlich an neuen Songs; die Besuche in der Schweiz sind immer spannend und ereignisreich und eine durch und durch positive Erfahrung in ihrer ganz pers\u00f6nlichen Geschichte. Und \u2013 die breite Ausrichtung der Titel in bew\u00e4hrter und neuer Stilausrichtung, bezeugt die Vielseitigkeit der S\u00e4ngerin Mandy Schwarz: Man darf gespannt sein auf jeden einzelnen davon!<\/p>\n<p style=\"text-align: justify;\">\n","protected":false},"excerpt":{"rendered":"<p>Sehen Sie HIER auch den Videoclip &#8230;:<\/p>\n","protected":false},"author":2,"featured_media":0,"comment_status":"open","ping_status":"closed","sticky":false,"template":"","format":"standard","meta":{"_FSMCFIC_featured_image_caption":"","_FSMCFIC_featured_image_nocaption":null,"_FSMCFIC_featured_image_hide":null},"categories":[28],"tags":[2632],"acf":[],"_links":{"self":[{"href":"https:\/\/smago.de\/ws2\/wp-json\/wp\/v2\/posts\/187037"}],"collection":[{"href":"https:\/\/smago.de\/ws2\/wp-json\/wp\/v2\/posts"}],"about":[{"href":"https:\/\/smago.de\/ws2\/wp-json\/wp\/v2\/types\/post"}],"author":[{"embeddable":true,"href":"https:\/\/smago.de\/ws2\/wp-json\/wp\/v2\/users\/2"}],"replies":[{"embeddable":true,"href":"https:\/\/smago.de\/ws2\/wp-json\/wp\/v2\/comments?post=187037"}],"version-history":[{"count":4,"href":"https:\/\/smago.de\/ws2\/wp-json\/wp\/v2\/posts\/187037\/revisions"}],"predecessor-version":[{"id":187042,"href":"https:\/\/smago.de\/ws2\/wp-json\/wp\/v2\/posts\/187037\/revisions\/187042"}],"wp:attachment":[{"href":"https:\/\/smago.de\/ws2\/wp-json\/wp\/v2\/media?parent=187037"}],"wp:term":[{"taxonomy":"category","embeddable":true,"href":"https:\/\/smago.de\/ws2\/wp-json\/wp\/v2\/categories?post=187037"},{"taxonomy":"post_tag","embeddable":true,"href":"https:\/\/smago.de\/ws2\/wp-json\/wp\/v2\/tags?post=187037"}],"curies":[{"name":"wp","href":"https:\/\/api.w.org\/{rel}","templated":true}]}}