{"id":187022,"date":"2022-07-29T10:10:40","date_gmt":"2022-07-29T08:10:40","guid":{"rendered":"https:\/\/smago.de\/ws2\/?p=187022"},"modified":"2022-07-29T13:31:36","modified_gmt":"2022-07-29T11:31:36","slug":"volker-rosin","status":"publish","type":"post","link":"https:\/\/smago.de\/ws2\/kinderprogramm\/volker-rosin\/","title":{"rendered":"VOLKER ROSIN <br>Ab 05.08.2022 erh\u00e4ltlich: der &#8222;Die Kuh Mathilde&#8220; &#8211; Mallorca Mix!"},"content":{"rendered":"<p>Die Melodie beruht auf dem spanischen Volkslied &#8222;La Cucaracha&#8220;!<br \/>\n<!--more--><\/p>\n<p>&nbsp;<\/p>\n<p>&nbsp;<\/p>\n<p style=\"text-align: justify;\">VOLKER ROSIN, der K\u00f6nig der Kinderdisco, legt von seinem \u201ekuuuhlen\u201c Sommerhit &#8222;Die Kuh Mathilde&#8220; aus seinem im Herbst erscheinenden neuen Album \u201eDas Disco Krokodil\u201c jetzt noch einen Mallorca Mix nach &#8211; mit noch mehr Wumms, Kuhglocke und Muuuh f\u00fcr noch mehr Partylaune und Tanzstimmung! Denn Gro\u00df und Klein will endlich wieder ausgelassen singen, tanzen und fr\u00f6hlich sein, ob in der Kinderdisco, im Urlaub oder daheim. Zum noch besseren Mitsingen, -machen und -muhen gibt\u2019s wie schon zu Mathildes Single Mix auch wieder ein sommerliches Video.<\/p>\n<p style=\"text-align: justify;\"><iframe loading=\"lazy\" src=\"\/\/www.youtube.com\/embed\/xMmKAA1ReuU\" width=\"800\" height=\"449\" allowfullscreen=\"allowfullscreen\"><\/iframe><\/p>\n<p>&nbsp;<\/p>\n<p>&nbsp;<\/p>\n<p style=\"text-align: justify;\"><strong>Biografie VOLKER ROSIN<\/strong><\/p>\n<p>&nbsp;<\/p>\n<p>&nbsp;<\/p>\n<p style=\"text-align: justify;\">Seit 43 Jahren steht Volker Rosin bereits auf der B\u00fchne. Hits und Evergreens wie \u201eDas singende K\u00e4nguru&#8220;, \u201eDer Gorilla mit der Sonnenbrille&#8220;, \u201eDas Lied \u00fcber mich&#8220; oder \u201eKomm lass uns tanzen&#8220; begleiten seine erfolgreiche Karriere als \u201eK\u00f6nig der Kinderdisco\u201c. \u201eMeine Lieder werden inzwischen von mehreren Generationen gesungen, dass macht mich gl\u00fccklich und stolz\u201c, erkl\u00e4rt der 66-j\u00e4hrige. \u201eAus den Kindern von damals sind Eltern geworden, die meine Lieder am Leben erhalten.\u201c<\/p>\n<p style=\"text-align: justify;\">Was Kindern Spa\u00df macht und wie man sie mitrei\u00dft, wei\u00df Volker Rosin ganz genau. In den 1970er-Jahren war er einer der ersten m\u00e4nnlichen Erzieher in NRW und schon damals hat er mit \u201eseinen\u201c Kindergartenkindern viel musiziert. Als er sich seine berufliche Perspektive ausmalte, Leiter einer Einrichtung zu werden &#8211; mit viel B\u00fcrokram und weg von den Kindern -, schnappte sich Rosin seine Gitarre und ging auf Test-Tournee durch die Kinderg\u00e4rten. Der Rest ist Geschichte. Heute kann er auf \u00fcber 5.000 Konzerte zur\u00fcckblicken und darf sich \u00fcber rund 5 Millionen verkaufte Tontr\u00e4ger und 600.000 Spiel- und Liederb\u00fccher freuen. F\u00fcnf goldene Schallplatten und zahlreiche Erfolge in den deutschen Charts \u2013 zuletzt Platz 40 mit seinem Best-of-Album &#8211; zeugen von seinem Erfolg. Unz\u00e4hlige Kinder haben ihre ersten musikalischen Erfahrungen mit Rosins Liedern gemacht.<\/p>\n<p style=\"text-align: justify;\">Volker Rosin ist daher einer der ganz Gro\u00dfen in Sachen Kindermusik und hat die deutsche Kindermusikszene ma\u00dfgeblich mitgepr\u00e4gt. 120 Live-Auftritte im Jahr halten ihn auch heute noch \u201efit wie ein Turnschuh\u201c, ebenso die N\u00e4he und Verbundenheit mit seinem jungen Publikum. Ihm gelingt es, eine musikalische Br\u00fccke zwischen den Generationen zu schlagen, und man glaubt ihm sofort, wenn er sagt: \u201eIch f\u00fchle mich den Kindern nahe und nehme sie ernst.\u201c Nach seinem Erfolgsrezept befragt l\u00e4chelt er: &#8222;In mir steckt selber noch eine Menge Kind und alle meine Lieder m\u00fcssen mir immer auch selbst gefallen.\u201c<\/p>\n<p style=\"text-align: justify;\">Volker Rosin, der K\u00f6nig der Kinderdisco, hat in seiner \u00fcber 40-j\u00e4hrigen Karriere um die 800 Lieder geschrieben. Seine Gute-Laune-Lieder sind aus den Minidiscos und Ferienclubs dieser Welt l\u00e4ngst nicht mehr wegzudenken. Aber nicht nur dort: Seine Songs sind \u00fcberall dort Nr. 1, wo Kinder gern singen und tanzen &#8211; ob im Kinderzimmer, im Kindergarten, in der Schule oder Tanzschule. Sie sind bei Kindern, Eltern und Erziehern gleicherma\u00dfen beliebt, denn sie gehen direkt ins Ohr, bewegen die Herzen und bringen kleine wie gro\u00dfe Menschen in Schwung. Mit seinen Liedern ist der \u201eKiKA Tanzalarm\u201c zu einer der erfolgreichsten TV-Serien f\u00fcr Kinder geworden und auch seine Live-Konzerte sind seit jeher gro\u00dfe Happenings, die durch gemeinsames Singen und Tanzen ein emotionales Konzerterlebnis schaffen.<\/p>\n<p style=\"text-align: justify;\">Dabei bleibt das Thema Bewegung f\u00fcr den diplomierten Sozialp\u00e4dagogen aber stets das wichtigste: \u201eFitness ist f\u00fcr die Gesundheit und die Entwicklung unserer Kinder ein Muss. Denn wer sich nicht ausreichend bewegt, der bleibt auch im \u00fcbertragenden Sinne sitzen.&#8220; 2010 wurde eine D\u00fcsseldorfer Grundschule sogar in \u201eVolker Rosin Schule&#8220; umbenannt. Und Anfang 2017 gr\u00fcndete der engagierte Kinderliedermacher mit der Unterst\u00fctzung seiner Familie die Volker-Rosin-Stiftung, deren Motto lautet: \u201eMit Musik Kindern helfen\u201c.<\/p>\n<p style=\"text-align: justify;\">Mit &#8222;Die Kuh Mathilde&#8220; pr\u00e4sentiert Rosin nun die erste Vorabsingle aus seinem im Herbst kommenden 37.(!) Album &#8222;Das Disco Krokodil&#8220;.<\/p>\n<div class=\"mceTemp\"><\/div>\n<p>&nbsp;<\/p>\n<p>&nbsp;<\/p>\n<p><img decoding=\"async\" loading=\"lazy\" class=\"alignnone size-large wp-image-187048\" src=\"https:\/\/smago.de\/ws2\/wp-content\/uploads\/2022\/07\/rosin_Kuh-800x800.jpg\" alt=\"\" width=\"800\" height=\"800\" srcset=\"https:\/\/smago.de\/ws2\/wp-content\/uploads\/2022\/07\/rosin_Kuh-800x800.jpg 800w, https:\/\/smago.de\/ws2\/wp-content\/uploads\/2022\/07\/rosin_Kuh-522x522.jpg 522w, https:\/\/smago.de\/ws2\/wp-content\/uploads\/2022\/07\/rosin_Kuh-150x150.jpg 150w, https:\/\/smago.de\/ws2\/wp-content\/uploads\/2022\/07\/rosin_Kuh-768x768.jpg 768w, https:\/\/smago.de\/ws2\/wp-content\/uploads\/2022\/07\/rosin_Kuh-1536x1536.jpg 1536w, https:\/\/smago.de\/ws2\/wp-content\/uploads\/2022\/07\/rosin_Kuh-2048x2048.jpg 2048w, https:\/\/smago.de\/ws2\/wp-content\/uploads\/2022\/07\/rosin_Kuh-272x272.jpg 272w, https:\/\/smago.de\/ws2\/wp-content\/uploads\/2022\/07\/rosin_Kuh-600x600.jpg 600w, https:\/\/smago.de\/ws2\/wp-content\/uploads\/2022\/07\/rosin_Kuh-130x130.jpg 130w, https:\/\/smago.de\/ws2\/wp-content\/uploads\/2022\/07\/rosin_Kuh-445x445.jpg 445w, https:\/\/smago.de\/ws2\/wp-content\/uploads\/2022\/07\/rosin_Kuh-190x190.jpg 190w, https:\/\/smago.de\/ws2\/wp-content\/uploads\/2022\/07\/rosin_Kuh-290x290.jpg 290w\" sizes=\"(max-width: 800px) 100vw, 800px\" \/><\/p>\n","protected":false},"excerpt":{"rendered":"<p>Die Melodie beruht auf dem spanischen Volkslied &#8222;La Cucaracha&#8220;!<\/p>\n","protected":false},"author":2,"featured_media":187048,"comment_status":"open","ping_status":"closed","sticky":false,"template":"","format":"standard","meta":{"_FSMCFIC_featured_image_caption":"","_FSMCFIC_featured_image_nocaption":null,"_FSMCFIC_featured_image_hide":null},"categories":[20,26],"tags":[1580],"acf":[],"_links":{"self":[{"href":"https:\/\/smago.de\/ws2\/wp-json\/wp\/v2\/posts\/187022"}],"collection":[{"href":"https:\/\/smago.de\/ws2\/wp-json\/wp\/v2\/posts"}],"about":[{"href":"https:\/\/smago.de\/ws2\/wp-json\/wp\/v2\/types\/post"}],"author":[{"embeddable":true,"href":"https:\/\/smago.de\/ws2\/wp-json\/wp\/v2\/users\/2"}],"replies":[{"embeddable":true,"href":"https:\/\/smago.de\/ws2\/wp-json\/wp\/v2\/comments?post=187022"}],"version-history":[{"count":5,"href":"https:\/\/smago.de\/ws2\/wp-json\/wp\/v2\/posts\/187022\/revisions"}],"predecessor-version":[{"id":187049,"href":"https:\/\/smago.de\/ws2\/wp-json\/wp\/v2\/posts\/187022\/revisions\/187049"}],"wp:featuredmedia":[{"embeddable":true,"href":"https:\/\/smago.de\/ws2\/wp-json\/wp\/v2\/media\/187048"}],"wp:attachment":[{"href":"https:\/\/smago.de\/ws2\/wp-json\/wp\/v2\/media?parent=187022"}],"wp:term":[{"taxonomy":"category","embeddable":true,"href":"https:\/\/smago.de\/ws2\/wp-json\/wp\/v2\/categories?post=187022"},{"taxonomy":"post_tag","embeddable":true,"href":"https:\/\/smago.de\/ws2\/wp-json\/wp\/v2\/tags?post=187022"}],"curies":[{"name":"wp","href":"https:\/\/api.w.org\/{rel}","templated":true}]}}