{"id":186993,"date":"2022-07-29T23:59:51","date_gmt":"2022-07-29T21:59:51","guid":{"rendered":"https:\/\/smago.de\/ws2\/?p=186993"},"modified":"2022-07-29T09:37:38","modified_gmt":"2022-07-29T07:37:38","slug":"roland-kaiser-sa-so-30-31-07-2022-mdr-fernsehen-alle-lieben-kaiser","status":"publish","type":"post","link":"https:\/\/smago.de\/ws2\/schlager\/roland-kaiser-sa-so-30-31-07-2022-mdr-fernsehen-alle-lieben-kaiser\/","title":{"rendered":"ROLAND KAISER <br>Sa.\/So., 30.\/31.07.2022, MDR FERNSEHEN: &#8222;Alle lieben Kaiser!&#8220; (Wh.!)!"},"content":{"rendered":"<p>Roland Kaiser im exklusiven &#8222;Alles oder Dich&#8220;-Konzert \/\/ 02:30 Uhr . 04:00 Uhr!<br \/>\n<!--more--><\/p>\n<p>&nbsp;<\/p>\n<p style=\"text-align: justify;\">Mit dem exklusiven Live-Konzert aus der Berliner Columbiahalle beweist ROLAND KAISER \u00a0einmal mehr, dass er der Grandseigneur des deutschen Schlagers ist. All seine Songs seines Studioalbums &#8222;Alles oder Dich&#8220; sind im legend\u00e4ren Hansa-Studio in Berlin entstanden und kn\u00fcpfen an den Erfolgssound der letzten Jahre an &#8211; modern, mitrei\u00dfend und \u00fcberraschend. So konnte Roland Kaiser f\u00fcr ein Duett eine ganz besondere Gesangspartnerin gewinnen: Barbara Sch\u00f6neberger. Ein weiterer Gast wird Maite Kelly sein, die gemeinsam mit Roland Kaiser das Erfolgsduett &#8222;Warum hast du nicht nein gesagt&#8220; performen wird.<\/p>\n<p style=\"text-align: justify;\">Seit \u00fcber 40 Jahren ist die B\u00fchne sein Zuhause, seit \u00fcber 40 Jahren feiern ihn seine Fans. Mit \u00fcber 90 Millionen verkauften Tontr\u00e4gern, zahlreichen Hits und einer Vielzahl von Auszeichnungen z\u00e4hlt Roland Kaiser zu den beliebtesten und erfolgreichsten deutschen K\u00fcnstlern. Klassiker wie &#8222;Santa Maria&#8220; oder &#8222;Joana&#8220; sind l\u00e4ngst zu deutschem Kulturgut avanciert und d\u00fcrfen auf keiner Schlagerparty fehlen.<\/p>\n<p>&nbsp;<\/p>\n<p>&nbsp;<\/p>\n<figure id=\"attachment_186994\" aria-describedby=\"caption-attachment-186994\" style=\"width: 800px\" class=\"wp-caption alignnone\"><img decoding=\"async\" loading=\"lazy\" class=\"size-large wp-image-186994\" src=\"https:\/\/smago.de\/ws2\/wp-content\/uploads\/2022\/07\/1_Alle_lieben_Kaiser_Alles_oder_Dich-800x528.jpg\" alt=\"\" width=\"800\" height=\"528\" srcset=\"https:\/\/smago.de\/ws2\/wp-content\/uploads\/2022\/07\/1_Alle_lieben_Kaiser_Alles_oder_Dich-800x528.jpg 800w, https:\/\/smago.de\/ws2\/wp-content\/uploads\/2022\/07\/1_Alle_lieben_Kaiser_Alles_oder_Dich-522x345.jpg 522w, https:\/\/smago.de\/ws2\/wp-content\/uploads\/2022\/07\/1_Alle_lieben_Kaiser_Alles_oder_Dich-227x150.jpg 227w, https:\/\/smago.de\/ws2\/wp-content\/uploads\/2022\/07\/1_Alle_lieben_Kaiser_Alles_oder_Dich-768x507.jpg 768w, https:\/\/smago.de\/ws2\/wp-content\/uploads\/2022\/07\/1_Alle_lieben_Kaiser_Alles_oder_Dich-1536x1014.jpg 1536w, https:\/\/smago.de\/ws2\/wp-content\/uploads\/2022\/07\/1_Alle_lieben_Kaiser_Alles_oder_Dich-2048x1352.jpg 2048w, https:\/\/smago.de\/ws2\/wp-content\/uploads\/2022\/07\/1_Alle_lieben_Kaiser_Alles_oder_Dich-392x259.jpg 392w, https:\/\/smago.de\/ws2\/wp-content\/uploads\/2022\/07\/1_Alle_lieben_Kaiser_Alles_oder_Dich-130x86.jpg 130w, https:\/\/smago.de\/ws2\/wp-content\/uploads\/2022\/07\/1_Alle_lieben_Kaiser_Alles_oder_Dich-674x445.jpg 674w, https:\/\/smago.de\/ws2\/wp-content\/uploads\/2022\/07\/1_Alle_lieben_Kaiser_Alles_oder_Dich-791x522.jpg 791w, https:\/\/smago.de\/ws2\/wp-content\/uploads\/2022\/07\/1_Alle_lieben_Kaiser_Alles_oder_Dich-288x190.jpg 288w, https:\/\/smago.de\/ws2\/wp-content\/uploads\/2022\/07\/1_Alle_lieben_Kaiser_Alles_oder_Dich-435x287.jpg 435w, https:\/\/smago.de\/ws2\/wp-content\/uploads\/2022\/07\/1_Alle_lieben_Kaiser_Alles_oder_Dich-150x100.jpg 150w\" sizes=\"(max-width: 800px) 100vw, 800px\" \/><figcaption id=\"caption-attachment-186994\" class=\"wp-caption-text\">Roland Kaiser beim exklusiven Live-Konzert aus der Berliner Columbiahalle<\/p>\n<p>\u00a9 MDR \/ Marcel Brell<\/figcaption><\/figure>\n","protected":false},"excerpt":{"rendered":"<p>Roland Kaiser im exklusiven &#8222;Alles oder Dich&#8220;-Konzert \/\/ 02:30 Uhr . 04:00 Uhr!<\/p>\n","protected":false},"author":2,"featured_media":186994,"comment_status":"open","ping_status":"closed","sticky":false,"template":"","format":"standard","meta":{"_FSMCFIC_featured_image_caption":"","_FSMCFIC_featured_image_nocaption":null,"_FSMCFIC_featured_image_hide":null},"categories":[29,39],"tags":[207],"acf":[],"_links":{"self":[{"href":"https:\/\/smago.de\/ws2\/wp-json\/wp\/v2\/posts\/186993"}],"collection":[{"href":"https:\/\/smago.de\/ws2\/wp-json\/wp\/v2\/posts"}],"about":[{"href":"https:\/\/smago.de\/ws2\/wp-json\/wp\/v2\/types\/post"}],"author":[{"embeddable":true,"href":"https:\/\/smago.de\/ws2\/wp-json\/wp\/v2\/users\/2"}],"replies":[{"embeddable":true,"href":"https:\/\/smago.de\/ws2\/wp-json\/wp\/v2\/comments?post=186993"}],"version-history":[{"count":3,"href":"https:\/\/smago.de\/ws2\/wp-json\/wp\/v2\/posts\/186993\/revisions"}],"predecessor-version":[{"id":187003,"href":"https:\/\/smago.de\/ws2\/wp-json\/wp\/v2\/posts\/186993\/revisions\/187003"}],"wp:featuredmedia":[{"embeddable":true,"href":"https:\/\/smago.de\/ws2\/wp-json\/wp\/v2\/media\/186994"}],"wp:attachment":[{"href":"https:\/\/smago.de\/ws2\/wp-json\/wp\/v2\/media?parent=186993"}],"wp:term":[{"taxonomy":"category","embeddable":true,"href":"https:\/\/smago.de\/ws2\/wp-json\/wp\/v2\/categories?post=186993"},{"taxonomy":"post_tag","embeddable":true,"href":"https:\/\/smago.de\/ws2\/wp-json\/wp\/v2\/tags?post=186993"}],"curies":[{"name":"wp","href":"https:\/\/api.w.org\/{rel}","templated":true}]}}