{"id":186908,"date":"2022-07-28T23:59:43","date_gmt":"2022-07-28T21:59:43","guid":{"rendered":"https:\/\/smago.de\/ws2\/?p=186908"},"modified":"2022-07-28T20:59:24","modified_gmt":"2022-07-28T18:59:24","slug":"marie-louise-marjan-u-a-fr-sa-29-30-07-2022-in-der-ndr-talk-show-zu-gast","status":"publish","type":"post","link":"https:\/\/smago.de\/ws2\/schlager\/marie-louise-marjan-u-a-fr-sa-29-30-07-2022-in-der-ndr-talk-show-zu-gast\/","title":{"rendered":"MARIE-LOUISE MARJAN u.a. <br>Fr.\/Sa., 29.\/30.07.2022 in der &#8222;NDR Talk Show&#8220; zu Gast!"},"content":{"rendered":"<div class=\"row collapse\" style=\"text-align: justify;\"><span class=\"title columns\"><span class=\"subtitle\">NDR fernsehen + hr fernsehen, 22:00 Uhr &#8211; 00:00 Uhr! Moderation: Barbara Sch\u00f6neberger und Hubertus Meyer-Burckhardt!<br \/>\n<\/span><\/span><!--more--><\/div>\n<div><\/div>\n<div><\/div>\n<div><\/div>\n<div style=\"text-align: justify;\"><\/div>\n<div><\/div>\n<div><\/div>\n<div style=\"text-align: justify;\">\n<p><strong>G\u00e4ste der Sendung:<\/strong><\/p>\n<\/div>\n<p>&nbsp;<\/p>\n<div style=\"text-align: justify;\">\n<ul>\n<li>Judith Rakers, Moderatorin, und Leonie Laryea, Heidek\u00f6nigin<\/li>\n<li>Marie-Luise Marjan, Schauspielerin<\/li>\n<li>Johann K\u00f6nig, Galerist<\/li>\n<li>Rosemarie &#8222;Rosi&#8220; Sheridan McGinnity, Kiez-Wirtin und Barbesitzerin<\/li>\n<li>Alexander Herrmann, Koch<\/li>\n<li>Anna von B\u00f6tticher, Apnoe-Taucherin<\/li>\n<li>Evelyn Burdecki, Reality-Star und Unternehmerin<\/li>\n<\/ul>\n<\/div>\n<p>&nbsp;<\/p>\n<p>&nbsp;<\/p>\n<p>&nbsp;<\/p>\n<p>&nbsp;<\/p>\n<p>&nbsp;<\/p>\n<p style=\"text-align: justify;\"><strong>Judith Rakers, Moderatorin, und Leonie Laryea, Heidek\u00f6nigin<\/strong><\/p>\n<p>&nbsp;<\/p>\n<p>&nbsp;<\/p>\n<p style=\"text-align: justify;\">Wenn im August das Heidebl\u00fctenfest in Amelinghausen stattfindet, endet die dritte Amtszeit der Heidek\u00f6nigin Leonie Laryea. Sie durfte ihr Kr\u00f6nchen coronabedingt l\u00e4nger tragen alle ihre Vorg\u00e4ngerinnen. Dass dieses Fest nur eines der Highlights ist, die die L\u00fcneburger Heide zu bieten hat, konnte auch Moderatorin Judith Rakers feststellen, die die Region f\u00fcr ihre Sendung &#8222;Wundersch\u00f6n&#8220; besucht hat. Was es neben Heidekraut und Heidschnucken noch zu sehen gibt und was ihre pers\u00f6nlichen Lieblingsecken sind, das verraten die beiden Frauen in der &#8222;NDR Talk Show&#8220;.<\/p>\n<p>&nbsp;<\/p>\n<p>&nbsp;<\/p>\n<p>&nbsp;<\/p>\n<p>&nbsp;<\/p>\n<p>&nbsp;<\/p>\n<p style=\"text-align: justify;\"><strong>Marie-Luise Marjan, Schauspielerin<\/strong><\/p>\n<p>&nbsp;<\/p>\n<p>&nbsp;<\/p>\n<p style=\"text-align: justify;\">35 Jahre lang war sie die Mutter Beimer in der &#8222;Lindenstra\u00dfe&#8220;: Marie-Luise Marjan. 2020 kam dann das Aus der Serie. Aber das h\u00e4lt Marie-Luise Marjan nicht davon ab, ihren Weg weiterzugehen. Auch nach mehreren Schicksalsschl\u00e4gen rafft sich die 81-J\u00e4hrige immer wieder auf. Ihr Motto heute: blo\u00df nicht unterkriegen lassen! Die bei Adoptiveltern gro\u00df gewordene Schauspielerin ist vielseitig aktiv. So engagiert sich Marie-Luise Marjan seit mehr als 30 Jahren als UNICEF-Botschafterin, gr\u00fcndete 2010 die Marie-Luise Marjan Stiftung f\u00fcr benachteiligte Kinder und wurde in diesem Jahr in den Orden des Heiligen Lazarus aufgenommen. Wo sie alt werden will, was sie stets angetrieben hat und welche Pl\u00e4ne sie noch so hegt, verr\u00e4t Marie-Luise Marjan in der &#8222;NDR Talk Show&#8220;.<\/p>\n<p>&nbsp;<\/p>\n<p>&nbsp;<\/p>\n<p>&nbsp;<\/p>\n<p>&nbsp;<\/p>\n<p style=\"text-align: justify;\"><strong>Johann K\u00f6nig, Galerist<\/strong><\/p>\n<p>&nbsp;<\/p>\n<p>&nbsp;<\/p>\n<p style=\"text-align: justify;\">Im Alter von elf Jahren verlor Johann K\u00f6nig bei einem Unfall beinahe sein Augenlicht. Das hinderte den 41-J\u00e4hrigen aber nicht daran, vor 20 Jahren seine erste Galerie zu er\u00f6ffnen. Als Sohn des ber\u00fchmten Ausstellungsmachers Kasper K\u00f6nig war er bereits fr\u00fch von Kunst, K\u00fcnstlerinnen und K\u00fcnstlern umgeben und hatte bereits als Kind Kontakt zu Gerhard Richter, besuchte in New York das Atelier von Jeff Koons. Die Schule f\u00fcr Blinde und Sehbehinderte in Marburg, die Johann K\u00f6nig nach dem Unfall besuchte, habe der Sch\u00fclerschaft in allen Bereichen vermittelt, dass sie trotz Einschr\u00e4nkungen am Leben teilnehmen k\u00f6nnten, erkl\u00e4rt K\u00f6nig. Am tiefsten Punkt habe er erkannt, dass Kunst seine Rettung ist. Seit 2002 betreibt der Familienvater in einer Berliner Betonkirche aus den 1960er-Jahren eine der spektakul\u00e4rsten Galerien Europas, inzwischen hat er auch Dependancen in London, Wien und Seoul.<\/p>\n<p>&nbsp;<\/p>\n<p>&nbsp;<\/p>\n<p>&nbsp;<\/p>\n<p>&nbsp;<\/p>\n<p style=\"text-align: justify;\"><strong>Rosi (Rosemarie) Sheridan McGinnity, Kiezwirtin und Barbesitzerin<\/strong><\/p>\n<p>&nbsp;<\/p>\n<p>&nbsp;<\/p>\n<p style=\"text-align: justify;\">Sie ist 81 Jahre alt, ein echtes Hamburger Original und Wirtin mit Herz und Seele: Rosemarie (Rosi) Sheridan McGinnity. Seit mehr als 50 Jahren betreibt sie Rosi`s Bar auf St. Pauli in einer Nebenstra\u00dfe der Reeperbahn. Mit 19 stand sie das erste Mal hinterm Tresen auf dem Kiez, erst im Kaiserkeller, dann im Star Club. 1969 \u00fcbernimmt sie den Laden ihres Vaters und ist seitdem aus St. Pauli nicht mehr wegzudenken. Die Kiezwirtin hat in ihrem Leben viel erlebt: Sie war nicht nur mit dem legend\u00e4ren Musiker Tony Sheridan verheiratet, sondern auch gut bekannt mit den Beatles, die Anfang der 1960er-Jahre monatelang auf der Reeperbahn aufgetreten sind. Wie es war mit den Beatles in einer Dachkammer auf St. Pauli zu \u00fcbernachten, wie der Kiez sich im Laufe der Jahrzehnte gewandelt hat und wie die Zukunft von &#8222;Rosi`s Bar&#8220; aussieht, erz\u00e4hlt die Kiezlegende in der &#8222;NDR Talk Show&#8220;.<\/p>\n<p>&nbsp;<\/p>\n<p>&nbsp;<\/p>\n<p>&nbsp;<\/p>\n<p>&nbsp;<\/p>\n<p style=\"text-align: justify;\"><strong>Alexander Herrmann, Koch<\/strong><\/p>\n<p>&nbsp;<\/p>\n<p>&nbsp;<\/p>\n<p style=\"text-align: justify;\">Er bezeichnet sich selbst als Koch und Charakterkopf: Alexander Herrmann hat zwei Michelin-Sterne, ist Unternehmer, Autor, Gastronom und Juror bei der Kochshow &#8222;The Taste&#8220;. Ich bin Sternzeichen Zwilling und habe daher zwei Seelen in der Brust: Koch und Entertainer, sagt der 51-J\u00e4hrige \u00fcber sich. Und um beide Seiten ausleben zu k\u00f6nnen, steht er auch immer wieder auf der B\u00fchne und verr\u00e4t Geheimnisse aus der Sternek\u00fcche. Auch wenn Alexander Herrmann, der aus einer Hoteliersfamilie stammt, gro\u00dfer Fan von Thementorten mit Esspapieren ist, m\u00f6chte er gesund essen und leben. In seinem Buch &#8222;Weil`s einfach ges\u00fcnder ist&#8220;, erz\u00e4hlt er von seinen Genussrezepten und verr\u00e4t, mit welchen<\/p>\n<p style=\"text-align: justify;\">Tricks seine Oma Hertha 104 Jahre alt geworden ist. Wie er selbst ein Vorbild f\u00fcr sein Publikum sein kann und was das Wort Genuss f\u00fcr ihn ganz pers\u00f6nlich bedeutet, berichtet die selbsternannte fr\u00e4nkische Rampensau in der &#8222;NDR Talk Show&#8220;.<\/p>\n<p>&nbsp;<\/p>\n<p>&nbsp;<\/p>\n<p>&nbsp;<\/p>\n<p>&nbsp;<\/p>\n<p style=\"text-align: justify;\"><strong>Anna von Boetticher, Apnoetaucherin<\/strong><\/p>\n<p>&nbsp;<\/p>\n<p>&nbsp;<\/p>\n<p style=\"text-align: justify;\">Das Wasser war schon immer ihr Element. Als Anna von Boetticher 14 war, ging bei einem Segelt\u00f6rn mit der Familie in Griechenland der Abwascheimer mitsamt Besteck \u00fcber Bord. Sie war die Einzige, die ihn wieder hochholen konnte: aus 16 Metern Tiefe. Heute ist Anna von Boetticher Deutschlands erfolgreichste Apnoetaucherin. \u00dcber sechs Minuten lang ohne Atmen auszukommen und in dieser Zeit 100 Meter in die Tiefe zu tauchen geh\u00f6rt nur zu einer der vielen Disziplinen des Freitauchens, einer Sportart, die viele als waghalsig oder gar wahnsinnig bezeichnen. Obwohl Anna von Boetticher schon seit ihrem 18. Lebensjahr begeisterte Taucherin ist, kam sie erst mit 37 Jahren zu dieser extremen Form des Sports. Mittlerweile hat die 52-J\u00e4hrige 34 deutsche Rekorde aufgestellt, in sechs von acht Apnoedisziplinen ist sie deutsche Rekordhalterin.<\/p>\n<p>&nbsp;<\/p>\n<p>&nbsp;<\/p>\n<p>&nbsp;<\/p>\n<p>&nbsp;<\/p>\n<p style=\"text-align: justify;\"><strong>Evelyn Burdecki, Reality-Star und Unternehmerin<\/strong><\/p>\n<p>&nbsp;<\/p>\n<p>&nbsp;<\/p>\n<p style=\"text-align: justify;\">Evelyn Burdecki hat sich mit ihrer Teilnahme an diversen Realityformaten einen Ruf als Zitate-K\u00f6nigin der deutschen TV-Branche erarbeitet. &#8222;Sprechen ist Gold&#8220; oder &#8222;Lieber Gott, lass Regen regnen&#8220; sind nur einige ihrer Weisheiten, die ihre Fans zum Schmunzeln bringen. Die 33-J\u00e4hrige wurde einer breiten \u00d6ffentlichkeit 2017 mit ihrer Teilnahme im Kuppelformat &#8222;Der Bachelor&#8220; bekannt. 2019 bestieg sie den Thron als Dschungelk\u00f6nigin bei &#8222;Ich bin ein Star&#8220;, es folgte &#8222;Let&#8217;s Dance&#8220;, 2020 sa\u00df sie in der Jury bei &#8222;Das Supertalent&#8220; und jetzt bekommt sie bei SAT.1 ihre eigene Dating-Show. In &#8222;Topf sucht Burdecki&#8220; geht sie auf die Suche nach ihrem Traummann.<\/p>\n<p>&nbsp;<\/p>\n<p>&nbsp;<\/p>\n<p>&nbsp;<\/p>\n<p>&nbsp;<\/p>\n<p style=\"text-align: justify;\"><strong>Mal am\u00fcsant, mal streithaft, mal nachdenklich. Immer lebendig und im besten Sinne des Wortes interessant. Eine Institution unter Deutschlands Talkshows, ein Klassiker eben. Seit 30 Jahren das Unterhaltungs-Flaggschiff des NDR Fernsehens.<\/strong><\/p>\n<p>&nbsp;<\/p>\n<p>&nbsp;<\/p>\n<p>&nbsp;<\/p>\n<figure id=\"attachment_186910\" aria-describedby=\"caption-attachment-186910\" style=\"width: 800px\" class=\"wp-caption alignnone\"><img decoding=\"async\" loading=\"lazy\" class=\"size-large wp-image-186910\" src=\"https:\/\/smago.de\/ws2\/wp-content\/uploads\/2022\/07\/2_NDR_Talk_Show_2016-800x534.jpg\" alt=\"\" width=\"800\" height=\"534\" srcset=\"https:\/\/smago.de\/ws2\/wp-content\/uploads\/2022\/07\/2_NDR_Talk_Show_2016-800x534.jpg 800w, https:\/\/smago.de\/ws2\/wp-content\/uploads\/2022\/07\/2_NDR_Talk_Show_2016-522x348.jpg 522w, https:\/\/smago.de\/ws2\/wp-content\/uploads\/2022\/07\/2_NDR_Talk_Show_2016-225x150.jpg 225w, https:\/\/smago.de\/ws2\/wp-content\/uploads\/2022\/07\/2_NDR_Talk_Show_2016-768x512.jpg 768w, https:\/\/smago.de\/ws2\/wp-content\/uploads\/2022\/07\/2_NDR_Talk_Show_2016-1536x1024.jpg 1536w, https:\/\/smago.de\/ws2\/wp-content\/uploads\/2022\/07\/2_NDR_Talk_Show_2016-2048x1366.jpg 2048w, https:\/\/smago.de\/ws2\/wp-content\/uploads\/2022\/07\/2_NDR_Talk_Show_2016-392x261.jpg 392w, https:\/\/smago.de\/ws2\/wp-content\/uploads\/2022\/07\/2_NDR_Talk_Show_2016-130x87.jpg 130w, https:\/\/smago.de\/ws2\/wp-content\/uploads\/2022\/07\/2_NDR_Talk_Show_2016-667x445.jpg 667w, https:\/\/smago.de\/ws2\/wp-content\/uploads\/2022\/07\/2_NDR_Talk_Show_2016-783x522.jpg 783w, https:\/\/smago.de\/ws2\/wp-content\/uploads\/2022\/07\/2_NDR_Talk_Show_2016-285x190.jpg 285w, https:\/\/smago.de\/ws2\/wp-content\/uploads\/2022\/07\/2_NDR_Talk_Show_2016-435x290.jpg 435w, https:\/\/smago.de\/ws2\/wp-content\/uploads\/2022\/07\/2_NDR_Talk_Show_2016-150x100.jpg 150w, https:\/\/smago.de\/ws2\/wp-content\/uploads\/2022\/07\/2_NDR_Talk_Show_2016-370x247.jpg 370w\" sizes=\"(max-width: 800px) 100vw, 800px\" \/><figcaption id=\"caption-attachment-186910\" class=\"wp-caption-text\"><em>\u00a9 NDR \/ Uwe Ernst<\/em><\/figcaption><\/figure>\n","protected":false},"excerpt":{"rendered":"<p>NDR fernsehen + hr fernsehen, 22:00 Uhr &#8211; 00:00 Uhr! Moderation: Barbara Sch\u00f6neberger und Hubertus Meyer-Burckhardt!<\/p>\n","protected":false},"author":2,"featured_media":186910,"comment_status":"open","ping_status":"closed","sticky":false,"template":"","format":"standard","meta":{"_FSMCFIC_featured_image_caption":"","_FSMCFIC_featured_image_nocaption":null,"_FSMCFIC_featured_image_hide":null},"categories":[29,128],"tags":[254],"acf":[],"_links":{"self":[{"href":"https:\/\/smago.de\/ws2\/wp-json\/wp\/v2\/posts\/186908"}],"collection":[{"href":"https:\/\/smago.de\/ws2\/wp-json\/wp\/v2\/posts"}],"about":[{"href":"https:\/\/smago.de\/ws2\/wp-json\/wp\/v2\/types\/post"}],"author":[{"embeddable":true,"href":"https:\/\/smago.de\/ws2\/wp-json\/wp\/v2\/users\/2"}],"replies":[{"embeddable":true,"href":"https:\/\/smago.de\/ws2\/wp-json\/wp\/v2\/comments?post=186908"}],"version-history":[{"count":3,"href":"https:\/\/smago.de\/ws2\/wp-json\/wp\/v2\/posts\/186908\/revisions"}],"predecessor-version":[{"id":186912,"href":"https:\/\/smago.de\/ws2\/wp-json\/wp\/v2\/posts\/186908\/revisions\/186912"}],"wp:featuredmedia":[{"embeddable":true,"href":"https:\/\/smago.de\/ws2\/wp-json\/wp\/v2\/media\/186910"}],"wp:attachment":[{"href":"https:\/\/smago.de\/ws2\/wp-json\/wp\/v2\/media?parent=186908"}],"wp:term":[{"taxonomy":"category","embeddable":true,"href":"https:\/\/smago.de\/ws2\/wp-json\/wp\/v2\/categories?post=186908"},{"taxonomy":"post_tag","embeddable":true,"href":"https:\/\/smago.de\/ws2\/wp-json\/wp\/v2\/tags?post=186908"}],"curies":[{"name":"wp","href":"https:\/\/api.w.org\/{rel}","templated":true}]}}