{"id":186750,"date":"2022-07-26T00:00:25","date_gmt":"2022-07-25T22:00:25","guid":{"rendered":"https:\/\/smago.de\/ws2\/?p=186750"},"modified":"2022-07-25T21:14:44","modified_gmt":"2022-07-25T19:14:44","slug":"eloy-de-jong-egal-was-andre-sagen-ich-sage-ja","status":"publish","type":"post","link":"https:\/\/smago.de\/ws2\/pop-schlager\/eloy-de-jong-egal-was-andre-sagen-ich-sage-ja\/","title":{"rendered":"ELOY DE JONG <br>Egal, was andr&#8217;e sagen: &#8222;Ich sage ja&#8220;!"},"content":{"rendered":"<p style=\"text-align: justify;\">Mit diesem Schmachtfetzen k\u00f6nnte auch ihm &#8222;Das gro\u00dfe Schlagercomeback.2022&#8220; gelingen!<br \/>\n<!--more--><\/p>\n<p>&nbsp;<\/p>\n<p>&nbsp;<\/p>\n<p style=\"text-align: justify;\">\n<p style=\"text-align: justify;\">ELOY DE JONG k\u00fcndigt das n\u00e4chste Solokapitel an: \u201eLass das Leben Musik sein\u201c wird sein drittes Album hei\u00dfen, das im September erscheint und ab sofort vorbestellt werden kann. Laut Eloy ist es ganz klar sein bislang pers\u00f6nlichstes und intimstes Album: Er vertont mit jedem neuen Song ein weiteres Puzzleteil seiner Geschichte und seiner Weltsicht.<\/p>\n<p style=\"text-align: justify;\">Schon der erste Vorbote \u201eIch sage ja\u201c unterstreicht den lebensbejahenden Spirit des neuen Albums: \u201eSt\u00fcck f\u00fcr St\u00fcck gehen wir den Weg zusammen\u201c, singt Eloy \u2013 und es geht ihm um wahre Liebe, um ein JA f\u00fcr ein ganzes Leben, ein dauerhaftes Bekenntnis zueinander, also auch darum, \u201eden Herbst und den Winter des Lebens miteinander zu verbringen, gemeinsam durch H\u00f6hen und Tiefen des Lebens zu gehen\u201c, wie Eloy sagt.<\/p>\n<p style=\"text-align: justify;\">Klanglich \u00fcberf\u00fchrt er daf\u00fcr Josh Grobans \u201eYou Raise Me Up\u201c (2003) mit ganz viel Gef\u00fchl in seine ganz eigene Klangwelt.<\/p>\n<p style=\"text-align: justify;\">Mit den ersten zwei Soloalben hatte der Holl\u00e4nder nacheinander Platz 1 und Platz 2 in den Offiziellen Deutschen Albumcharts belegt und damit nach den fr\u00fchen Erfolgen mit \u201eCaught in the Act\u201c ein sensationelles zweites Karrierekapitel aufgeschlagen.<\/p>\n<p style=\"text-align: justify;\">Das dritte Solokapitel beginnt jetzt \u2013 mit der ersten Single \u201eIch sage ja\u201c, die seit dem 22.07. erh\u00e4ltlich ist. TV-Premiere feierte Eloy de Jong mit &#8222;Ich sage ja&#8220; in der ARD-Eurovisionsshow &#8222;Das gro\u00dfe Schlagercomeback.2022&#8220;:<\/p>\n<p>&nbsp;<\/p>\n<p>&nbsp;<\/p>\n<p><iframe loading=\"lazy\" src=\"\/\/www.youtube.com\/embed\/JRn1rCXheII\" width=\"800\" height=\"449\" allowfullscreen=\"allowfullscreen\"><\/iframe><\/p>\n<p style=\"text-align: justify;\">\n<p style=\"text-align: justify;\">\n<p style=\"text-align: justify;\">Das Album sowie die exklusive limitierte Fanbox sind auch bereits vorbestellbar.Die Fanbox enth\u00e4lt neben der CD mit 15 neuen Songs, eine Halskette mit \u201cEloys Fl\u00fcgeltattoo\u201d als Anh\u00e4nger sowie zwei B\u00fcgelpatches (Originalgetreu zu Eloys Tattoo), eine signierte Fotokarte sowie die ganz besondere Chance auf eine der 10 Goldenen Kassetten, die sich in der limitierten Auflage verstecken! Finde die Goldene Kassette und gewinne deinen Lieblingssong aller Zeiten, exklusiv f\u00fcr dich von Eloy de Jong pers\u00f6nlich eingesungen!<\/p>\n<p>&nbsp;<\/p>\n<p>&nbsp;<\/p>\n<p><iframe loading=\"lazy\" src=\"\/\/www.youtube.com\/embed\/BNIbgdL1IFs?feature=youtu\" width=\"800\" height=\"449\" allowfullscreen=\"allowfullscreen\"><\/iframe><\/p>\n","protected":false},"excerpt":{"rendered":"<p>Mit diesem Schmachtfetzen k\u00f6nnte auch ihm &#8222;Das gro\u00dfe Schlagercomeback.2022&#8220; gelingen!<\/p>\n","protected":false},"author":2,"featured_media":186603,"comment_status":"open","ping_status":"closed","sticky":false,"template":"","format":"standard","meta":{"_FSMCFIC_featured_image_caption":"","_FSMCFIC_featured_image_nocaption":null,"_FSMCFIC_featured_image_hide":null},"categories":[28],"tags":[534],"acf":[],"_links":{"self":[{"href":"https:\/\/smago.de\/ws2\/wp-json\/wp\/v2\/posts\/186750"}],"collection":[{"href":"https:\/\/smago.de\/ws2\/wp-json\/wp\/v2\/posts"}],"about":[{"href":"https:\/\/smago.de\/ws2\/wp-json\/wp\/v2\/types\/post"}],"author":[{"embeddable":true,"href":"https:\/\/smago.de\/ws2\/wp-json\/wp\/v2\/users\/2"}],"replies":[{"embeddable":true,"href":"https:\/\/smago.de\/ws2\/wp-json\/wp\/v2\/comments?post=186750"}],"version-history":[{"count":2,"href":"https:\/\/smago.de\/ws2\/wp-json\/wp\/v2\/posts\/186750\/revisions"}],"predecessor-version":[{"id":186752,"href":"https:\/\/smago.de\/ws2\/wp-json\/wp\/v2\/posts\/186750\/revisions\/186752"}],"wp:featuredmedia":[{"embeddable":true,"href":"https:\/\/smago.de\/ws2\/wp-json\/wp\/v2\/media\/186603"}],"wp:attachment":[{"href":"https:\/\/smago.de\/ws2\/wp-json\/wp\/v2\/media?parent=186750"}],"wp:term":[{"taxonomy":"category","embeddable":true,"href":"https:\/\/smago.de\/ws2\/wp-json\/wp\/v2\/categories?post=186750"},{"taxonomy":"post_tag","embeddable":true,"href":"https:\/\/smago.de\/ws2\/wp-json\/wp\/v2\/tags?post=186750"}],"curies":[{"name":"wp","href":"https:\/\/api.w.org\/{rel}","templated":true}]}}