{"id":186709,"date":"2022-07-26T00:00:32","date_gmt":"2022-07-25T22:00:32","guid":{"rendered":"https:\/\/smago.de\/ws2\/?p=186709"},"modified":"2022-07-24T13:44:58","modified_gmt":"2022-07-24T11:44:58","slug":"kim-fisher-heute-vorabend-26-08-2022-in-der-sendung-das-zu-gast","status":"publish","type":"post","link":"https:\/\/smago.de\/ws2\/pop-schlager\/kim-fisher-heute-vorabend-26-08-2022-in-der-sendung-das-zu-gast\/","title":{"rendered":"KIM FISHER <br>Heute Vorabend (26.08.2022) in der Sendung &#8222;DAS!&#8220; zu Gast!"},"content":{"rendered":"<p>NDR fernsehen, 18:45 Uhr &#8211; 19:30 Uhr (Wh. in der Nacht auf 27.08., 05:15 Uhr &#8211; 06:00 Uhr)!<br \/>\n<!--more--><\/p>\n<p>&nbsp;<\/p>\n<p style=\"text-align: justify;\">\n<p style=\"text-align: justify;\">Sie geh\u00f6rt zu den beliebtesten Moderatorinnen im deutschen Fernsehen: KIM FISHER befragt seit vielen Jahren im traditionsreichen Freitag-Abend-Talk &#8222;Riverboat&#8220; im MDR und rbb Gr\u00f6\u00dfen aus Show, Film und Politik gleicherma\u00dfen direkt wie charmant.<\/p>\n<p style=\"text-align: justify;\">Nun kn\u00fcpft sie an ihre musikalische Karriere an und ver\u00f6ffentlicht erstmals nach 20 Jahren wieder ein eigenes Album mit dem Titel &#8222;Was f\u00fcr ein Leben&#8220;.<\/p>\n<p style=\"text-align: justify;\">Auf dem Roten Sofa erz\u00e4hlt Kim Fisher von ihrem Leben &#8211; \u00fcber H\u00f6hen und Tiefen &#8211; und welche Erinnerungen die Berlinerin an ihre Zeit in Hamburg hat.<\/p>\n<p>&nbsp;<\/p>\n<p>&nbsp;<\/p>\n<figure id=\"attachment_186710\" aria-describedby=\"caption-attachment-186710\" style=\"width: 800px\" class=\"wp-caption alignnone\"><img decoding=\"async\" loading=\"lazy\" class=\"size-large wp-image-186710\" src=\"https:\/\/smago.de\/ws2\/wp-content\/uploads\/2022\/07\/fisher_Christoph-Koestlin--800x450.jpg\" alt=\"\" width=\"800\" height=\"450\" srcset=\"https:\/\/smago.de\/ws2\/wp-content\/uploads\/2022\/07\/fisher_Christoph-Koestlin--800x450.jpg 800w, https:\/\/smago.de\/ws2\/wp-content\/uploads\/2022\/07\/fisher_Christoph-Koestlin--522x294.jpg 522w, https:\/\/smago.de\/ws2\/wp-content\/uploads\/2022\/07\/fisher_Christoph-Koestlin--267x150.jpg 267w, https:\/\/smago.de\/ws2\/wp-content\/uploads\/2022\/07\/fisher_Christoph-Koestlin--768x432.jpg 768w, https:\/\/smago.de\/ws2\/wp-content\/uploads\/2022\/07\/fisher_Christoph-Koestlin--392x220.jpg 392w, https:\/\/smago.de\/ws2\/wp-content\/uploads\/2022\/07\/fisher_Christoph-Koestlin--130x73.jpg 130w, https:\/\/smago.de\/ws2\/wp-content\/uploads\/2022\/07\/fisher_Christoph-Koestlin--791x445.jpg 791w, https:\/\/smago.de\/ws2\/wp-content\/uploads\/2022\/07\/fisher_Christoph-Koestlin--870x489.jpg 870w, https:\/\/smago.de\/ws2\/wp-content\/uploads\/2022\/07\/fisher_Christoph-Koestlin--292x164.jpg 292w, https:\/\/smago.de\/ws2\/wp-content\/uploads\/2022\/07\/fisher_Christoph-Koestlin--435x245.jpg 435w, https:\/\/smago.de\/ws2\/wp-content\/uploads\/2022\/07\/fisher_Christoph-Koestlin--895x503.jpg 895w, https:\/\/smago.de\/ws2\/wp-content\/uploads\/2022\/07\/fisher_Christoph-Koestlin-.jpg 1067w\" sizes=\"(max-width: 800px) 100vw, 800px\" \/><figcaption id=\"caption-attachment-186710\" class=\"wp-caption-text\"><em>Foto-Credit: Christoph K\u00f6stlin<\/em><\/figcaption><\/figure>\n","protected":false},"excerpt":{"rendered":"<p>NDR fernsehen, 18:45 Uhr &#8211; 19:30 Uhr (Wh. in der Nacht auf 27.08., 05:15 Uhr &#8211; 06:00 Uhr)!<\/p>\n","protected":false},"author":2,"featured_media":186710,"comment_status":"open","ping_status":"closed","sticky":false,"template":"","format":"standard","meta":{"_FSMCFIC_featured_image_caption":"","_FSMCFIC_featured_image_nocaption":null,"_FSMCFIC_featured_image_hide":null},"categories":[28],"tags":[89],"acf":[],"_links":{"self":[{"href":"https:\/\/smago.de\/ws2\/wp-json\/wp\/v2\/posts\/186709"}],"collection":[{"href":"https:\/\/smago.de\/ws2\/wp-json\/wp\/v2\/posts"}],"about":[{"href":"https:\/\/smago.de\/ws2\/wp-json\/wp\/v2\/types\/post"}],"author":[{"embeddable":true,"href":"https:\/\/smago.de\/ws2\/wp-json\/wp\/v2\/users\/2"}],"replies":[{"embeddable":true,"href":"https:\/\/smago.de\/ws2\/wp-json\/wp\/v2\/comments?post=186709"}],"version-history":[{"count":1,"href":"https:\/\/smago.de\/ws2\/wp-json\/wp\/v2\/posts\/186709\/revisions"}],"predecessor-version":[{"id":186711,"href":"https:\/\/smago.de\/ws2\/wp-json\/wp\/v2\/posts\/186709\/revisions\/186711"}],"wp:featuredmedia":[{"embeddable":true,"href":"https:\/\/smago.de\/ws2\/wp-json\/wp\/v2\/media\/186710"}],"wp:attachment":[{"href":"https:\/\/smago.de\/ws2\/wp-json\/wp\/v2\/media?parent=186709"}],"wp:term":[{"taxonomy":"category","embeddable":true,"href":"https:\/\/smago.de\/ws2\/wp-json\/wp\/v2\/categories?post=186709"},{"taxonomy":"post_tag","embeddable":true,"href":"https:\/\/smago.de\/ws2\/wp-json\/wp\/v2\/tags?post=186709"}],"curies":[{"name":"wp","href":"https:\/\/api.w.org\/{rel}","templated":true}]}}