{"id":186321,"date":"2022-07-19T00:00:29","date_gmt":"2022-07-18T22:00:29","guid":{"rendered":"https:\/\/smago.de\/ws2\/?p=186321"},"modified":"2022-07-17T11:32:17","modified_gmt":"2022-07-17T09:32:17","slug":"ireen-sheer-heute-vorabend-19-07-2022-in-der-sendung-das-zu-gast","status":"publish","type":"post","link":"https:\/\/smago.de\/ws2\/schlager\/ireen-sheer-heute-vorabend-19-07-2022-in-der-sendung-das-zu-gast\/","title":{"rendered":"IREEN SHEER <br>Heute Vorabend (19.07.2022) in der Sendung &#8222;DAS!&#8220; zu Gast!"},"content":{"rendered":"<p>NDR fernsehen, 18:45 Uhr &#8211; 19:30 Uhr (Wh. in der Nacht auf 20.07., 05:15 Uhr &#8211; 06:00 Uhr)!<br \/>\n<!--more--><\/p>\n<p style=\"text-align: justify;\">\n<p style=\"text-align: justify;\">IREEN SHEER ist seit mehr als 50 Jahren im Showgesch\u00e4ft. Mit Hits wie &#8222;Goodbye Mama&#8220;, &#8222;Feuer&#8220; und &#8222;Heut&#8216; Abend hab&#8216; ich Kopfweh&#8220; hat sich die deutsch-britische K\u00fcnstlerin seit den 1970er-Jahren in die Herzen ihrer Fans gesungen. Jetzt hat die 73-J\u00e4hrige ihren Abschied von der Showb\u00fchne angek\u00fcndigt &#8211; nicht aber, ohne ein Abschiedsalbum zu pr\u00e4sentieren. Auf dem Roten Sofa blicken wir mit Ireen Sheer auf ihre lange Karriere zur\u00fcck und sie erz\u00e4hlt, warum f\u00fcr sie die Zeit gekommen ist, &#8222;Goodbye&#8220; zu sagen.<\/p>\n<p>&nbsp;<\/p>\n<p>&nbsp;<\/p>\n<figure id=\"attachment_186322\" aria-describedby=\"caption-attachment-186322\" style=\"width: 800px\" class=\"wp-caption alignnone\"><img decoding=\"async\" loading=\"lazy\" class=\"size-large wp-image-186322\" src=\"https:\/\/smago.de\/ws2\/wp-content\/uploads\/2022\/07\/sheer_Ireen-Sheer-800x450.jpg\" alt=\"\" width=\"800\" height=\"450\" srcset=\"https:\/\/smago.de\/ws2\/wp-content\/uploads\/2022\/07\/sheer_Ireen-Sheer-800x450.jpg 800w, https:\/\/smago.de\/ws2\/wp-content\/uploads\/2022\/07\/sheer_Ireen-Sheer-522x294.jpg 522w, https:\/\/smago.de\/ws2\/wp-content\/uploads\/2022\/07\/sheer_Ireen-Sheer-267x150.jpg 267w, https:\/\/smago.de\/ws2\/wp-content\/uploads\/2022\/07\/sheer_Ireen-Sheer-768x432.jpg 768w, https:\/\/smago.de\/ws2\/wp-content\/uploads\/2022\/07\/sheer_Ireen-Sheer-392x220.jpg 392w, https:\/\/smago.de\/ws2\/wp-content\/uploads\/2022\/07\/sheer_Ireen-Sheer-130x73.jpg 130w, https:\/\/smago.de\/ws2\/wp-content\/uploads\/2022\/07\/sheer_Ireen-Sheer-791x445.jpg 791w, https:\/\/smago.de\/ws2\/wp-content\/uploads\/2022\/07\/sheer_Ireen-Sheer-870x489.jpg 870w, https:\/\/smago.de\/ws2\/wp-content\/uploads\/2022\/07\/sheer_Ireen-Sheer-292x164.jpg 292w, https:\/\/smago.de\/ws2\/wp-content\/uploads\/2022\/07\/sheer_Ireen-Sheer-435x245.jpg 435w, https:\/\/smago.de\/ws2\/wp-content\/uploads\/2022\/07\/sheer_Ireen-Sheer-895x503.jpg 895w, https:\/\/smago.de\/ws2\/wp-content\/uploads\/2022\/07\/sheer_Ireen-Sheer.jpg 1067w\" sizes=\"(max-width: 800px) 100vw, 800px\" \/><figcaption id=\"caption-attachment-186322\" class=\"wp-caption-text\"><em>Foto-Credit: <strong><a href=\"https:\/\/www.ireensheer.de\">Homepage von Ireen Sheer<\/a><\/strong><\/em><\/figcaption><\/figure>\n","protected":false},"excerpt":{"rendered":"<p>NDR fernsehen, 18:45 Uhr &#8211; 19:30 Uhr (Wh. in der Nacht auf 20.07., 05:15 Uhr &#8211; 06:00 Uhr)!<\/p>\n","protected":false},"author":2,"featured_media":186322,"comment_status":"open","ping_status":"closed","sticky":false,"template":"","format":"standard","meta":{"_FSMCFIC_featured_image_caption":"","_FSMCFIC_featured_image_nocaption":null,"_FSMCFIC_featured_image_hide":null},"categories":[29,128],"tags":[180],"acf":[],"_links":{"self":[{"href":"https:\/\/smago.de\/ws2\/wp-json\/wp\/v2\/posts\/186321"}],"collection":[{"href":"https:\/\/smago.de\/ws2\/wp-json\/wp\/v2\/posts"}],"about":[{"href":"https:\/\/smago.de\/ws2\/wp-json\/wp\/v2\/types\/post"}],"author":[{"embeddable":true,"href":"https:\/\/smago.de\/ws2\/wp-json\/wp\/v2\/users\/2"}],"replies":[{"embeddable":true,"href":"https:\/\/smago.de\/ws2\/wp-json\/wp\/v2\/comments?post=186321"}],"version-history":[{"count":3,"href":"https:\/\/smago.de\/ws2\/wp-json\/wp\/v2\/posts\/186321\/revisions"}],"predecessor-version":[{"id":186325,"href":"https:\/\/smago.de\/ws2\/wp-json\/wp\/v2\/posts\/186321\/revisions\/186325"}],"wp:featuredmedia":[{"embeddable":true,"href":"https:\/\/smago.de\/ws2\/wp-json\/wp\/v2\/media\/186322"}],"wp:attachment":[{"href":"https:\/\/smago.de\/ws2\/wp-json\/wp\/v2\/media?parent=186321"}],"wp:term":[{"taxonomy":"category","embeddable":true,"href":"https:\/\/smago.de\/ws2\/wp-json\/wp\/v2\/categories?post=186321"},{"taxonomy":"post_tag","embeddable":true,"href":"https:\/\/smago.de\/ws2\/wp-json\/wp\/v2\/tags?post=186321"}],"curies":[{"name":"wp","href":"https:\/\/api.w.org\/{rel}","templated":true}]}}