{"id":186182,"date":"2022-07-15T00:00:21","date_gmt":"2022-07-14T22:00:21","guid":{"rendered":"https:\/\/smago.de\/ws2\/?p=186182"},"modified":"2022-07-15T10:23:08","modified_gmt":"2022-07-15T08:23:08","slug":"ross-antony-glasperlenspiel-u-a-heute-15-07-2022-rbb-fernsehen-musik-wunderschoenes-oderland-vom-bunten-hering-frankfurt-oder","status":"publish","type":"post","link":"https:\/\/smago.de\/ws2\/pop\/ross-antony-glasperlenspiel-u-a-heute-15-07-2022-rbb-fernsehen-musik-wunderschoenes-oderland-vom-bunten-hering-frankfurt-oder\/","title":{"rendered":"ROSS ANTONY, GLASPERLENSPIEL, DIE PRINZEN u.a. <br>Heute (15.07.2022), rbb FERNSEHEN: &#8222;Musik &#038; wundersch\u00f6nes Oderland&#8220; vom &#8222;Bunten Hering&#8220; Frankfurt (Oder)!"},"content":{"rendered":"<p>20:15 Uhr &#8211; 21:45 Uhr! Moderation: Madeleine Wehle und Christofer Hameister!<br \/>\n<!--more--><\/p>\n<p>&nbsp;<\/p>\n<p>&nbsp;<\/p>\n<p style=\"text-align: justify;\">Es ist eine Premiere: Antenne Brandenburg geht auf eine musikalische Sommerreise durch Brandenburg &#8211; und das rbb Fernsehen ist mit dabei! Die beiden beliebten Moderatoren Madeleine Wehle und Christofer Hameister melden sich direkt vom \u201eBunten Hering\u201c in Frankfurt (Oder) mit einer tollen Mischung aus aktueller Musik und Beitr\u00e4gen von den sch\u00f6nsten Seiten des Oderlands.<\/p>\n<p>&nbsp;<\/p>\n<p style=\"text-align: justify;\">***<\/p>\n<p>&nbsp;<\/p>\n<p style=\"text-align: justify;\">In Frankfurt (Oder) feiert die \u201eAntenne Brandenburg Sommertour\u201c mit beim deutsch-polnischen HanseStadtFest \u201eBunter Hering\u201c. Das traditionelle Volksfest bringt jedes Jahr gut 10.000 Menschen von beiden Seiten der Oder zusammen.<\/p>\n<p style=\"text-align: justify;\">Antenne Brandenburg bringt ein buntes B\u00fchnenprogramm mit, vollgepackt mit musikalischen Highlights: Der Entertainer Ross Antony ist mit von der Partie. Genauso wie die Kultband Die Prinzen und das erfolgreiche Duo Glasperlenspiel. Die Band The BossHoss wird auf dem Brunnenplatz mit Country-Rock f\u00fcr Stimmung sorgen. Au\u00dferdem treten die Nachwuchsstars Gregor H\u00e4gele, Sophia und Iggi Kelly auf. Als Vertreterin der heimischen Musikszene steht Sara James aus S\u0142ubice auf der rbb-B\u00fchne.<\/p>\n<p style=\"text-align: justify;\">\u201eMusik &amp; wundersch\u00f6nes Oderland\u201c &#8211; das sind die absoluten Highlights aus dem B\u00fchnenprogramm &#8211; kombiniert mit Geschichten und Bildern von den sch\u00f6nsten Orten und spannendsten Menschen aus Frankfurt (Oder) und dem Oderland.<\/p>\n<p style=\"text-align: justify;\">\n<p>&nbsp;<\/p>\n<p>&nbsp;<\/p>\n<figure id=\"attachment_186219\" aria-describedby=\"caption-attachment-186219\" style=\"width: 800px\" class=\"wp-caption alignnone\"><img decoding=\"async\" loading=\"lazy\" class=\"size-large wp-image-186219\" src=\"https:\/\/smago.de\/ws2\/wp-content\/uploads\/2022\/07\/10_Musik_und_wunderschoenes_Oderland-800x528.jpg\" alt=\"\" width=\"800\" height=\"528\" srcset=\"https:\/\/smago.de\/ws2\/wp-content\/uploads\/2022\/07\/10_Musik_und_wunderschoenes_Oderland-800x528.jpg 800w, https:\/\/smago.de\/ws2\/wp-content\/uploads\/2022\/07\/10_Musik_und_wunderschoenes_Oderland-522x345.jpg 522w, https:\/\/smago.de\/ws2\/wp-content\/uploads\/2022\/07\/10_Musik_und_wunderschoenes_Oderland-227x150.jpg 227w, https:\/\/smago.de\/ws2\/wp-content\/uploads\/2022\/07\/10_Musik_und_wunderschoenes_Oderland-768x507.jpg 768w, https:\/\/smago.de\/ws2\/wp-content\/uploads\/2022\/07\/10_Musik_und_wunderschoenes_Oderland-1536x1014.jpg 1536w, https:\/\/smago.de\/ws2\/wp-content\/uploads\/2022\/07\/10_Musik_und_wunderschoenes_Oderland-2048x1352.jpg 2048w, https:\/\/smago.de\/ws2\/wp-content\/uploads\/2022\/07\/10_Musik_und_wunderschoenes_Oderland-392x259.jpg 392w, https:\/\/smago.de\/ws2\/wp-content\/uploads\/2022\/07\/10_Musik_und_wunderschoenes_Oderland-130x86.jpg 130w, https:\/\/smago.de\/ws2\/wp-content\/uploads\/2022\/07\/10_Musik_und_wunderschoenes_Oderland-674x445.jpg 674w, https:\/\/smago.de\/ws2\/wp-content\/uploads\/2022\/07\/10_Musik_und_wunderschoenes_Oderland-791x522.jpg 791w, https:\/\/smago.de\/ws2\/wp-content\/uploads\/2022\/07\/10_Musik_und_wunderschoenes_Oderland-288x190.jpg 288w, https:\/\/smago.de\/ws2\/wp-content\/uploads\/2022\/07\/10_Musik_und_wunderschoenes_Oderland-435x287.jpg 435w, https:\/\/smago.de\/ws2\/wp-content\/uploads\/2022\/07\/10_Musik_und_wunderschoenes_Oderland-150x100.jpg 150w\" sizes=\"(max-width: 800px) 100vw, 800px\" \/><figcaption id=\"caption-attachment-186219\" class=\"wp-caption-text\"><em>Die B\u00fchne auf dem Brunnenplatz in Frankfurt (Oder)<\/em><\/p>\n<p><em>\u00a9 rbb \/ Ben Kriemann<\/em><\/figcaption><\/figure>\n","protected":false},"excerpt":{"rendered":"<p>20:15 Uhr &#8211; 21:45 Uhr! Moderation: Madeleine Wehle und Christofer Hameister!<\/p>\n","protected":false},"author":2,"featured_media":186219,"comment_status":"open","ping_status":"closed","sticky":false,"template":"","format":"standard","meta":{"_FSMCFIC_featured_image_caption":"","_FSMCFIC_featured_image_nocaption":null,"_FSMCFIC_featured_image_hide":null},"categories":[27,29,128],"tags":[358,86],"acf":[],"_links":{"self":[{"href":"https:\/\/smago.de\/ws2\/wp-json\/wp\/v2\/posts\/186182"}],"collection":[{"href":"https:\/\/smago.de\/ws2\/wp-json\/wp\/v2\/posts"}],"about":[{"href":"https:\/\/smago.de\/ws2\/wp-json\/wp\/v2\/types\/post"}],"author":[{"embeddable":true,"href":"https:\/\/smago.de\/ws2\/wp-json\/wp\/v2\/users\/2"}],"replies":[{"embeddable":true,"href":"https:\/\/smago.de\/ws2\/wp-json\/wp\/v2\/comments?post=186182"}],"version-history":[{"count":4,"href":"https:\/\/smago.de\/ws2\/wp-json\/wp\/v2\/posts\/186182\/revisions"}],"predecessor-version":[{"id":186220,"href":"https:\/\/smago.de\/ws2\/wp-json\/wp\/v2\/posts\/186182\/revisions\/186220"}],"wp:featuredmedia":[{"embeddable":true,"href":"https:\/\/smago.de\/ws2\/wp-json\/wp\/v2\/media\/186219"}],"wp:attachment":[{"href":"https:\/\/smago.de\/ws2\/wp-json\/wp\/v2\/media?parent=186182"}],"wp:term":[{"taxonomy":"category","embeddable":true,"href":"https:\/\/smago.de\/ws2\/wp-json\/wp\/v2\/categories?post=186182"},{"taxonomy":"post_tag","embeddable":true,"href":"https:\/\/smago.de\/ws2\/wp-json\/wp\/v2\/tags?post=186182"}],"curies":[{"name":"wp","href":"https:\/\/api.w.org\/{rel}","templated":true}]}}