{"id":186101,"date":"2022-07-14T00:00:23","date_gmt":"2022-07-13T22:00:23","guid":{"rendered":"https:\/\/smago.de\/ws2\/?p=186101"},"modified":"2022-07-13T22:17:21","modified_gmt":"2022-07-13T20:17:21","slug":"matthias-carras-dieser-verdammte-krebs","status":"publish","type":"post","link":"https:\/\/smago.de\/ws2\/pop-schlager\/matthias-carras-dieser-verdammte-krebs\/","title":{"rendered":"MATTHIAS CARRAS <br>Dieser verdammte Krebs !!!"},"content":{"rendered":"<p>Doch Matthias Carras ist wild entschlossen, weiter zu k\u00e4mpfen &#8211; <em>&#8222;f\u00fcr mich, f\u00fcr meine Familie und f\u00fcr alle meine Freunde und Fans&#8220; &#8230;:<br \/>\n<\/em><!--more--><\/p>\n<p>&nbsp;<\/p>\n<p style=\"text-align: justify;\">\n<p>Es steht nicht gut um MATTHIAS CARRAS.<\/p>\n<p>Doch der S\u00e4nger ist wild entschlossen, weiter zu k\u00e4mpfen.<\/p>\n<p>Allerdings stellt er sich auch ganz offen den brutalen Fakten:\u00a0<em>&#8222;Es ist hart, sehr, sehr hart. Der Krebs hat wieder zugeschlagen. H\u00e4rter als zuvor. Ich bekomme gerade ein hochdosierte Chemotherapie.<\/p>\n<p>Ich k\u00e4mpfe diesen, mittlerweile fast aussichtslosen Kampf, zusammen mit meinen \u00c4rzten weiter. F\u00fcr mich, f\u00fcr meine Familie und f\u00fcr alle meine Freunde und Fans.&#8220;<\/em><\/p>\n<p>Man kann Matthias Carras einfach nur immer wieder alles erdenklich Gute w\u00fcnschen &#8230;<\/p>\n<p>&nbsp;<\/p>\n<p>&nbsp;<\/p>\n<p>&nbsp;<\/p>\n<p><img decoding=\"async\" loading=\"lazy\" class=\"alignnone size-large wp-image-185380\" src=\"https:\/\/smago.de\/ws2\/wp-content\/uploads\/2022\/06\/Carras_Matthias_Award-465x800.jpg\" alt=\"\" width=\"465\" height=\"800\" srcset=\"https:\/\/smago.de\/ws2\/wp-content\/uploads\/2022\/06\/Carras_Matthias_Award-465x800.jpg 465w, https:\/\/smago.de\/ws2\/wp-content\/uploads\/2022\/06\/Carras_Matthias_Award-303x522.jpg 303w, https:\/\/smago.de\/ws2\/wp-content\/uploads\/2022\/06\/Carras_Matthias_Award-87x150.jpg 87w, https:\/\/smago.de\/ws2\/wp-content\/uploads\/2022\/06\/Carras_Matthias_Award-768x1323.jpg 768w, https:\/\/smago.de\/ws2\/wp-content\/uploads\/2022\/06\/Carras_Matthias_Award-892x1536.jpg 892w, https:\/\/smago.de\/ws2\/wp-content\/uploads\/2022\/06\/Carras_Matthias_Award-1189x2048.jpg 1189w, https:\/\/smago.de\/ws2\/wp-content\/uploads\/2022\/06\/Carras_Matthias_Award-158x272.jpg 158w, https:\/\/smago.de\/ws2\/wp-content\/uploads\/2022\/06\/Carras_Matthias_Award-348x600.jpg 348w, https:\/\/smago.de\/ws2\/wp-content\/uploads\/2022\/06\/Carras_Matthias_Award-75x130.jpg 75w, https:\/\/smago.de\/ws2\/wp-content\/uploads\/2022\/06\/Carras_Matthias_Award-258x445.jpg 258w, https:\/\/smago.de\/ws2\/wp-content\/uploads\/2022\/06\/Carras_Matthias_Award-110x190.jpg 110w, https:\/\/smago.de\/ws2\/wp-content\/uploads\/2022\/06\/Carras_Matthias_Award-168x290.jpg 168w, https:\/\/smago.de\/ws2\/wp-content\/uploads\/2022\/06\/Carras_Matthias_Award-scaled.jpg 1487w\" sizes=\"(max-width: 465px) 100vw, 465px\" \/><\/p>\n<p>&nbsp;<\/p>\n<p>&nbsp;<\/p>\n<p>&nbsp;<\/p>\n<p>&nbsp;<\/p>\n<p>&nbsp;<\/p>\n<p>&nbsp;<\/p>\n<p>&nbsp;<\/p>\n<p>&nbsp;<\/p>\n<p>&nbsp;<\/p>\n<p>&nbsp;<\/p>\n<p>&nbsp;<\/p>\n<p>&nbsp;<\/p>\n<figure id=\"attachment_185379\" aria-describedby=\"caption-attachment-185379\" style=\"width: 600px\" class=\"wp-caption alignnone\"><img decoding=\"async\" loading=\"lazy\" class=\"size-large wp-image-185379\" src=\"https:\/\/smago.de\/ws2\/wp-content\/uploads\/2022\/06\/Carras_Matthias-Wagner_Paulina_3-600x800.jpg\" alt=\"\" width=\"600\" height=\"800\" srcset=\"https:\/\/smago.de\/ws2\/wp-content\/uploads\/2022\/06\/Carras_Matthias-Wagner_Paulina_3-600x800.jpg 600w, https:\/\/smago.de\/ws2\/wp-content\/uploads\/2022\/06\/Carras_Matthias-Wagner_Paulina_3-392x522.jpg 392w, https:\/\/smago.de\/ws2\/wp-content\/uploads\/2022\/06\/Carras_Matthias-Wagner_Paulina_3-113x150.jpg 113w, https:\/\/smago.de\/ws2\/wp-content\/uploads\/2022\/06\/Carras_Matthias-Wagner_Paulina_3-768x1024.jpg 768w, https:\/\/smago.de\/ws2\/wp-content\/uploads\/2022\/06\/Carras_Matthias-Wagner_Paulina_3-1152x1536.jpg 1152w, https:\/\/smago.de\/ws2\/wp-content\/uploads\/2022\/06\/Carras_Matthias-Wagner_Paulina_3-204x272.jpg 204w, https:\/\/smago.de\/ws2\/wp-content\/uploads\/2022\/06\/Carras_Matthias-Wagner_Paulina_3-450x600.jpg 450w, https:\/\/smago.de\/ws2\/wp-content\/uploads\/2022\/06\/Carras_Matthias-Wagner_Paulina_3-98x130.jpg 98w, https:\/\/smago.de\/ws2\/wp-content\/uploads\/2022\/06\/Carras_Matthias-Wagner_Paulina_3-334x445.jpg 334w, https:\/\/smago.de\/ws2\/wp-content\/uploads\/2022\/06\/Carras_Matthias-Wagner_Paulina_3-143x190.jpg 143w, https:\/\/smago.de\/ws2\/wp-content\/uploads\/2022\/06\/Carras_Matthias-Wagner_Paulina_3-218x290.jpg 218w, https:\/\/smago.de\/ws2\/wp-content\/uploads\/2022\/06\/Carras_Matthias-Wagner_Paulina_3-510x680.jpg 510w, https:\/\/smago.de\/ws2\/wp-content\/uploads\/2022\/06\/Carras_Matthias-Wagner_Paulina_3.jpg 1536w\" sizes=\"(max-width: 600px) 100vw, 600px\" \/><figcaption id=\"caption-attachment-185379\" class=\"wp-caption-text\"><em>Foto-Credit: Heike Wagner<\/em><\/figcaption><\/figure>\n<div class=\"mceTemp\"><\/div>\n<p>&nbsp;<\/p>\n<p>&nbsp;<\/p>\n<p>&nbsp;<\/p>\n<p>&nbsp;<\/p>\n<figure id=\"attachment_170926\" aria-describedby=\"caption-attachment-170926\" style=\"width: 800px\" class=\"wp-caption alignnone\"><img decoding=\"async\" loading=\"lazy\" class=\"size-large wp-image-170926\" src=\"https:\/\/smago.de\/ws2\/wp-content\/uploads\/2021\/09\/Carras1-800x533.jpg\" alt=\"\" width=\"800\" height=\"533\" srcset=\"https:\/\/smago.de\/ws2\/wp-content\/uploads\/2021\/09\/Carras1-800x533.jpg 800w, https:\/\/smago.de\/ws2\/wp-content\/uploads\/2021\/09\/Carras1-522x348.jpg 522w, https:\/\/smago.de\/ws2\/wp-content\/uploads\/2021\/09\/Carras1-225x150.jpg 225w, https:\/\/smago.de\/ws2\/wp-content\/uploads\/2021\/09\/Carras1-768x512.jpg 768w, https:\/\/smago.de\/ws2\/wp-content\/uploads\/2021\/09\/Carras1-1536x1024.jpg 1536w, https:\/\/smago.de\/ws2\/wp-content\/uploads\/2021\/09\/Carras1-2048x1365.jpg 2048w, https:\/\/smago.de\/ws2\/wp-content\/uploads\/2021\/09\/Carras1-392x261.jpg 392w, https:\/\/smago.de\/ws2\/wp-content\/uploads\/2021\/09\/Carras1-130x87.jpg 130w, https:\/\/smago.de\/ws2\/wp-content\/uploads\/2021\/09\/Carras1-668x445.jpg 668w, https:\/\/smago.de\/ws2\/wp-content\/uploads\/2021\/09\/Carras1-783x522.jpg 783w, https:\/\/smago.de\/ws2\/wp-content\/uploads\/2021\/09\/Carras1-285x190.jpg 285w, https:\/\/smago.de\/ws2\/wp-content\/uploads\/2021\/09\/Carras1-435x290.jpg 435w, https:\/\/smago.de\/ws2\/wp-content\/uploads\/2021\/09\/Carras1-150x100.jpg 150w, https:\/\/smago.de\/ws2\/wp-content\/uploads\/2021\/09\/Carras1-370x247.jpg 370w\" sizes=\"(max-width: 800px) 100vw, 800px\" \/><figcaption id=\"caption-attachment-170926\" class=\"wp-caption-text\"><em>Foto-Credit: J\u00f6rg Backhaus<\/em><\/figcaption><\/figure>\n","protected":false},"excerpt":{"rendered":"<p>Doch Matthias Carras ist wild entschlossen, weiter zu k\u00e4mpfen &#8211; &#8222;f\u00fcr mich, f\u00fcr meine Familie und f\u00fcr alle meine Freunde<\/p>\n","protected":false},"author":2,"featured_media":170926,"comment_status":"open","ping_status":"closed","sticky":false,"template":"","format":"standard","meta":{"_FSMCFIC_featured_image_caption":"","_FSMCFIC_featured_image_nocaption":null,"_FSMCFIC_featured_image_hide":null},"categories":[28],"tags":[378],"acf":[],"_links":{"self":[{"href":"https:\/\/smago.de\/ws2\/wp-json\/wp\/v2\/posts\/186101"}],"collection":[{"href":"https:\/\/smago.de\/ws2\/wp-json\/wp\/v2\/posts"}],"about":[{"href":"https:\/\/smago.de\/ws2\/wp-json\/wp\/v2\/types\/post"}],"author":[{"embeddable":true,"href":"https:\/\/smago.de\/ws2\/wp-json\/wp\/v2\/users\/2"}],"replies":[{"embeddable":true,"href":"https:\/\/smago.de\/ws2\/wp-json\/wp\/v2\/comments?post=186101"}],"version-history":[{"count":1,"href":"https:\/\/smago.de\/ws2\/wp-json\/wp\/v2\/posts\/186101\/revisions"}],"predecessor-version":[{"id":186102,"href":"https:\/\/smago.de\/ws2\/wp-json\/wp\/v2\/posts\/186101\/revisions\/186102"}],"wp:featuredmedia":[{"embeddable":true,"href":"https:\/\/smago.de\/ws2\/wp-json\/wp\/v2\/media\/170926"}],"wp:attachment":[{"href":"https:\/\/smago.de\/ws2\/wp-json\/wp\/v2\/media?parent=186101"}],"wp:term":[{"taxonomy":"category","embeddable":true,"href":"https:\/\/smago.de\/ws2\/wp-json\/wp\/v2\/categories?post=186101"},{"taxonomy":"post_tag","embeddable":true,"href":"https:\/\/smago.de\/ws2\/wp-json\/wp\/v2\/tags?post=186101"}],"curies":[{"name":"wp","href":"https:\/\/api.w.org\/{rel}","templated":true}]}}