{"id":186039,"date":"2022-07-13T00:00:24","date_gmt":"2022-07-12T22:00:24","guid":{"rendered":"https:\/\/smago.de\/ws2\/?p=186039"},"modified":"2022-07-23T11:44:20","modified_gmt":"2022-07-23T09:44:20","slug":"vicky-leandros-doppel-cd-liebe-das-beste-zum-jubilaeum-ab-19-08-2022-im-handel","status":"publish","type":"post","link":"https:\/\/smago.de\/ws2\/schlager\/vicky-leandros-doppel-cd-liebe-das-beste-zum-jubilaeum-ab-19-08-2022-im-handel\/","title":{"rendered":"VICKY LEANDROS <br>Doppel-CD &#8222;Liebe: das Beste Zum Jubil\u00e4um&#8220; ab 19.08.2022 im Handel!"},"content":{"rendered":"<p style=\"text-align: justify;\">TELAMO bringt am 19.08.2022 eine neue &#8218;Best Of&#8216; Doppel-CD von VICKY LEANDROS auf dem Markt.<\/p>\n<p style=\"text-align: justify;\">Das Doppelalbum, das den Titel &#8222;Liebe: das Beste Zum Jubil\u00e4um&#8220; tr\u00e4gt, wird aller Wahrscheinlichkeit nach die gr\u00f6\u00dften Erfolge von Vicky Leandros aus ihrer Jack White Zeit beinhalten.<\/p>\n<p style=\"text-align: justify;\">Am 23. Juli wird Vicky Leandros in der gro\u00dfen Eurovisionsshow &#8222;Das gro\u00dfe Schlagercomeback.2022&#8220; &#8211; pr\u00e4sentiert von Florian Silbereisen &#8211; zu Gast sein.<\/p>\n<p style=\"text-align: justify;\">Die bislang letzte Ver\u00f6ffentlichung von Vicky Leandros war \u00a0&#8211; am 05.10.2021 &#8211; das Kochbuch &#8222;<span id=\"productTitle\" class=\"a-size-extra-large\">Ein Hoch auf das Leben: Meine K\u00fcche f\u00fcr Familie und Freunde&#8220;.<\/span><\/p>\n<p>&nbsp;<\/p>\n<p>&nbsp;<\/p>\n<div class=\"mceTemp\"><\/div>\n<p><img decoding=\"async\" loading=\"lazy\" class=\"alignnone size-full wp-image-186672\" src=\"https:\/\/smago.de\/ws2\/wp-content\/uploads\/2022\/07\/liebe-das-beste-zum-jubilaeum.jpg\" alt=\"\" width=\"600\" height=\"595\" srcset=\"https:\/\/smago.de\/ws2\/wp-content\/uploads\/2022\/07\/liebe-das-beste-zum-jubilaeum.jpg 600w, https:\/\/smago.de\/ws2\/wp-content\/uploads\/2022\/07\/liebe-das-beste-zum-jubilaeum-522x518.jpg 522w, https:\/\/smago.de\/ws2\/wp-content\/uploads\/2022\/07\/liebe-das-beste-zum-jubilaeum-151x150.jpg 151w, https:\/\/smago.de\/ws2\/wp-content\/uploads\/2022\/07\/liebe-das-beste-zum-jubilaeum-274x272.jpg 274w, https:\/\/smago.de\/ws2\/wp-content\/uploads\/2022\/07\/liebe-das-beste-zum-jubilaeum-130x130.jpg 130w, https:\/\/smago.de\/ws2\/wp-content\/uploads\/2022\/07\/liebe-das-beste-zum-jubilaeum-449x445.jpg 449w, https:\/\/smago.de\/ws2\/wp-content\/uploads\/2022\/07\/liebe-das-beste-zum-jubilaeum-526x522.jpg 526w, https:\/\/smago.de\/ws2\/wp-content\/uploads\/2022\/07\/liebe-das-beste-zum-jubilaeum-192x190.jpg 192w, https:\/\/smago.de\/ws2\/wp-content\/uploads\/2022\/07\/liebe-das-beste-zum-jubilaeum-292x290.jpg 292w\" sizes=\"(max-width: 600px) 100vw, 600px\" \/><\/p>\n","protected":false},"excerpt":{"rendered":"<p>TELAMO bringt am 19.08.2022 eine neue &#8218;Best Of&#8216; Doppel-CD von VICKY LEANDROS auf dem Markt. Das Doppelalbum, das den Titel<\/p>\n","protected":false},"author":2,"featured_media":186672,"comment_status":"open","ping_status":"closed","sticky":false,"template":"","format":"standard","meta":{"_FSMCFIC_featured_image_caption":"","_FSMCFIC_featured_image_nocaption":null,"_FSMCFIC_featured_image_hide":null},"categories":[29],"tags":[83],"acf":[],"_links":{"self":[{"href":"https:\/\/smago.de\/ws2\/wp-json\/wp\/v2\/posts\/186039"}],"collection":[{"href":"https:\/\/smago.de\/ws2\/wp-json\/wp\/v2\/posts"}],"about":[{"href":"https:\/\/smago.de\/ws2\/wp-json\/wp\/v2\/types\/post"}],"author":[{"embeddable":true,"href":"https:\/\/smago.de\/ws2\/wp-json\/wp\/v2\/users\/2"}],"replies":[{"embeddable":true,"href":"https:\/\/smago.de\/ws2\/wp-json\/wp\/v2\/comments?post=186039"}],"version-history":[{"count":3,"href":"https:\/\/smago.de\/ws2\/wp-json\/wp\/v2\/posts\/186039\/revisions"}],"predecessor-version":[{"id":186673,"href":"https:\/\/smago.de\/ws2\/wp-json\/wp\/v2\/posts\/186039\/revisions\/186673"}],"wp:featuredmedia":[{"embeddable":true,"href":"https:\/\/smago.de\/ws2\/wp-json\/wp\/v2\/media\/186672"}],"wp:attachment":[{"href":"https:\/\/smago.de\/ws2\/wp-json\/wp\/v2\/media?parent=186039"}],"wp:term":[{"taxonomy":"category","embeddable":true,"href":"https:\/\/smago.de\/ws2\/wp-json\/wp\/v2\/categories?post=186039"},{"taxonomy":"post_tag","embeddable":true,"href":"https:\/\/smago.de\/ws2\/wp-json\/wp\/v2\/tags?post=186039"}],"curies":[{"name":"wp","href":"https:\/\/api.w.org\/{rel}","templated":true}]}}