{"id":185962,"date":"2022-07-13T00:00:16","date_gmt":"2022-07-12T22:00:16","guid":{"rendered":"https:\/\/smago.de\/ws2\/?p=185962"},"modified":"2022-07-11T23:07:27","modified_gmt":"2022-07-11T21:07:27","slug":"konstantin-wecker","status":"publish","type":"post","link":"https:\/\/smago.de\/ws2\/liedermacher\/konstantin-wecker\/","title":{"rendered":"KONSTANTIN WECKER <br>Heute Vorabend (13.07.2022) in der Sendung &#8222;DAS!&#8220; zu Gast!"},"content":{"rendered":"<p>NDR fernsehen, 18:45 Uhr &#8211; 19:30 Uhr (Wh. in der Nacht auf 14.07., 05:15 Uhr &#8211; 06:00 Uhr)!<br \/>\n<!--more--><\/p>\n<p>&nbsp;<\/p>\n<p>&nbsp;<\/p>\n<p>&nbsp;<\/p>\n<p style=\"text-align: justify;\">&#8222;Auf einer Leiter, deren Sprossen aus Niederlagen gebaut sind, kann man auch nach oben klettern&#8220;, schrieb der Musiker, Komponist und Liedermacher KONSTANTIN WECKER \u00fcber sein bewegtes Leben, das H\u00f6hen und Tiefen hatte.<\/p>\n<p style=\"text-align: justify;\">Am 1. Juni ist Wecker 75 Jahre alt geworden &#8211; Zeit, f\u00fcr eine gro\u00dfe Deutschland- Tournee, Zeit, pers\u00f6nliche Bilanz zu ziehen und Zeit, f\u00fcr politische Utopien von einem Leben ohne Gewalt, Herrschaft und Krieg. Insofern ist der friedensbewegte Poet Konstantin Wecker davon \u00fcberzeugt, dass es eine gef\u00e4hrliche Illusion ist, Waffengewalt im Ukraine-Krieg mit Waffen stoppen zu k\u00f6nnen.<\/p>\n<p style=\"text-align: justify;\">Zusammen mit Margot K\u00e4\u00dfmann hat er das Buch &#8222;Entr\u00fcstet Euch &#8211; von der bleibenden Kraft des Pazifismus&#8220; vorgelegt, liefert somit einen wichtigen Beitrag zur aktuellen Debatte und muss daf\u00fcr auch Kritik einstecken.<\/p>\n<p>&nbsp;<\/p>\n<p>&nbsp;<\/p>\n<figure id=\"attachment_185982\" aria-describedby=\"caption-attachment-185982\" style=\"width: 800px\" class=\"wp-caption alignnone\"><img decoding=\"async\" loading=\"lazy\" class=\"size-large wp-image-185982\" src=\"https:\/\/smago.de\/ws2\/wp-content\/uploads\/2099\/07\/rb_20190303_konstantin_wecker-2-800x600.jpg\" alt=\"\" width=\"800\" height=\"600\" srcset=\"https:\/\/smago.de\/ws2\/wp-content\/uploads\/2099\/07\/rb_20190303_konstantin_wecker-2-800x600.jpg 800w, https:\/\/smago.de\/ws2\/wp-content\/uploads\/2099\/07\/rb_20190303_konstantin_wecker-2-522x392.jpg 522w, https:\/\/smago.de\/ws2\/wp-content\/uploads\/2099\/07\/rb_20190303_konstantin_wecker-2-200x150.jpg 200w, https:\/\/smago.de\/ws2\/wp-content\/uploads\/2099\/07\/rb_20190303_konstantin_wecker-2-768x576.jpg 768w, https:\/\/smago.de\/ws2\/wp-content\/uploads\/2099\/07\/rb_20190303_konstantin_wecker-2-1536x1152.jpg 1536w, https:\/\/smago.de\/ws2\/wp-content\/uploads\/2099\/07\/rb_20190303_konstantin_wecker-2-2048x1536.jpg 2048w, https:\/\/smago.de\/ws2\/wp-content\/uploads\/2099\/07\/rb_20190303_konstantin_wecker-2-363x272.jpg 363w, https:\/\/smago.de\/ws2\/wp-content\/uploads\/2099\/07\/rb_20190303_konstantin_wecker-2-130x98.jpg 130w, https:\/\/smago.de\/ws2\/wp-content\/uploads\/2099\/07\/rb_20190303_konstantin_wecker-2-593x445.jpg 593w, https:\/\/smago.de\/ws2\/wp-content\/uploads\/2099\/07\/rb_20190303_konstantin_wecker-2-696x522.jpg 696w, https:\/\/smago.de\/ws2\/wp-content\/uploads\/2099\/07\/rb_20190303_konstantin_wecker-2-253x190.jpg 253w, https:\/\/smago.de\/ws2\/wp-content\/uploads\/2099\/07\/rb_20190303_konstantin_wecker-2-387x290.jpg 387w\" sizes=\"(max-width: 800px) 100vw, 800px\" \/><figcaption id=\"caption-attachment-185982\" class=\"wp-caption-text\"><em>Foto-Credit: Thomas Karsten<\/em><\/figcaption><\/figure>\n","protected":false},"excerpt":{"rendered":"<p>NDR fernsehen, 18:45 Uhr &#8211; 19:30 Uhr (Wh. in der Nacht auf 14.07., 05:15 Uhr &#8211; 06:00 Uhr)!<\/p>\n","protected":false},"author":2,"featured_media":185982,"comment_status":"open","ping_status":"closed","sticky":false,"template":"","format":"standard","meta":{"_FSMCFIC_featured_image_caption":"","_FSMCFIC_featured_image_nocaption":null,"_FSMCFIC_featured_image_hide":null},"categories":[21,128],"tags":[536],"acf":[],"_links":{"self":[{"href":"https:\/\/smago.de\/ws2\/wp-json\/wp\/v2\/posts\/185962"}],"collection":[{"href":"https:\/\/smago.de\/ws2\/wp-json\/wp\/v2\/posts"}],"about":[{"href":"https:\/\/smago.de\/ws2\/wp-json\/wp\/v2\/types\/post"}],"author":[{"embeddable":true,"href":"https:\/\/smago.de\/ws2\/wp-json\/wp\/v2\/users\/2"}],"replies":[{"embeddable":true,"href":"https:\/\/smago.de\/ws2\/wp-json\/wp\/v2\/comments?post=185962"}],"version-history":[{"count":5,"href":"https:\/\/smago.de\/ws2\/wp-json\/wp\/v2\/posts\/185962\/revisions"}],"predecessor-version":[{"id":185985,"href":"https:\/\/smago.de\/ws2\/wp-json\/wp\/v2\/posts\/185962\/revisions\/185985"}],"wp:featuredmedia":[{"embeddable":true,"href":"https:\/\/smago.de\/ws2\/wp-json\/wp\/v2\/media\/185982"}],"wp:attachment":[{"href":"https:\/\/smago.de\/ws2\/wp-json\/wp\/v2\/media?parent=185962"}],"wp:term":[{"taxonomy":"category","embeddable":true,"href":"https:\/\/smago.de\/ws2\/wp-json\/wp\/v2\/categories?post=185962"},{"taxonomy":"post_tag","embeddable":true,"href":"https:\/\/smago.de\/ws2\/wp-json\/wp\/v2\/tags?post=185962"}],"curies":[{"name":"wp","href":"https:\/\/api.w.org\/{rel}","templated":true}]}}