{"id":185692,"date":"2022-07-07T10:37:10","date_gmt":"2022-07-07T08:37:10","guid":{"rendered":"https:\/\/smago.de\/ws2\/?p=185692"},"modified":"2022-07-07T10:37:10","modified_gmt":"2022-07-07T08:37:10","slug":"dorthe-kollo-das-grosse-interview-zum-75-geburtstag-am-17-07-2022","status":"publish","type":"post","link":"https:\/\/smago.de\/ws2\/schlager\/dorthe-kollo-das-grosse-interview-zum-75-geburtstag-am-17-07-2022\/","title":{"rendered":"DORTHE KOLLO <br>Das gro\u00dfe Interview zum 75. Geburtstag am 17.07.2022!"},"content":{"rendered":"<p>(Kleiner Hinweis am Rande: &#8222;Dorthe&#8220; wollte &#8211; auch in diesem Interview &#8211; zwingend geduzt werden!)<br \/>\n<!--more--><\/p>\n<p style=\"text-align: justify;\">\n<p style=\"text-align: justify;\">\n<div class=\"\" style=\"text-align: justify;\"><b class=\"\">75 Jahre Dorthe Kollo &#8211; Dorthe, kannst Du das wirklich selbst glauben? Wenn man Dich so sieht, wirkst Du viel, viel j\u00fcnger\u2026<\/p>\n<p><\/b>F\u00fcr mich f\u00fchlt sich 75 Jahre an, als w\u00e4ren ich erst um die 40\u2026.\u00a0\u00a0Dass ich jung aussehe, liegt an meinem Mann, an meinen T\u00f6chtern sowie an unserem \u201eLieblings-Prinzen\u201c Hund \u201eBruno\u201c &#8211; er ist unser heiss geliebter Mischling aus Mallorca. Ein gutes Umfeld ist wichtig f\u00fcr die Seele und l\u00e4sst Dich jung bleiben.<\/div>\n<div class=\"\" style=\"text-align: justify;\"><\/div>\n<div class=\"\" style=\"text-align: justify;\"><b class=\"\"><i class=\"\">\u201eDas Leben geht weiter\u201c<\/i> hei\u00dft Dein neuer Song. Was willst Du noch erleben in Deinem Leben? Beruflich und privat?\u201c<\/b><\/div>\n<div style=\"text-align: justify;\"><\/div>\n<div class=\"\" style=\"text-align: justify;\"><i class=\"\">&#8222;Das Leben geht weiter&#8220;<\/i>\u00a0ist ein so tolles Lied, was mir mein Musikproduzent Markus Rummel direkt auf den Leib geschrieben hat. Der Text von Daniel Gramer passt so unglaublich gut zu mir. Der Songtext von \u201eDas Leben geht weiter\u201c ist ehrlich und authentisch. Deswegen freue ich mich schon auf die Auftritte mit diesem Song. In meinem Leben w\u00fcrde ich sehr gerne noch viele weitere L\u00e4nder bereisen. Und Kunst, sch\u00f6ne Gesch\u00e4fte und gutes Essen in dem jeweiligen Land erleben &#8211; eben alles, wof\u00fcr das Herz einer Frau so schl\u00e4gt. Privat freue ich mich dar\u00fcber, dass meine j\u00fcngste Tochter Jil Anfang November 2022 zum ersten Mal mit 39 Jahren Mama wird. Das heisst, dass ich sehr viel Zeit mit meinem Mann in New York verbringen werde. Das wird unglaublich sch\u00f6n. Und wichtig ist, dass wir alle gesund bleiben.<\/div>\n<div class=\"\" style=\"text-align: justify;\"><\/div>\n<div class=\"\" style=\"text-align: justify;\"><b class=\"\"><i class=\"\">\u201eDas Leben geht weiter\u201c<\/i>\u00a0ist ein sehr positiver, fr\u00f6hlicher Song. Wie wichtig ist gute Laune, positives Denken und positives F\u00fchlen f\u00fcr Dich?\u00a0\u00a0<\/b><\/div>\n<div style=\"text-align: justify;\"><\/div>\n<div class=\"\" style=\"text-align: justify;\">Positives Denken und F\u00fchlen ist unheimlich wichtig, um diverse Herausforderungen im Leben zu meistern. Als ich in meinem Leben in einer schwierigen Situation war, habe ich t\u00e4glich trainiert, bin im Wald gelaufen, habe sch\u00f6ne Filme gesehen und war mit guten Freunden zusammen. So kann man unsch\u00f6ne Dinge und Gedanken wieder loswerden.<\/div>\n<div class=\"\" style=\"text-align: justify;\"><\/div>\n<div class=\"\" style=\"text-align: justify;\"><b class=\"\">Was war Dein gr\u00f6\u00dfter Erfolg im Leben und was Deine h\u00e4rteste Niederlage?<\/b><\/div>\n<div class=\"\" style=\"text-align: justify;\">\nMeine gr\u00f6\u00dften privaten Erfolge sind meine T\u00f6chter: 1967 die Geburt meiner Tochter Nathalie in Locarno, 1983 die Geburt meiner j\u00fcngsten Tochter Jil in Starnberg. Und ein genauso gro\u00dfer Erfolg war Kennenlernen meines allerliebsten Mannes Heiner im Jahr 2000. Beruflich habe ich so viele wahnsinnig tolle, traumhafte Erfolge und Erlebnisse gehabt mit Menschen, die mich alle bestens unterst\u00fctzt haben. Und zu denen ich heute noch Kontakt habe. Ich erinnere mich beruflich an keine Niederlagen.<\/p>\n<\/div>\n<div class=\"\" style=\"text-align: justify;\">Privat habe ich einmal einen Herrn geheiratet habe, der sich zu sp\u00e4t als keine ganz so gute Wahl herausgestellt hat.<\/div>\n<div class=\"\" style=\"text-align: justify;\"><\/div>\n<div class=\"\" style=\"text-align: justify;\"><b class=\"\">Hast Du ein Lebensmotto f\u00fcrs Publikum, was Du Ihnen mitgeben kannst, so dass man 75 Jahre \u201eschafft\u201c?<\/p>\n<p><\/b>Neulich habe ich eine Freundin in Bremen besucht. Ihre Mutter ist 98 Jahre alt und fit wie ein Turnschuh. Die Haare toll gef\u00e4rbt, gut geschminkt und super angezogen. Zudem sehr interessiert bei allen Gespr\u00e4chen. Wer das Gl\u00fcck hat, gesund zu bleiben und auch im Kopf klar ist, braucht keine Angst zu haben vor Jahreszahlen oder dem Alter. \u00c4lter werden kann auch sch\u00f6n sein. &#8211; Man sollte immer interessiert bleiben &#8211; an allen Dingen des Lebens &#8211; dann wirst Du alt.Versuch dich t\u00e4glich zu bewegen. Wie schreibt die liebe Dr. Susanne Koch? &#8211; \u201eAlt werde ich sp\u00e4ter\u201c.<\/div>\n<div class=\"\" style=\"text-align: justify;\"><\/div>\n<div class=\"\" style=\"text-align: justify;\"><b class=\"\">Was war Dein einpr\u00e4gendstes Erlebnis in Deiner Karriere?<\/p>\n<p><\/b>Die Aufnahme meines ersten Liedes, was ich in einer Kirche einsang, war mein einpr\u00e4gendstes Erlebnis: \u201eMin Piphans\u201c. Ein Lied \u00fcber einen gelben Kanarienvogel. Ich musste auf einem Stuhl stehen, um das Mikrofon erreichen zu k\u00f6nnen. Mein Vater war ein begnadeter Violinist und hat mich begleitet. Und auf seiner Geige den Vogelgesang gespielt. Danach wurde ich zum Kinderstar in meiner Heimat D\u00e4nemark.<\/div>\n<div class=\"\" style=\"text-align: justify;\"><\/div>\n<div class=\"\" style=\"text-align: justify;\"><b class=\"\">Wof\u00fcr bist Du dankbar?<\/p>\n<p><\/b>Ich bin sehr dankbar, dass ich gesund bin. Und dass ich eine so fantastische Familie habe und so tolle Freunde. Ich kann jeden Tag so geniessen, wie ich es mir vorgestellt habe. Bis ich 53 Jahre alt wurde, habe ich mein ganzes Leben lang jeden Tag hart gearbeitet. Dann kam das gro\u00dfe Gl\u00fcck zu mir. Ich kann mir erlauben, viel Golf zu spielen, auf Tour zu gehen und Shows zu spielen, die mir Spa\u00df machen. Ich bin dankbar, dass ich den Menschen etwas Positives zur\u00fcck geben kann. Ja, \u201eDas Leben geht weiter\u201c oder auch auf d\u00e4nisch gesagt \u201eI dag er en ny dag\u201c<\/div>\n<div class=\"\" style=\"text-align: justify;\"><b class=\"\"><br \/>\nWenn dein neuer Song\u00a0<i class=\"\">\u201eDas Leben geht weiter\u201c<\/i>\u00a0ein Getr\u00e4nk w\u00e4re, welches w\u00e4re es?<\/b><\/p>\n<p>Ein super sch\u00f6nes Glas Weisswein, nur kein Chardonnay.<\/p><\/div>\n<div class=\"\" style=\"text-align: justify;\"><\/div>\n<div class=\"\" style=\"text-align: justify;\"><b class=\"\">Nach \u00fcber zwei Jahren Corona hat jeder seine eigene Geschichte zu erz\u00e4hlen. Wie bist du mit der Pandemie umgegangen? Was hat dich durch diese Zeit gebracht?<\/b><\/p>\n<p>F\u00fcr mich war die lange Corona-Zeit auch Erholung, um diverse Schr\u00e4nke und Papiere aufzur\u00e4umen. Und Gott sei dank konnte ich auch ohne Shows existieren. Trotzdem z\u00e4hle ich zu den wenigen K\u00fcnstlern, die 2020 eine vollst\u00e4ndige Tournee gespielt haben. Ich war den ganzen Januar und Februar 2020 auf D\u00e4nemark-Tournee. Direkt danach starteten die Lockdowns.<\/p><\/div>\n<div class=\"\" style=\"text-align: justify;\"><\/div>\n<div class=\"\" style=\"text-align: justify;\"><b class=\"\">Die Schlagerbranche hat in letzter Zeit einen regelrechten Hype erfahren. Was kannst du den jungen K\u00fcnstlern dieser Generation mit auf den Weg geben?<\/p>\n<p><\/b>Bleib mit beiden Beiden auf dem Boden der Realit\u00e4t. Behandele deine Mitmenschen mit Respekt. Bleibe Du, und bleibe nat\u00fcrlich.<\/div>\n<div class=\"\" style=\"text-align: justify;\"><\/div>\n<div class=\"\" style=\"text-align: justify;\"><b class=\"\">Du kommst geb\u00fcrtig aus D\u00e4nemark, lebst aber in Deutschland &#8211; genauer gesagt in Bremen. Wie definierst du das Wort Heimat und wo f\u00fchlst du dich zu Hause?<\/b><\/p>\n<p>Ich bin Vollblut-D\u00e4nin mit d\u00e4nischem Pass. Genauso f\u00fchle ich mich seit 1967 in Deutschland in Deutschland zuhause &#8211; bei meiner lieben Familie und tollen Freunden.<\/p><\/div>\n<div class=\"\" style=\"text-align: justify;\"><\/div>\n<div class=\"\" style=\"text-align: justify;\"><b class=\"\">Du hast nicht nur eine gro\u00dfe Fangemeinde in Deutschland. Wo noch spielt man deine Musik?<\/p>\n<p><\/b>Ich bin sehr dankbar, dass ich in D\u00e4nemark und dem deutschsprachigen Europa immer noch so viele Fans habe. Es ist f\u00fcr mich eine gro\u00dfe Ehre, Menschen gl\u00fccklich zu machen. Au\u00dferdem h\u00f6rt man meine Hits dank Streaming und Spotify mittlerweile in Kanada, Australien oder Argentinien. Das ist irre gut.<\/div>\n<div class=\"\" style=\"text-align: justify;\"><\/div>\n<div class=\"\" style=\"text-align: justify;\"><b class=\"\">Deine j\u00fcngste Tochter Jil lebt in den USA und bekommt im Herbst ein Kind &#8211; Dein 2. Enkelkind! &#8211; Wie geht ihr gemeinsam mit dieser Entfernung um? Haltet ihr Kontakt?<\/b><\/p>\n<p>Meine \u00e4lteste Tochter Nathalie (55) hat 1999 ihren Sohn Marlon zur Welt gebracht. Ich bin also schon lange Gro\u00dfmutter. Und meine j\u00fcngste Tochter Jil wird mich im November in New York wieder zur Oma machen. Wie gl\u00fccklich kann man noch werden? Wir sprechen regelm\u00e4\u00dfig \u00fcber Videocalls, und ich besuche sie ab und zu.<\/p><\/div>\n<div class=\"\" style=\"text-align: justify;\"><\/div>\n<div class=\"\" style=\"text-align: justify;\"><b class=\"\">Hast du den \u201eGrafen von Luxemburg\u201c jemals gefunden?<\/b><\/p>\n<p>Gott sei Dank brauche ich privat keinen Grafen. Beruflich ist der Graf nat\u00fcrlich einer meiner liebsten Begleiter. Die Menschen lieben diesen Klassiker um den \u201eGrafen aus Luxemburg\u201c &#8211; egal ob auf deutsch oder d\u00e4nisch.<\/p><\/div>\n<div class=\"\" style=\"text-align: justify;\"><\/div>\n<div class=\"\" style=\"text-align: justify;\"><b class=\"\">Was willst Du noch sagen?<\/b><\/p>\n<p>Ich bleibe Optimist und liebe das Leben &#8211; Bleib auch du Optimist, denn das Leben geht immer weiter.<\/p><\/div>\n<div><\/div>\n<div><\/div>\n<div><\/div>\n<div><\/div>\n<div>\n<figure id=\"attachment_185694\" aria-describedby=\"caption-attachment-185694\" style=\"width: 533px\" class=\"wp-caption alignnone\"><img decoding=\"async\" loading=\"lazy\" class=\"size-large wp-image-185694\" src=\"https:\/\/smago.de\/ws2\/wp-content\/uploads\/2022\/07\/DortheKollo_Pressefoto2_2022_c_MariusEngels-www.mariusengels.com_300dpi_sRGB-533x800.jpg\" alt=\"\" width=\"533\" height=\"800\" srcset=\"https:\/\/smago.de\/ws2\/wp-content\/uploads\/2022\/07\/DortheKollo_Pressefoto2_2022_c_MariusEngels-www.mariusengels.com_300dpi_sRGB-533x800.jpg 533w, https:\/\/smago.de\/ws2\/wp-content\/uploads\/2022\/07\/DortheKollo_Pressefoto2_2022_c_MariusEngels-www.mariusengels.com_300dpi_sRGB-348x522.jpg 348w, https:\/\/smago.de\/ws2\/wp-content\/uploads\/2022\/07\/DortheKollo_Pressefoto2_2022_c_MariusEngels-www.mariusengels.com_300dpi_sRGB-100x150.jpg 100w, https:\/\/smago.de\/ws2\/wp-content\/uploads\/2022\/07\/DortheKollo_Pressefoto2_2022_c_MariusEngels-www.mariusengels.com_300dpi_sRGB-768x1152.jpg 768w, https:\/\/smago.de\/ws2\/wp-content\/uploads\/2022\/07\/DortheKollo_Pressefoto2_2022_c_MariusEngels-www.mariusengels.com_300dpi_sRGB-181x272.jpg 181w, https:\/\/smago.de\/ws2\/wp-content\/uploads\/2022\/07\/DortheKollo_Pressefoto2_2022_c_MariusEngels-www.mariusengels.com_300dpi_sRGB-400x600.jpg 400w, https:\/\/smago.de\/ws2\/wp-content\/uploads\/2022\/07\/DortheKollo_Pressefoto2_2022_c_MariusEngels-www.mariusengels.com_300dpi_sRGB-87x130.jpg 87w, https:\/\/smago.de\/ws2\/wp-content\/uploads\/2022\/07\/DortheKollo_Pressefoto2_2022_c_MariusEngels-www.mariusengels.com_300dpi_sRGB-297x445.jpg 297w, https:\/\/smago.de\/ws2\/wp-content\/uploads\/2022\/07\/DortheKollo_Pressefoto2_2022_c_MariusEngels-www.mariusengels.com_300dpi_sRGB-127x190.jpg 127w, https:\/\/smago.de\/ws2\/wp-content\/uploads\/2022\/07\/DortheKollo_Pressefoto2_2022_c_MariusEngels-www.mariusengels.com_300dpi_sRGB-193x290.jpg 193w, https:\/\/smago.de\/ws2\/wp-content\/uploads\/2022\/07\/DortheKollo_Pressefoto2_2022_c_MariusEngels-www.mariusengels.com_300dpi_sRGB.jpg 853w\" sizes=\"(max-width: 533px) 100vw, 533px\" \/><figcaption id=\"caption-attachment-185694\" class=\"wp-caption-text\"><em>Foto-Credit: <strong><a href=\"http:\/\/www.mariusengels.com\">Marius Engels<\/a><\/strong><\/em><\/figcaption><\/figure>\n<\/div>\n<p>&nbsp;<\/p>\n<p>&nbsp;<\/p>\n<p>&nbsp;<\/p>\n<figure id=\"attachment_185693\" aria-describedby=\"caption-attachment-185693\" style=\"width: 800px\" class=\"wp-caption alignnone\"><img decoding=\"async\" loading=\"lazy\" class=\"size-large wp-image-185693\" src=\"https:\/\/smago.de\/ws2\/wp-content\/uploads\/2022\/07\/DortheKollo_Pressefoto_2022_c_MariusEngels-www.mariusengels.com_300dpi_sRGB-800x533.jpg\" alt=\"\" width=\"800\" height=\"533\" srcset=\"https:\/\/smago.de\/ws2\/wp-content\/uploads\/2022\/07\/DortheKollo_Pressefoto_2022_c_MariusEngels-www.mariusengels.com_300dpi_sRGB-800x533.jpg 800w, https:\/\/smago.de\/ws2\/wp-content\/uploads\/2022\/07\/DortheKollo_Pressefoto_2022_c_MariusEngels-www.mariusengels.com_300dpi_sRGB-522x348.jpg 522w, https:\/\/smago.de\/ws2\/wp-content\/uploads\/2022\/07\/DortheKollo_Pressefoto_2022_c_MariusEngels-www.mariusengels.com_300dpi_sRGB-225x150.jpg 225w, https:\/\/smago.de\/ws2\/wp-content\/uploads\/2022\/07\/DortheKollo_Pressefoto_2022_c_MariusEngels-www.mariusengels.com_300dpi_sRGB-768x512.jpg 768w, https:\/\/smago.de\/ws2\/wp-content\/uploads\/2022\/07\/DortheKollo_Pressefoto_2022_c_MariusEngels-www.mariusengels.com_300dpi_sRGB-392x261.jpg 392w, https:\/\/smago.de\/ws2\/wp-content\/uploads\/2022\/07\/DortheKollo_Pressefoto_2022_c_MariusEngels-www.mariusengels.com_300dpi_sRGB-130x87.jpg 130w, https:\/\/smago.de\/ws2\/wp-content\/uploads\/2022\/07\/DortheKollo_Pressefoto_2022_c_MariusEngels-www.mariusengels.com_300dpi_sRGB-668x445.jpg 668w, https:\/\/smago.de\/ws2\/wp-content\/uploads\/2022\/07\/DortheKollo_Pressefoto_2022_c_MariusEngels-www.mariusengels.com_300dpi_sRGB-783x522.jpg 783w, https:\/\/smago.de\/ws2\/wp-content\/uploads\/2022\/07\/DortheKollo_Pressefoto_2022_c_MariusEngels-www.mariusengels.com_300dpi_sRGB-285x190.jpg 285w, https:\/\/smago.de\/ws2\/wp-content\/uploads\/2022\/07\/DortheKollo_Pressefoto_2022_c_MariusEngels-www.mariusengels.com_300dpi_sRGB-435x290.jpg 435w, https:\/\/smago.de\/ws2\/wp-content\/uploads\/2022\/07\/DortheKollo_Pressefoto_2022_c_MariusEngels-www.mariusengels.com_300dpi_sRGB-150x100.jpg 150w, https:\/\/smago.de\/ws2\/wp-content\/uploads\/2022\/07\/DortheKollo_Pressefoto_2022_c_MariusEngels-www.mariusengels.com_300dpi_sRGB-370x247.jpg 370w, https:\/\/smago.de\/ws2\/wp-content\/uploads\/2022\/07\/DortheKollo_Pressefoto_2022_c_MariusEngels-www.mariusengels.com_300dpi_sRGB.jpg 1280w\" sizes=\"(max-width: 800px) 100vw, 800px\" \/><figcaption id=\"caption-attachment-185693\" class=\"wp-caption-text\"><\/em> <em>Foto-Credit: <strong><a href=\"http:\/\/www.mariusengels.com\">Marius Engels<\/a><\/strong><\/em><\/figcaption><\/figure>\n","protected":false},"excerpt":{"rendered":"<p>(Kleiner Hinweis am Rande: &#8222;Dorthe&#8220; wollte &#8211; auch in diesem Interview &#8211; zwingend geduzt werden!)<\/p>\n","protected":false},"author":2,"featured_media":185693,"comment_status":"open","ping_status":"closed","sticky":false,"template":"","format":"standard","meta":{"_FSMCFIC_featured_image_caption":"","_FSMCFIC_featured_image_nocaption":null,"_FSMCFIC_featured_image_hide":null},"categories":[29,39],"tags":[1332],"acf":[],"_links":{"self":[{"href":"https:\/\/smago.de\/ws2\/wp-json\/wp\/v2\/posts\/185692"}],"collection":[{"href":"https:\/\/smago.de\/ws2\/wp-json\/wp\/v2\/posts"}],"about":[{"href":"https:\/\/smago.de\/ws2\/wp-json\/wp\/v2\/types\/post"}],"author":[{"embeddable":true,"href":"https:\/\/smago.de\/ws2\/wp-json\/wp\/v2\/users\/2"}],"replies":[{"embeddable":true,"href":"https:\/\/smago.de\/ws2\/wp-json\/wp\/v2\/comments?post=185692"}],"version-history":[{"count":1,"href":"https:\/\/smago.de\/ws2\/wp-json\/wp\/v2\/posts\/185692\/revisions"}],"predecessor-version":[{"id":185695,"href":"https:\/\/smago.de\/ws2\/wp-json\/wp\/v2\/posts\/185692\/revisions\/185695"}],"wp:featuredmedia":[{"embeddable":true,"href":"https:\/\/smago.de\/ws2\/wp-json\/wp\/v2\/media\/185693"}],"wp:attachment":[{"href":"https:\/\/smago.de\/ws2\/wp-json\/wp\/v2\/media?parent=185692"}],"wp:term":[{"taxonomy":"category","embeddable":true,"href":"https:\/\/smago.de\/ws2\/wp-json\/wp\/v2\/categories?post=185692"},{"taxonomy":"post_tag","embeddable":true,"href":"https:\/\/smago.de\/ws2\/wp-json\/wp\/v2\/tags?post=185692"}],"curies":[{"name":"wp","href":"https:\/\/api.w.org\/{rel}","templated":true}]}}