{"id":185618,"date":"2022-07-05T16:57:30","date_gmt":"2022-07-05T14:57:30","guid":{"rendered":"https:\/\/smago.de\/ws2\/?p=185618"},"modified":"2022-07-05T17:00:10","modified_gmt":"2022-07-05T15:00:10","slug":"luna-klee-sie-bereichert-die-sendung-die-schlager-des-sommers-2022-die-maerchenschloss-nacht","status":"publish","type":"post","link":"https:\/\/smago.de\/ws2\/pop-schlager\/luna-klee-sie-bereichert-die-sendung-die-schlager-des-sommers-2022-die-maerchenschloss-nacht\/","title":{"rendered":"LUNA KLEE <br>Sie bereichert die Sendung &#8222;Die Schlager des Sommers 2022 &#8211; Die M\u00e4rchenschloss-Nacht&#8220;!"},"content":{"rendered":"<p style=\"text-align: justify;\">Die Ausstrahlung erfolgt am 20.08.2022 um 20:15 Uhr im MDR FERNSEHEN!<br \/>\n<!--more--><\/p>\n<p>&nbsp;<\/p>\n<p style=\"text-align: justify;\">\n<p style=\"text-align: justify;\">LUNA KLEE ist heute (05.07.2022) offiziell f\u00fcr die Sendung \u00a0&#8222;Die Schlager des Sommers 2022 &#8211; Die M\u00e4rchenschloss-Nacht&#8220; (Untertitel: &#8222;<span class=\"\">Florian Silbereisen pr\u00e4sentiert die gro\u00dfe Open-Air-Show&#8220;) best\u00e4tigt wurden.<\/span><\/p>\n<p style=\"text-align: justify;\">Die Sendung, die am 15.07.2022 auf dem Gel\u00e4nde des Wasserschlosses Klaffenbach bei Chemnitz aufzeichnet wird, ist am 20.08.2022 um 20:15 Uhr im MDR FERNSEHEN zu sehen.<\/p>\n<p>Demzufolge erscheint die Deb\u00fct-CD &#8222;Mein Kopf, mein Bauch, mein Herz&#8220; der &#8222;Schlagerstar von morgen&#8220; Gewinnerin jetzt am 19.08.2022.<\/p>\n<h2 class=\"a-size-mini a-spacing-none a-color-base s-line-clamp-2\"><\/h2>\n","protected":false},"excerpt":{"rendered":"<p>Die Ausstrahlung erfolgt am 20.08.2022 um 20:15 Uhr im MDR FERNSEHEN!<\/p>\n","protected":false},"author":2,"featured_media":182656,"comment_status":"open","ping_status":"closed","sticky":false,"template":"","format":"standard","meta":{"_FSMCFIC_featured_image_caption":"","_FSMCFIC_featured_image_nocaption":null,"_FSMCFIC_featured_image_hide":null},"categories":[28,39,128],"tags":[2476],"acf":[],"_links":{"self":[{"href":"https:\/\/smago.de\/ws2\/wp-json\/wp\/v2\/posts\/185618"}],"collection":[{"href":"https:\/\/smago.de\/ws2\/wp-json\/wp\/v2\/posts"}],"about":[{"href":"https:\/\/smago.de\/ws2\/wp-json\/wp\/v2\/types\/post"}],"author":[{"embeddable":true,"href":"https:\/\/smago.de\/ws2\/wp-json\/wp\/v2\/users\/2"}],"replies":[{"embeddable":true,"href":"https:\/\/smago.de\/ws2\/wp-json\/wp\/v2\/comments?post=185618"}],"version-history":[{"count":3,"href":"https:\/\/smago.de\/ws2\/wp-json\/wp\/v2\/posts\/185618\/revisions"}],"predecessor-version":[{"id":185621,"href":"https:\/\/smago.de\/ws2\/wp-json\/wp\/v2\/posts\/185618\/revisions\/185621"}],"wp:featuredmedia":[{"embeddable":true,"href":"https:\/\/smago.de\/ws2\/wp-json\/wp\/v2\/media\/182656"}],"wp:attachment":[{"href":"https:\/\/smago.de\/ws2\/wp-json\/wp\/v2\/media?parent=185618"}],"wp:term":[{"taxonomy":"category","embeddable":true,"href":"https:\/\/smago.de\/ws2\/wp-json\/wp\/v2\/categories?post=185618"},{"taxonomy":"post_tag","embeddable":true,"href":"https:\/\/smago.de\/ws2\/wp-json\/wp\/v2\/tags?post=185618"}],"curies":[{"name":"wp","href":"https:\/\/api.w.org\/{rel}","templated":true}]}}