{"id":185615,"date":"2022-07-05T12:18:21","date_gmt":"2022-07-05T10:18:21","guid":{"rendered":"https:\/\/smago.de\/ws2\/?p=185615"},"modified":"2022-07-05T12:19:07","modified_gmt":"2022-07-05T10:19:07","slug":"tanja-lasch-smago-top-exklusiv-vorab-tv-premiere-ihres-neuen-titels-die-besten-jahre-in-der-sendung-die-schlager-des-sommers","status":"publish","type":"post","link":"https:\/\/smago.de\/ws2\/pop-schlager\/tanja-lasch-smago-top-exklusiv-vorab-tv-premiere-ihres-neuen-titels-die-besten-jahre-in-der-sendung-die-schlager-des-sommers\/","title":{"rendered":"TANJA LASCH <br>smago! top-exklusiv vorab: TV-Premiere ihres neuen Titels &#8222;Die besten Jahre&#8220; in der Sendung &#8222;Die Schlager des Sommers&#8220;!"},"content":{"rendered":"<p>Pr\u00e4sentierte von Florian Silbereisen! Aufzeichnung am 15.07.2022 in Klaffenbach (bei Chemnitz)!<br \/>\n<!--more--><\/p>\n<p>&nbsp;<\/p>\n<p style=\"text-align: justify;\">\n<p style=\"text-align: justify;\">Na endlich !!! &#8222;Der Papst&#8220; (Michael J\u00fcrgens) hat das heimliche Rufen von TANJA LASCHs Managerin Veronika Jarzombek erh\u00f6rt und Tanja Lasch in die &#8211; von Florian Silbereisen pr\u00e4sentierte &#8211; Sendung &#8222;Die Schlager des Sommers&#8220; (Aufzeichnung am 15.07.2022 in Klaffenbach) eingeladen.<\/p>\n<p style=\"text-align: justify;\">Somit findet die Titel-Premiere ihres neuen Songs &#8222;Die besten Jahre&#8220; nun in der Sendung &#8222;Die Schlager des Sommers&#8220; statt.<\/p>\n<p style=\"text-align: justify;\">Und obwohl &#8222;Die Schlager des Sommers&#8220; am 15.07.2022 nur aufgezeichnet werden, erscheint der Song just am 15. Juli.<\/p>\n<p>&nbsp;<\/p>\n<p>&nbsp;<\/p>\n<figure id=\"attachment_164873\" aria-describedby=\"caption-attachment-164873\" style=\"width: 800px\" class=\"wp-caption alignnone\"><img decoding=\"async\" loading=\"lazy\" class=\"size-large wp-image-164873\" src=\"https:\/\/smago.de\/ws2\/wp-content\/uploads\/2021\/05\/Tanja_Lasch_01_2021_Robert-Recker-Photography-800x567.jpg\" alt=\"\" width=\"800\" height=\"567\" srcset=\"https:\/\/smago.de\/ws2\/wp-content\/uploads\/2021\/05\/Tanja_Lasch_01_2021_Robert-Recker-Photography-800x567.jpg 800w, https:\/\/smago.de\/ws2\/wp-content\/uploads\/2021\/05\/Tanja_Lasch_01_2021_Robert-Recker-Photography-522x370.jpg 522w, https:\/\/smago.de\/ws2\/wp-content\/uploads\/2021\/05\/Tanja_Lasch_01_2021_Robert-Recker-Photography-211x150.jpg 211w, https:\/\/smago.de\/ws2\/wp-content\/uploads\/2021\/05\/Tanja_Lasch_01_2021_Robert-Recker-Photography-768x545.jpg 768w, https:\/\/smago.de\/ws2\/wp-content\/uploads\/2021\/05\/Tanja_Lasch_01_2021_Robert-Recker-Photography-1536x1090.jpg 1536w, https:\/\/smago.de\/ws2\/wp-content\/uploads\/2021\/05\/Tanja_Lasch_01_2021_Robert-Recker-Photography-2048x1453.jpg 2048w, https:\/\/smago.de\/ws2\/wp-content\/uploads\/2021\/05\/Tanja_Lasch_01_2021_Robert-Recker-Photography-383x272.jpg 383w, https:\/\/smago.de\/ws2\/wp-content\/uploads\/2021\/05\/Tanja_Lasch_01_2021_Robert-Recker-Photography-130x92.jpg 130w, https:\/\/smago.de\/ws2\/wp-content\/uploads\/2021\/05\/Tanja_Lasch_01_2021_Robert-Recker-Photography-627x445.jpg 627w, https:\/\/smago.de\/ws2\/wp-content\/uploads\/2021\/05\/Tanja_Lasch_01_2021_Robert-Recker-Photography-736x522.jpg 736w, https:\/\/smago.de\/ws2\/wp-content\/uploads\/2021\/05\/Tanja_Lasch_01_2021_Robert-Recker-Photography-268x190.jpg 268w, https:\/\/smago.de\/ws2\/wp-content\/uploads\/2021\/05\/Tanja_Lasch_01_2021_Robert-Recker-Photography-409x290.jpg 409w\" sizes=\"(max-width: 800px) 100vw, 800px\" \/><figcaption id=\"caption-attachment-164873\" class=\"wp-caption-text\"><em>Foto-Credit: Robert Recker Photography<\/em><\/figcaption><\/figure>\n","protected":false},"excerpt":{"rendered":"<p>Pr\u00e4sentierte von Florian Silbereisen! Aufzeichnung am 15.07.2022 in Klaffenbach (bei Chemnitz)!<\/p>\n","protected":false},"author":2,"featured_media":164873,"comment_status":"open","ping_status":"closed","sticky":false,"template":"","format":"standard","meta":{"_FSMCFIC_featured_image_caption":"","_FSMCFIC_featured_image_nocaption":null,"_FSMCFIC_featured_image_hide":null},"categories":[28,39,128],"tags":[570],"acf":[],"_links":{"self":[{"href":"https:\/\/smago.de\/ws2\/wp-json\/wp\/v2\/posts\/185615"}],"collection":[{"href":"https:\/\/smago.de\/ws2\/wp-json\/wp\/v2\/posts"}],"about":[{"href":"https:\/\/smago.de\/ws2\/wp-json\/wp\/v2\/types\/post"}],"author":[{"embeddable":true,"href":"https:\/\/smago.de\/ws2\/wp-json\/wp\/v2\/users\/2"}],"replies":[{"embeddable":true,"href":"https:\/\/smago.de\/ws2\/wp-json\/wp\/v2\/comments?post=185615"}],"version-history":[{"count":2,"href":"https:\/\/smago.de\/ws2\/wp-json\/wp\/v2\/posts\/185615\/revisions"}],"predecessor-version":[{"id":185617,"href":"https:\/\/smago.de\/ws2\/wp-json\/wp\/v2\/posts\/185615\/revisions\/185617"}],"wp:featuredmedia":[{"embeddable":true,"href":"https:\/\/smago.de\/ws2\/wp-json\/wp\/v2\/media\/164873"}],"wp:attachment":[{"href":"https:\/\/smago.de\/ws2\/wp-json\/wp\/v2\/media?parent=185615"}],"wp:term":[{"taxonomy":"category","embeddable":true,"href":"https:\/\/smago.de\/ws2\/wp-json\/wp\/v2\/categories?post=185615"},{"taxonomy":"post_tag","embeddable":true,"href":"https:\/\/smago.de\/ws2\/wp-json\/wp\/v2\/tags?post=185615"}],"curies":[{"name":"wp","href":"https:\/\/api.w.org\/{rel}","templated":true}]}}