{"id":185354,"date":"2022-06-30T23:59:25","date_gmt":"2022-06-30T21:59:25","guid":{"rendered":"https:\/\/smago.de\/ws2\/?p=185354"},"modified":"2022-06-30T15:16:23","modified_gmt":"2022-06-30T13:16:23","slug":"185354","status":"publish","type":"post","link":"https:\/\/smago.de\/ws2\/pop-schlager\/185354\/","title":{"rendered":""},"content":{"rendered":"<p style=\"text-align: justify;\">NDR fernsehen + hr fernsehen, 22:00 Uhr &#8211; 00:00 Uhr! Moderation: Barbara Sch\u00f6neberger und Hubertus Meyer-Burckhardt!<br \/>\n<!--more--><\/p>\n<p>&nbsp;<\/p>\n<p>Barbara Sch\u00f6neberger und Hubertus Meyer-Burckhardt begr\u00fc\u00dfen in der &#8222;NDR Talk Show&#8220; aus Hamburg folgende G\u00e4ste:<\/p>\n<p>&nbsp;<\/p>\n<p>&nbsp;<\/p>\n<p>&nbsp;<\/p>\n<ul>\n<li>Ina M\u00fcller, S\u00e4ngerin und Moderatorin<\/li>\n<li>Elyas M \u0301Barek, Schauspieler<\/li>\n<li>Ranga Yogeshwar, Wissenschaftsjournalist<\/li>\n<li>Motsi Mabuse, T\u00e4nzerin und Jurorin<\/li>\n<li>Marianus von H\u00f6rsten, Koch und Gastronom<\/li>\n<li>Lone Henningsen, angehende Bestatterin<\/li>\n<li>Julia Bauer, ehrenamtliche Mitarbeiterin der Hamburger Tafel<\/li>\n<\/ul>\n<p>&nbsp;<\/p>\n<p>&nbsp;<\/p>\n<p style=\"text-align: justify;\">\n<p style=\"text-align: justify;\">\n<p style=\"text-align: justify;\"><strong>Ina M\u00fcller, S\u00e4ngerin und Moderatorin<\/strong><\/p>\n<p style=\"text-align: justify;\">\n<p style=\"text-align: justify;\">Seit 15 Jahren moderiert sie ihre einzigartige ARD-NDR- Sendung &#8222;Inas Nacht&#8220;, f\u00fcr die sie nicht nur mit Preisen, u.a. mit dem Deutschen Fernsehpreis, dem Deutschen Comedypreis und dem Grimme-Preis, \u00fcbersch\u00fcttet wurde, sondern auch von Millionen Menschen geliebt wird: die Moderatorin und S\u00e4ngerin Ina M\u00fcller. Sie kommt aus einem Dorf im hohen Norden, Muttersprache: Plattdeutsch. Bis heute spricht sie mit ihrer Familie ausschlie\u00dflich Platt, tr\u00e4umt auf Plattdeutsch und ab und an singt die 56-J\u00e4hrige auch auf Platt. Ab Oktober 2022 ist Ina M\u00fcller mit ihrer Band wieder auf Tour. Passend zum Titel ihres Albums &#8222;55&#8220; tritt die Ausnahme-Entertainerin in 55 St\u00e4dten auf. In der &#8222;NDR Talk Show&#8220; gibt Ina M\u00fcller auf der B\u00fchne eine Kostprobe ihres musikalischen K\u00f6nnens und verr\u00e4t, welche Begegnungen bei &#8222;Inas Nacht&#8220; ihr besonders in Erinnerung geblieben sind.<\/p>\n<p style=\"text-align: justify;\">\n<p style=\"text-align: justify;\">\n<p style=\"text-align: justify;\">\n<p style=\"text-align: justify;\">\n<p style=\"text-align: justify;\"><strong>Elyas M \u0301Barek, Schauspieler<\/strong><\/p>\n<p style=\"text-align: justify;\">\n<p style=\"text-align: justify;\">2006 ist ihm mit der ARD-Serie &#8222;T\u00fcrkisch f\u00fcr Anf\u00e4nger&#8220; der Durchbruch als Schauspieler gelungen. Seine Rolle als ehemaliger Kleinkrimineller und M\u00f6chtergern-Lehrer Zeki M\u00fcller in &#8222;Fack ju G\u00f6hte&#8220; machte ihn 2013 endg\u00fcltig zum Superstar: Elyas M \u0301Barek. Im Juli startet die K\u00f6modie &#8222;Liebesdings&#8220; im Kino mit ihm in der Hauptrolle. Erfolgsautorin und Regisseurin Anika Decker erz\u00e4hlt die turbulente Liebesgeschichte um einen gefeierten Schauspielstar auf der Flucht vor den Medien und der eigenen Vergangenheit, die sein Leben v\u00f6llig auf den Kopf stellt. Wie es in seinem Leben als Prominenter so zugeht und wie er seinen 40. Geburtstag Ende Mai erlebt hat, das erz\u00e4hlt Elyas M \u0301Barek in der &#8222;NDR Talk Show&#8220;.<\/p>\n<p style=\"text-align: justify;\">\n<p style=\"text-align: justify;\">\n<p style=\"text-align: justify;\">\n<p style=\"text-align: justify;\">\n<p style=\"text-align: justify;\">\n<p style=\"text-align: justify;\"><strong>Ranga Yogeshwar, Wissenschaftsjournalist<\/strong><\/p>\n<p style=\"text-align: justify;\">\n<p style=\"text-align: justify;\">Seit vielen Jahren erkl\u00e4rt der Diplomphysiker und Wissenschaftsjournalist Ranga Yogeshwar kompetent wie unterhaltsam die Welt. Eines seiner gr\u00f6\u00dften Anliegen: bei jungen Leuten die Lust an der Wissenschaft zu wecken. Deshalb engagiert er sich auch in diesem Jahr wieder f\u00fcr die IdeenExpo. Unter dem Motto &#8222;Mach doch einfach&#8220; findet vom 2. bis zum 10. Juli 2022 Europas gr\u00f6\u00dftes Jugendevent f\u00fcr Technik und Naturwissenschaften auf dem Messegel\u00e4nde in Hannover statt. Dort treffen sich junge Wissenschaftler, Berufseinsteiger*innen und Sch\u00fcler*innen zum Austausch. Und auch f\u00fcr Unterhaltung und Party ist gesorgt. Wie Ranga Yogeshwar das Event unterst\u00fctzt, erz\u00e4hlt er in der &#8222;NDR Talk Show&#8220;.<\/p>\n<p style=\"text-align: justify;\">\n<p style=\"text-align: justify;\">\n<p style=\"text-align: justify;\">\n<p style=\"text-align: justify;\">\n<p style=\"text-align: justify;\">\n<p style=\"text-align: justify;\"><strong>Motsi Mabuse, T\u00e4nzerin und Jurorin<\/strong><\/p>\n<p style=\"text-align: justify;\">\n<p style=\"text-align: justify;\">Sie lebt f\u00fcrs Tanzen, fiebert, leidet und lacht seit 2011 als Jurorin mit, wenn sich die Kandidat*innen in der RTL-Tanzshow &#8222;Let&#8217;s Dance&#8220; von einer Folge zur n\u00e4chsten tanzen. Motsi Mabuse wurde in S\u00fcdafrika geboren und holte nach ihrem Umzug nach Deutschland mehrfach den Weltmeistertitel der lateinamerikanischen T\u00e4nze. Sie studierte Jura, entschied sich aber dann doch f\u00fcr eine Karriere als Profit\u00e4nzerin, die sie 2014 beendete. Mit ihrem ehemaligen Tanzpartner und heutigen Ehemann Evgenij Voznyuk hat sie eine gemeinsame Tochter und betreibt mit ihm eine Tanzschule. Wof\u00fcr in ihrem Leben zwischen Jury-Sesseln und Tanzparkett sonst noch Platz ist, erz\u00e4hlt Motsi Mabuse in der &#8222;NDR Talk Show&#8220;.<\/p>\n<p style=\"text-align: justify;\">\n<p style=\"text-align: justify;\">\n<p style=\"text-align: justify;\">\n<p style=\"text-align: justify;\">\n<p style=\"text-align: justify;\">\n<p style=\"text-align: justify;\"><strong>Marianus von H\u00f6rsten, Koch und Gastronom<\/strong><\/p>\n<p style=\"text-align: justify;\">\n<p style=\"text-align: justify;\">Er ist auf dem Demeterhof seiner Eltern in der Nordheide bei Buchholz aufgewachsen. So erlebte Marianus von H\u00f6rsten von klein auf die nachhaltige Bewirtschaftung eines Hofes und bekam vermittelt, Lebensmittel wertzusch\u00e4tzen. Bis heute pr\u00e4gt dies sein Leben. Aber immer schon hatte der inzwischen 30-J\u00e4hrige seinen eigenen Kopf. Das Abitur brach er ab und unternahm stattdessen lieber einen Trip nach Afrika. Auch zum Kochen ist er eher zuf\u00e4llig gekommen. Doch schon bald sammelte er Preise und Auszeichnungen. Im Herbst 2019 erf\u00fcllte er sich dann einen Traum und er\u00f6ffnet mit Kolleg*innen das Restaurant Klinker in Hamburg. Warum er f\u00fcr regionale und saisonale Lebensmittel wirbt und wie ihn seine Jugend gepr\u00e4gt hat, erz\u00e4hlt der Gastronom in der &#8222;NDR Talk Show&#8220;.<\/p>\n<p style=\"text-align: justify;\">\n<p style=\"text-align: justify;\">\n<p style=\"text-align: justify;\">\n<p style=\"text-align: justify;\">\n<p style=\"text-align: justify;\">\n<p style=\"text-align: justify;\"><strong>Lone Henningsen, angehende Bestatterin<\/strong><\/p>\n<p style=\"text-align: justify;\">\n<p style=\"text-align: justify;\">Sie ist 19 Jahre alt und tritt im Sommer ihre Ausbildung als Bestatterin an: Lone Henningsen aus Schleswig hat eine ungew\u00f6hnliche Berufswahl getroffen. W\u00e4hrend die meisten jungen Menschen das Thema Tod meiden, ist es ihr ein Anliegen, den Verstorbenen und ihren Angeh\u00f6rigen einen sch\u00f6nen Abschied zu bereiten. Themen wie Grabkunde und Bestattungskultur werden in der Berufsschule auf dem Lehrplan stehen, f\u00fcr Lone ein hoch spannendes Feld. Warum manche Urnen den Umweg \u00fcber die Schweiz nehmen, bevor sie bei den Angeh\u00f6rigen ankommen, und ob man seine Asche tats\u00e4chlich zum Mond schie\u00dfen lassen kann, das verr\u00e4t die sympathische Norddeutsche in der &#8222;NDR Talk Show&#8220;.<\/p>\n<p style=\"text-align: justify;\">\n<p style=\"text-align: justify;\">\n<p style=\"text-align: justify;\">\n<p style=\"text-align: justify;\">\n<p style=\"text-align: justify;\">\n<p style=\"text-align: justify;\"><strong>Julia Bauer, ehrenamtliche Mitarbeiterin der Hamburger Tafel<\/strong><\/p>\n<p style=\"text-align: justify;\">\n<p style=\"text-align: justify;\">Seit 16 Jahren engagiert sich Julia Bauer aus Hamburg, Mutter von zwei Kindern, f\u00fcr die Hamburger Tafel, u. a. als Pressesprecherin und seit zwei Jahren auch im Vorstand. So schlimm wie gerade, sei die Situation noch nie gewesen: Wegen fehlender Spenden haben 22 der insgesamt 29 Ausgabestellen in Hamburg einen Aufnahmestopp verh\u00e4ngen m\u00fcssen. Lebensmittel k\u00f6nnen dort nur noch an diejenigen ausgegeben werden, die bereits bei der Tafel registriert sind. &#8222;Dieses Ausma\u00df hat es in 28 Jahren noch nie gegeben&#8220;, sagte Julia Bauer. Seit mehreren Wochen gebe es gleichzeitig einen immer st\u00e4rker werdenden Zulauf an Bed\u00fcrftigen. Zum einen m\u00fcssten viele Gefl\u00fcchtete aus der Ukraine versorgt werden. Aber auch viele Menschen, die im Niedriglohnsegment arbeiteten, w\u00fcssten nicht mehr, wie sie die immer teurer werdenden Lebensmittel bezahlen sollen.<\/p>\n<p style=\"text-align: justify;\">\n<p style=\"text-align: justify;\">\n<p style=\"text-align: justify;\">\n<p style=\"text-align: justify;\">\n<p style=\"text-align: justify;\"><strong>Mal am\u00fcsant, mal streithaft, mal nachdenklich. Immer lebendig und im besten Sinne des Wortes interessant. Eine Institution unter Deutschlands Talkshows, ein Klassiker eben. Seit 30 Jahren das Unterhaltungs-Flaggschiff des NDR Fernsehens.<\/strong><\/p>\n<p>&nbsp;<\/p>\n<p>&nbsp;<\/p>\n<figure id=\"attachment_185355\" aria-describedby=\"caption-attachment-185355\" style=\"width: 800px\" class=\"wp-caption alignnone\"><img decoding=\"async\" loading=\"lazy\" class=\"size-large wp-image-185355\" src=\"https:\/\/smago.de\/ws2\/wp-content\/uploads\/2022\/06\/1_NDR_Talk_Show_PW3022-800x457.jpg\" alt=\"\" width=\"800\" height=\"457\" srcset=\"https:\/\/smago.de\/ws2\/wp-content\/uploads\/2022\/06\/1_NDR_Talk_Show_PW3022-800x457.jpg 800w, https:\/\/smago.de\/ws2\/wp-content\/uploads\/2022\/06\/1_NDR_Talk_Show_PW3022-522x298.jpg 522w, https:\/\/smago.de\/ws2\/wp-content\/uploads\/2022\/06\/1_NDR_Talk_Show_PW3022-263x150.jpg 263w, https:\/\/smago.de\/ws2\/wp-content\/uploads\/2022\/06\/1_NDR_Talk_Show_PW3022-768x439.jpg 768w, https:\/\/smago.de\/ws2\/wp-content\/uploads\/2022\/06\/1_NDR_Talk_Show_PW3022-1536x878.jpg 1536w, https:\/\/smago.de\/ws2\/wp-content\/uploads\/2022\/06\/1_NDR_Talk_Show_PW3022-2048x1170.jpg 2048w, https:\/\/smago.de\/ws2\/wp-content\/uploads\/2022\/06\/1_NDR_Talk_Show_PW3022-392x224.jpg 392w, https:\/\/smago.de\/ws2\/wp-content\/uploads\/2022\/06\/1_NDR_Talk_Show_PW3022-130x74.jpg 130w, https:\/\/smago.de\/ws2\/wp-content\/uploads\/2022\/06\/1_NDR_Talk_Show_PW3022-779x445.jpg 779w, https:\/\/smago.de\/ws2\/wp-content\/uploads\/2022\/06\/1_NDR_Talk_Show_PW3022-870x497.jpg 870w, https:\/\/smago.de\/ws2\/wp-content\/uploads\/2022\/06\/1_NDR_Talk_Show_PW3022-292x167.jpg 292w, https:\/\/smago.de\/ws2\/wp-content\/uploads\/2022\/06\/1_NDR_Talk_Show_PW3022-435x249.jpg 435w, https:\/\/smago.de\/ws2\/wp-content\/uploads\/2022\/06\/1_NDR_Talk_Show_PW3022-510x290.jpg 510w\" sizes=\"(max-width: 800px) 100vw, 800px\" \/><figcaption id=\"caption-attachment-185355\" class=\"wp-caption-text\"><em>\u00a9 NDR \/ Uwe Ernst<\/em><\/figcaption><\/figure>\n","protected":false},"excerpt":{"rendered":"<p>NDR fernsehen + hr fernsehen, 22:00 Uhr &#8211; 00:00 Uhr! Moderation: Barbara Sch\u00f6neberger und Hubertus Meyer-Burckhardt!<\/p>\n","protected":false},"author":2,"featured_media":185355,"comment_status":"open","ping_status":"closed","sticky":false,"template":"","format":"standard","meta":{"_FSMCFIC_featured_image_caption":"","_FSMCFIC_featured_image_nocaption":null,"_FSMCFIC_featured_image_hide":null},"categories":[28,128],"tags":[254],"acf":[],"_links":{"self":[{"href":"https:\/\/smago.de\/ws2\/wp-json\/wp\/v2\/posts\/185354"}],"collection":[{"href":"https:\/\/smago.de\/ws2\/wp-json\/wp\/v2\/posts"}],"about":[{"href":"https:\/\/smago.de\/ws2\/wp-json\/wp\/v2\/types\/post"}],"author":[{"embeddable":true,"href":"https:\/\/smago.de\/ws2\/wp-json\/wp\/v2\/users\/2"}],"replies":[{"embeddable":true,"href":"https:\/\/smago.de\/ws2\/wp-json\/wp\/v2\/comments?post=185354"}],"version-history":[{"count":1,"href":"https:\/\/smago.de\/ws2\/wp-json\/wp\/v2\/posts\/185354\/revisions"}],"predecessor-version":[{"id":185356,"href":"https:\/\/smago.de\/ws2\/wp-json\/wp\/v2\/posts\/185354\/revisions\/185356"}],"wp:featuredmedia":[{"embeddable":true,"href":"https:\/\/smago.de\/ws2\/wp-json\/wp\/v2\/media\/185355"}],"wp:attachment":[{"href":"https:\/\/smago.de\/ws2\/wp-json\/wp\/v2\/media?parent=185354"}],"wp:term":[{"taxonomy":"category","embeddable":true,"href":"https:\/\/smago.de\/ws2\/wp-json\/wp\/v2\/categories?post=185354"},{"taxonomy":"post_tag","embeddable":true,"href":"https:\/\/smago.de\/ws2\/wp-json\/wp\/v2\/tags?post=185354"}],"curies":[{"name":"wp","href":"https:\/\/api.w.org\/{rel}","templated":true}]}}