{"id":184946,"date":"2022-06-21T00:00:43","date_gmt":"2022-06-20T22:00:43","guid":{"rendered":"https:\/\/smago.de\/ws2\/?p=184946"},"modified":"2022-06-24T00:09:04","modified_gmt":"2022-06-23T22:09:04","slug":"marie-reim-der-titel-das-mach-ich-ohne-dich-voe-24-06-2022-kuendigt-ihr-zweites-album-bist-du-dafuer-bereitvoe-05-08-2022-an","status":"publish","type":"post","link":"https:\/\/smago.de\/ws2\/pop-schlager\/marie-reim-der-titel-das-mach-ich-ohne-dich-voe-24-06-2022-kuendigt-ihr-zweites-album-bist-du-dafuer-bereitvoe-05-08-2022-an\/","title":{"rendered":"MARIE REIM <br>Der Titel &#8222;Das mach ich ohne dich&#8220; (V\u00d6: 24.06.2022) k\u00fcndigt ihr zweites Album &#8222;Bist du daf\u00fcr bereit?&#8220; (V\u00d6: 05.08.2022) an!"},"content":{"rendered":"<p>Das Album ist ab dem 24.06.2022 vorbestellbar!<br \/>\n<!--more--><\/p>\n<p>&nbsp;<\/p>\n<p style=\"text-align: justify;\">Zwei Jahre ist es nun her, seitdem <strong>MARIE REIM\u00a0<\/strong>ihre k\u00fcnstlerische Reise mit ihrem gefeierten Deb\u00fctalbum\u00a0\u201e14 Phasen\u201c begonnen und sich in Rekordzeit zu einer der beliebtesten und aufregendsten S\u00e4ngerinnen innerhalb der deutschen Musiklandschaft entwickelt hat. Nach Millionen von Streams geht die 22-J\u00e4hrige nun den n\u00e4chsten wichtigen Schritt auf ihrem steilen Weg nach oben: Mit \u201e<strong>Das<\/strong> <strong>mach<\/strong> <strong>ich ohne dich<\/strong>\u201c legt <strong>Marie Reim <\/strong>einen weiteren Vorboten ihres von den Fans lang ersehnten zweiten Albums \u201e<strong>Bist<\/strong> <strong>du daf\u00fcr<\/strong> <strong>bereit?<\/strong>\u201c vor, das am 05.08.2022 erscheint!<\/p>\n<p style=\"text-align: justify;\">Mit Songs wie \u201eWeil das M\u00e4dels so machen\u201c, \u201eIch bin so verliebt\u201c und \u201eAuf dem Weg ins Paradies\u201c hat sich <strong>Marie Reim <\/strong>in den vergangenen zwei Jahren ein stetig wachsendes Millionenpublikum erspielt, das die Ausnahmes\u00e4ngerin und Songschreiberin mit ihrem au\u00dfergew\u00f6hnlichen Mix aus tanzbar-modernen Schlager-Sounds und ihrer einzigartigen Stimme begeistert \u2013verbunden mit ihrer offenen Art, mit der Marie in aufrichtigen Worten \u00fcber ihre vielseitige Erlebnis- und Gef\u00fchlswelt berichtet.<\/p>\n<p style=\"text-align: justify;\">Geschichten aus ihrem Leben, mit denen sich auch ihre Fans identifizieren k\u00f6nnen. Ein wichtiges Thema, das sich in verschiedenen Facetten immer wieder durch ihre Songs zieht: Die Liebe, \u00fcber die <strong>Marie Reim<\/strong> mal romantisch, mal selbstbewusst oder auf eine bitters\u00fc\u00dfe Weise erz\u00e4hlt. Mit bereits \u00fcber 18 Millionen Audiostreams und mehr als ca. 10 Millionen Video-Views schl\u00e4gt <strong>Marie Reim <\/strong>nun das n\u00e4chste Kapitel ihrer Karriere auf!<\/p>\n<p style=\"text-align: justify;\">Auf ihrem zweiten Album pr\u00e4sentiert sich die Musikerin in Form von 14 eindrucksvollen Songs, verbunden mit jeder Menge kraftvoller Rock-Vibes und einer modernen Haltung in Bezug auf Partnerschaft und Beziehungen. \u201e<strong>Bist<\/strong> <strong>du daf\u00fcr bereit?<\/strong>\u201c zeigt\u00a0<strong>Marie Reims <\/strong>Entwicklung zur selbstbewussten Frau, die genau wei\u00df, was sie will und die absolut keine Angst vor unmissverst\u00e4ndlichen Ansagen hat \u2013 wie sie auch auf der Vorab-Single \u201e<strong>Das<\/strong> <strong>mach<\/strong> <strong>ich ohne dich<\/strong>\u201c demonstriert.<\/p>\n<p style=\"text-align: justify;\">\u201e<strong>Das<\/strong> <strong>mach <\/strong><strong>ich ohne dich<\/strong>\u201c ist eine deutliche Ansage einer starken Frau, die die Spielchen ihres Partners ein f\u00fcr alle Mal satt hat und die Dinge nun selbst in die Hand nimmt &#8211; kein qu\u00e4lendes Warten mehr, kein Herzschmerz und keine l\u00e4ngere Ungewissheit, wohin das alles noch f\u00fchren soll. Stattdessen ein klares Statement in Sachen toxischer Beziehungen, wenn Marie dem Ex l\u00e4chelnd die schon gepackten Koffer vor die T\u00fcr stellt, um ohne Ballast in ein neues Leben zu starten.<\/p>\n<p style=\"text-align: justify;\"><strong>Marie Reim <\/strong>\u00fcber ihr zweites Album: <em>\u201eMit diesem Album kann man in Teile meines Herzens schauen! Es gibt diesmal keinen Songaus fremder Hand; alle Songs habe ich gemeinsam mit meinem Team geschrieben. Dieses Album erz\u00e4hlt meine ganz pers\u00f6nlicheGeschichte. Es hat eine gro\u00dfe Entwicklung stattgefunden und etwas Zeit gebraucht, bis ich die u.a. ernsten und verletzlichenThemen in die richtigen Worte fassen konnte. Auf meinem zweiten Album gibt es weniger Geschichten mit Augenzwinkern,sondern mehr wahrhaftige Erlebnisse \u2013 ob in Balladen oder stimmungsreichen Dance Songs. Das m\u00fcssen die Menschen h\u00f6ren!\u201c.<\/em><\/p>\n<p style=\"text-align: justify;\">Die neue Single \u201e<strong>Das<\/strong><strong> mach ich ohne dich<\/strong>\u201c ist ab dem 24.06.2022 \u00fcberall als Stream\/Download erh\u00e4ltlich. Zeitgleich erscheint das Musikvideo zur Single. <strong>Marie Reims <\/strong>zweites Album \u201e<strong>Bist<\/strong><strong> du daf\u00fcr bereit?<\/strong>\u201c ist ab dem 24.06.2022 auf allen g\u00e4ngigen Portalen vorbestellbar und erscheint am 05.08.2022 im Handel.<\/p>\n","protected":false},"excerpt":{"rendered":"<p>Das Album ist ab dem 24.06.2022 vorbestellbar!<\/p>\n","protected":false},"author":2,"featured_media":185111,"comment_status":"open","ping_status":"closed","sticky":false,"template":"","format":"standard","meta":{"_FSMCFIC_featured_image_caption":"","_FSMCFIC_featured_image_nocaption":null,"_FSMCFIC_featured_image_hide":null},"categories":[28,39],"tags":[1369],"acf":[],"_links":{"self":[{"href":"https:\/\/smago.de\/ws2\/wp-json\/wp\/v2\/posts\/184946"}],"collection":[{"href":"https:\/\/smago.de\/ws2\/wp-json\/wp\/v2\/posts"}],"about":[{"href":"https:\/\/smago.de\/ws2\/wp-json\/wp\/v2\/types\/post"}],"author":[{"embeddable":true,"href":"https:\/\/smago.de\/ws2\/wp-json\/wp\/v2\/users\/2"}],"replies":[{"embeddable":true,"href":"https:\/\/smago.de\/ws2\/wp-json\/wp\/v2\/comments?post=184946"}],"version-history":[{"count":2,"href":"https:\/\/smago.de\/ws2\/wp-json\/wp\/v2\/posts\/184946\/revisions"}],"predecessor-version":[{"id":185113,"href":"https:\/\/smago.de\/ws2\/wp-json\/wp\/v2\/posts\/184946\/revisions\/185113"}],"wp:featuredmedia":[{"embeddable":true,"href":"https:\/\/smago.de\/ws2\/wp-json\/wp\/v2\/media\/185111"}],"wp:attachment":[{"href":"https:\/\/smago.de\/ws2\/wp-json\/wp\/v2\/media?parent=184946"}],"wp:term":[{"taxonomy":"category","embeddable":true,"href":"https:\/\/smago.de\/ws2\/wp-json\/wp\/v2\/categories?post=184946"},{"taxonomy":"post_tag","embeddable":true,"href":"https:\/\/smago.de\/ws2\/wp-json\/wp\/v2\/tags?post=184946"}],"curies":[{"name":"wp","href":"https:\/\/api.w.org\/{rel}","templated":true}]}}