{"id":184730,"date":"2022-06-16T00:00:08","date_gmt":"2022-06-15T22:00:08","guid":{"rendered":"https:\/\/smago.de\/ws2\/?p=184730"},"modified":"2022-06-15T23:32:25","modified_gmt":"2022-06-15T21:32:25","slug":"smago-informiert-musikbranche-vor-herausforderungen","status":"publish","type":"post","link":"https:\/\/smago.de\/ws2\/smago-informiert\/smago-informiert-musikbranche-vor-herausforderungen\/","title":{"rendered":"smago! INFORMIERT <br>Musikbranche vor Herausforderungen?:"},"content":{"rendered":"<p>Deutsche h\u00f6ren weniger Musik als vor Corona!<br \/>\n<!--more--><\/p>\n<p>&nbsp;<\/p>\n<p style=\"text-align: justify;\">\n<p style=\"text-align: justify;\">Wie hat die COVID-19 Pandemie den Musikkonsum der Deutschen beeinflusst? Die aktuelle Studie von Janis Denk (Universit\u00e4t Hamburg, UHH), Prof. Alexa Burmester (KLU), Dr. Michael Kandziora (UHH) und Prof. Dr. Michel Clement (UHH) untersucht die Auswirkungen der Pandemie auf den Musikkonsum und die Ausgaben f\u00fcr Musik in Deutschland. \u00dcberraschende Erkenntnis: Nicht nur der Konsum von Live-Musik ist in der Pandemie praktisch auf null zur\u00fcckgegangem, auch in den heimischen vier W\u00e4nden h\u00f6rten die Deutschen 2020\/21 rund drei Stunden weniger Musik als vor Beginn der Pandemie. Vor allem Radio verlor Zuh\u00f6rer, profitiert hat dagegen das sog. \u201ePremium-Streaming\u201c. Die w\u00f6chentlichen Ausgaben f\u00fcr Musik gingen drastisch um fast die H\u00e4lfte zur\u00fcck. Gleichzeitig zeigen sich die Konsument*innen bereit, auch f\u00fcr Live-Musik im Online-Format Geld auszugeben.<\/p>\n<p style=\"text-align: justify;\">Corona hat den Alltag der Deutschen stark ver\u00e4ndert. In Bezug auf Musik fielen zum Beispiel Live-Events \u00fcber Monate hinweg aus, viele arbeiteten im Home Office und h\u00f6rten kaum noch Radio oder Musik auf dem Weg zur Arbeit. \u201e\u00dcberraschenderweise scheinen die meisten Deutschen den verpassten Konsum aber nicht zuhause nachzuholen\u201c, erkl\u00e4rt Alexa Burmester, Assistant Professorin f\u00fcr Angewandte Quantitative Methoden an der K\u00fchne Logistics University. \u201eGanz im Gegenteil: im Winter 2020\/21 h\u00f6rten die Befragten im Schnitt nur noch 19 Stunden Musik pro Woche \u2013 ganze drei Stunden weniger als zu Beginn der Pandemie.\u201c M\u00f6gliche Gr\u00fcnde: Musikh\u00f6ren ist offenbar f\u00fcr viele stark mit Mobilit\u00e4t verkn\u00fcpft \u2013 zum Beispiel mit dem Weg zur Arbeit, zum Beispiel das Radioh\u00f6ren im Auto. Dazu kommt die starke Unterhaltungs-Konkurrenz durch Social-Media-Angebote oder zum Beispiel Video-Streaming in den heimischen vier W\u00e4nden. Allein der Konsum von Radio ging etwa von rund 10,5 auf acht Stunden pro Woche zur\u00fcck.<\/p>\n<p style=\"text-align: justify;\">\n<p style=\"text-align: justify;\">\n<p style=\"text-align: justify;\">\n<p style=\"text-align: justify;\">\n<p style=\"text-align: justify;\"><strong>Streaming profitiert \u2013 neue Formate denkbar<\/strong><\/p>\n<p style=\"text-align: justify;\">\n<p style=\"text-align: justify;\">\n<p style=\"text-align: justify;\">Einzig erkennbarer Profiteur: Anbieter von Premium-Streaming. Hier steigerte sich der w\u00f6chentliche Konsum auf etwas \u00fcber zwei Stunden. \u201eDer Trend zur Digitalisierung der Musikbranche ging auch w\u00e4hrend der Pandemie ungebrochen weiter\u201c, sagt Prof. Burmester. \u201eDie Einnahmen durch Abos erwiesen sich als stabile Einnahmequelle. In Zukunft k\u00f6nnte es dazu kommen, dass die Anbieter \u2013 \u00e4hnlich wie im Bereich Videostreaming \u2013 die Abopreise erh\u00f6hen, um ihre Einnahmen zu steigern.\u201c<\/p>\n<p>Auch f\u00fcr den Bereich Live-Musik, der die st\u00e4rksten Einbu\u00dfen zu verzeichnen hatte, k\u00f6nnten sich durch die Digitalisierung neue Einnahmequellen erschlie\u00dfen. Rund ein Drittel der Befragten hat bereits Live-Musik-Auftritte online verfolgt und w\u00e4re bereit, daf\u00fcr auch zu zahlen \u2013 laut Befragung im Schnitt sieben Euro. \u201eAuch wenn die Einnahmen bisher nicht ausreichend sind um die Verluste zu kompensieren, k\u00f6nnte die Branche hier zum Beispiel durch Hybrid-Formate neue Zielgruppen und Einnahmen erschlie\u00dfen\u201c, sagt Prof. Burmester.<\/p>\n<p style=\"text-align: justify;\">\n<p style=\"text-align: justify;\">\n<p style=\"text-align: justify;\">\n<p style=\"text-align: justify;\">\n<p style=\"text-align: justify;\"><strong>Weitere Informationen<\/strong><\/p>\n<p style=\"text-align: justify;\">\n<p style=\"text-align: justify;\">F\u00fcr die Studie wurden rund 3.300 Teilnehmerinnen und Teilnehmer zwischen 2018\/19 bis 2020\/21 im Halbjahres-Rhythmus online befragt. Die Ergebnisse sind repr\u00e4sentativ f\u00fcr die deutsche Gesamtbev\u00f6lkerung. Um zu erfassen, welchen Effekt die Auswirkungen der Pandemie auf den Musikkonsum der Befragten haben, wurden die Antworten aller Teilnehmer*innen (rd. 600) herangezogen, die an allen Befragungsrunden teilgenommen hatten.<\/p>\n<p style=\"text-align: justify;\">\n<p style=\"text-align: justify;\">\n<p style=\"text-align: justify;\">\n<p style=\"text-align: justify;\"><strong>Publikation: <\/strong>Denk J., Burmester A., Kandziora M., Clement M. (2022): The impact of COVID-19 on music consumption and music spending. PLOS ONE 17(5): e0267640. <a href=\"https:\/\/u7061146.ct.sendgrid.net\/ls\/click?upn=4tNED-2FM8iDZJQyQ53jATUXsQQ31naIpVVJCa5ZKa3A1PkTyFzNeBle-2Fskj4lWtOJFuZAhbZsNFbZgfIrq-2Fod4g-3D-3DH81K_i53358C9jNMcOHoFCS-2BShhc1rh0tf8G7UDURM370QiNPBZ-2FMPAGV-2BlnKiV03Rc3bP3dAG-2Fn6M1Y9yZfQjO1-2FPrYgNvrKZnBRZ4CHDp4wjGKuch-2FhyznaVBwDg14Hmax4ytLXQ084m8xtPM8Lofncfzg1qOAdPq-2FIr18MCMaqkeZMSZqwqATZZSw-2FHr3GuHMtDu-2B50W-2BeOcb-2Bl4wh9yqFRMhDggIQlv-2F5jGfvCUcb0xGZwsIe3gCxL1H0gGmj40k5-2BDu1QjSACkog-2B0yW7o0MJsFbp3PRr6KwzNwzLVvD9-2BVZ2JzPKhNSUpp7AdYBXwsP0dEzklCfT1yYaShnMJcZYwAWnKomuPcBYdSlKaxNnII-3D\">https:\/\/doi.org\/10.1371\/journal.pone.0267640<\/a><\/p>\n<p style=\"text-align: justify;\">\n<p style=\"text-align: justify;\">\n<p style=\"text-align: justify;\">\n<p style=\"text-align: justify;\">\n<strong>\u00dcber die KLU<\/p>\n<p><\/strong><em><br \/>\n<\/em>Die staatlich anerkannte K\u00fchne Logistics University \u2013 Wissenschaftliche Hochschule f\u00fcr Logistik und Unternehmensf\u00fchrung (KLU) ist eine private Hochschule mit Sitz in der Hamburger HafenCity. Die Forschung konzentriert sich auf die Schwerpunkte Sustainability, Digital Transformation und Creating Value in den Bereichen Transport, globale Logistik und Supply Chain Management.<\/p>\n<p style=\"text-align: justify;\">Die KLU hat das Promotionsrecht und kann damit als eine von wenigen privaten Hochschulen in Deutschland eigenst\u00e4ndig Doktortitel vergeben.<\/p>\n<p style=\"text-align: justify;\">Mit einem Bachelor- und drei Masterstudieng\u00e4ngen, einem strukturierten Doktorandenprogramm und einem berufsbegleitenden MBA bietet die KLU ihren 400 Studierenden eine hohe Spezialisierung und exzellente Studienbedingungen. Ein internationales Team von 28 Professorinnen und Professoren unterrichtet auf Englisch.<\/p>\n<p>&nbsp;<\/p>\n<p>&nbsp;<\/p>\n<p>&nbsp;<\/p>\n<ul>\n<li>Folgen Sie uns auf LinkedIn und Twitter (@THE_KLU).<\/li>\n<li>Forschung, Events &amp; Weiterbildung: <a href=\"https:\/\/u7061146.ct.sendgrid.net\/ls\/click?upn=4tNED-2FM8iDZJQyQ53jATUXsgqspQQ5i-2BaHaKny8ldzmDWRVfPjoffHhxxy1VEIjzuO-2FzT93Fvzoh6Lr-2FHmWm3Q-3D-3DMNbd_i53358C9jNMcOHoFCS-2BShhc1rh0tf8G7UDURM370QiNPBZ-2FMPAGV-2BlnKiV03Rc3bP3dAG-2Fn6M1Y9yZfQjO1-2FPrYgNvrKZnBRZ4CHDp4wjGKuch-2FhyznaVBwDg14Hmax4ytLXQ084m8xtPM8Lofncfzg1qOAdPq-2FIr18MCMaqkeZMSZqwqATZZSw-2FHr3GuHMtDu-2B50W-2BeOcb-2Bl4wh9yqFRLDDw2Z9k1REAKaZv1vPUT-2Bh7p69IuZhDrgQ8wyPLlxhkMVQkFFUfjBAX6cMND0nIhtXNTSNhJh6bmbdsIa8cqEhbbbxP3yT7EL2Z-2FJg06r1vcgBMfnk1BB1bZc3tZXe7OgHnLdf6R1WQ1nCX5vGn3E-3D\"><u>KLU Business Newsletter<\/u><\/a><\/li>\n<li>10 Jahre KLU 2020 \u2013 <a href=\"https:\/\/u7061146.ct.sendgrid.net\/ls\/click?upn=TeZUXWpUv-2B6TCY38pVLo9oRU66cDIzBb35Rk-2FASSc-2FvEXSuuW-2B2e1kFslz-2BNX5Uv9_0q_i53358C9jNMcOHoFCS-2BShhc1rh0tf8G7UDURM370QiNPBZ-2FMPAGV-2BlnKiV03Rc3bP3dAG-2Fn6M1Y9yZfQjO1-2FPrYgNvrKZnBRZ4CHDp4wjGKuch-2FhyznaVBwDg14Hmax4ytLXQ084m8xtPM8Lofncfzg1qOAdPq-2FIr18MCMaqkeZMSZqwqATZZSw-2FHr3GuHMtDu-2B50W-2BeOcb-2Bl4wh9yqFRDVXioTZv1BnYCLnuBHAB4Oag-2BaW1gxKvRXacs8K8j8mIsSwmKNmukgjBd3xGzGTYBB0MrlR3SxtyLNSxAYe6S01qrAcenS9TYfXVly1PVAH00blN9VgBa1tvGrRAnt1vRe5wXwnnH-2BJv-2BKkvVDgxAU-3D\"><u>Highlights heute und gestern <\/u><\/a><\/li>\n<li>Mehr Informationen: <a href=\"https:\/\/u7061146.ct.sendgrid.net\/ls\/click?upn=TeZUXWpUv-2B6TCY38pVLo9kqeCw-2FTcOap1ibw8ShKzfw-3Dw9oR_i53358C9jNMcOHoFCS-2BShhc1rh0tf8G7UDURM370QiNPBZ-2FMPAGV-2BlnKiV03Rc3bP3dAG-2Fn6M1Y9yZfQjO1-2FPrYgNvrKZnBRZ4CHDp4wjGKuch-2FhyznaVBwDg14Hmax4ytLXQ084m8xtPM8Lofncfzg1qOAdPq-2FIr18MCMaqkeZMSZqwqATZZSw-2FHr3GuHMtDu-2B50W-2BeOcb-2Bl4wh9yqFRGP6iw0-2F24Qc-2BjAB1Esa-2Fk65TPs1CwnVTd1kY3Q4hk5vQRKEuMhGa0BgaOASt5HOvV1ww3huwsechIP2jmsMmSgiSo0x-2Bd8SMTHgqaQrkb-2Bud-2FoDPX6Sv9o9pesSn3UgThzZ-2BKXnsCN1Bc5KEH3OPcE-3D\"><u>www.the-klu.org<\/u><\/a><\/li>\n<\/ul>\n<p>&nbsp;<\/p>\n<p>&nbsp;<\/p>\n<figure id=\"attachment_184731\" aria-describedby=\"caption-attachment-184731\" style=\"width: 800px\" class=\"wp-caption alignnone\"><img decoding=\"async\" loading=\"lazy\" class=\"size-large wp-image-184731\" src=\"https:\/\/smago.de\/ws2\/wp-content\/uploads\/2022\/06\/KLU_BUILDING_CHS5552-800x532.jpg\" alt=\"\" width=\"800\" height=\"532\" srcset=\"https:\/\/smago.de\/ws2\/wp-content\/uploads\/2022\/06\/KLU_BUILDING_CHS5552-800x532.jpg 800w, https:\/\/smago.de\/ws2\/wp-content\/uploads\/2022\/06\/KLU_BUILDING_CHS5552-522x347.jpg 522w, https:\/\/smago.de\/ws2\/wp-content\/uploads\/2022\/06\/KLU_BUILDING_CHS5552-225x150.jpg 225w, https:\/\/smago.de\/ws2\/wp-content\/uploads\/2022\/06\/KLU_BUILDING_CHS5552-768x511.jpg 768w, https:\/\/smago.de\/ws2\/wp-content\/uploads\/2022\/06\/KLU_BUILDING_CHS5552-1536x1022.jpg 1536w, https:\/\/smago.de\/ws2\/wp-content\/uploads\/2022\/06\/KLU_BUILDING_CHS5552-2048x1363.jpg 2048w, https:\/\/smago.de\/ws2\/wp-content\/uploads\/2022\/06\/KLU_BUILDING_CHS5552-392x261.jpg 392w, https:\/\/smago.de\/ws2\/wp-content\/uploads\/2022\/06\/KLU_BUILDING_CHS5552-130x87.jpg 130w, https:\/\/smago.de\/ws2\/wp-content\/uploads\/2022\/06\/KLU_BUILDING_CHS5552-669x445.jpg 669w, https:\/\/smago.de\/ws2\/wp-content\/uploads\/2022\/06\/KLU_BUILDING_CHS5552-784x522.jpg 784w, https:\/\/smago.de\/ws2\/wp-content\/uploads\/2022\/06\/KLU_BUILDING_CHS5552-285x190.jpg 285w, https:\/\/smago.de\/ws2\/wp-content\/uploads\/2022\/06\/KLU_BUILDING_CHS5552-435x290.jpg 435w, https:\/\/smago.de\/ws2\/wp-content\/uploads\/2022\/06\/KLU_BUILDING_CHS5552-150x100.jpg 150w, https:\/\/smago.de\/ws2\/wp-content\/uploads\/2022\/06\/KLU_BUILDING_CHS5552-370x247.jpg 370w\" sizes=\"(max-width: 800px) 100vw, 800px\" \/><figcaption id=\"caption-attachment-184731\" class=\"wp-caption-text\"><em>KLU Geb\u00e4ude, Au\u00dfenansicht<\/em><\/p>\n<p><em>Foto-Credit: KLU \/ Christin Schwarzer<\/em><\/figcaption><\/figure>\n","protected":false},"excerpt":{"rendered":"<p>Deutsche h\u00f6ren weniger Musik als vor Corona!<\/p>\n","protected":false},"author":2,"featured_media":184731,"comment_status":"open","ping_status":"closed","sticky":false,"template":"","format":"standard","meta":{"_FSMCFIC_featured_image_caption":"","_FSMCFIC_featured_image_nocaption":null,"_FSMCFIC_featured_image_hide":null},"categories":[33],"tags":[60],"acf":[],"_links":{"self":[{"href":"https:\/\/smago.de\/ws2\/wp-json\/wp\/v2\/posts\/184730"}],"collection":[{"href":"https:\/\/smago.de\/ws2\/wp-json\/wp\/v2\/posts"}],"about":[{"href":"https:\/\/smago.de\/ws2\/wp-json\/wp\/v2\/types\/post"}],"author":[{"embeddable":true,"href":"https:\/\/smago.de\/ws2\/wp-json\/wp\/v2\/users\/2"}],"replies":[{"embeddable":true,"href":"https:\/\/smago.de\/ws2\/wp-json\/wp\/v2\/comments?post=184730"}],"version-history":[{"count":1,"href":"https:\/\/smago.de\/ws2\/wp-json\/wp\/v2\/posts\/184730\/revisions"}],"predecessor-version":[{"id":184733,"href":"https:\/\/smago.de\/ws2\/wp-json\/wp\/v2\/posts\/184730\/revisions\/184733"}],"wp:featuredmedia":[{"embeddable":true,"href":"https:\/\/smago.de\/ws2\/wp-json\/wp\/v2\/media\/184731"}],"wp:attachment":[{"href":"https:\/\/smago.de\/ws2\/wp-json\/wp\/v2\/media?parent=184730"}],"wp:term":[{"taxonomy":"category","embeddable":true,"href":"https:\/\/smago.de\/ws2\/wp-json\/wp\/v2\/categories?post=184730"},{"taxonomy":"post_tag","embeddable":true,"href":"https:\/\/smago.de\/ws2\/wp-json\/wp\/v2\/tags?post=184730"}],"curies":[{"name":"wp","href":"https:\/\/api.w.org\/{rel}","templated":true}]}}