{"id":184657,"date":"2022-06-13T21:05:17","date_gmt":"2022-06-13T19:05:17","guid":{"rendered":"https:\/\/smago.de\/ws2\/?p=184657"},"modified":"2022-06-13T21:10:50","modified_gmt":"2022-06-13T19:10:50","slug":"matthias-reim-bon-voyage-matthias-singt-derzeit-nur-im-radio","status":"publish","type":"post","link":"https:\/\/smago.de\/ws2\/pop-schlager\/matthias-reim-bon-voyage-matthias-singt-derzeit-nur-im-radio\/","title":{"rendered":"MATTHIAS REIM <br>&#8222;Bon voyage&#8220;: Matthias singt derzeit nur im Radio!"},"content":{"rendered":"<p style=\"text-align: justify;\">Wegen eines Infekts wird &#8222;Matze&#8220; im Juni 2022 keine Auftritte durchf\u00fchren! In den Radio Charts &#8222;Deutschland Konservativ Pop&#8220; wohnt er indes &#8222;T\u00fcr an T\u00fcr&#8220; mit Claudia Jung &#8230;:<br \/>\n<!--more--><\/p>\n<p>&nbsp;<\/p>\n<p>&nbsp;<\/p>\n<p style=\"text-align: justify;\">Traurigen Herzens muss MATTHIAS REIM aufgrund eines akuten Infekts seine Konzerttermine im Juni 2022 absagen.<\/p>\n<p style=\"text-align: justify;\">&#8222;Matthias Reim ist leider weiter erkrankt, sodass auf Anraten seiner \u00c4rzte die weiteren Juni-Konzerte<\/p>\n<p>&nbsp;<\/p>\n<ul style=\"text-align: justify;\">\n<li>13.06.22 Mannheim, Capitol<\/li>\n<li>14.06.22 K\u00f6ln, Palladium<\/li>\n<li>15.06.22 Neunkirchen\/Saar, Neue Gebl\u00e4sehalle<\/li>\n<\/ul>\n<p>&nbsp;<\/p>\n<p style=\"text-align: justify;\">nicht stattfinden k\u00f6nnen&#8220;, hei\u00dft es seines Tournee-Veranstalters Semmel Concerts.<\/p>\n<p>&nbsp;<\/p>\n<p>&nbsp;<\/p>\n<p style=\"text-align: justify;\">Folgende Ersatztermine f\u00fcr die Solokonzerte stehen bereits fest:<\/p>\n<p>&nbsp;<\/p>\n<p>&nbsp;<\/p>\n<div class=\"body\" style=\"text-align: justify;\">\n<ul style=\"text-align: justify;\">\n<li>Mannheim -&gt; neu: Freitag 09.12.22<\/li>\n<li>Neunkirchen\u00a0-&gt; neu: Samstag 10.12.22<\/li>\n<li>K\u00f6ln -&gt; neu: Sonntag 11.12.22<\/li>\n<\/ul>\n<p>&nbsp;<\/p>\n<p>&nbsp;<\/p>\n<p style=\"text-align: justify;\"><em>Bereits gekaufte Tickets behalten f\u00fcr diese Ersatztermine ihre G\u00fcltigkeit.<\/em><\/p>\n<\/div>\n<p>&nbsp;<\/p>\n<p>&nbsp;<\/p>\n<p style=\"text-align: justify;\">Allerdings hat Matthias Reim die Gunst der Stunde genutzt und sich in der 23. Chart-Woche 2022 (Erhebungszeitraum: 03.06. &#8211; 09.06.) die #1 in den Radio Charts &#8222;Deutschland Konservativ Pop&#8220; erneut zur\u00fcckerobert.<\/p>\n<p>Sowohl in den Radio Charts &#8222;Deutschland Konservativ Pop&#8220; als auch in den internationalen Top 100 Airplay Charts wohnt er jetzt quasi &#8222;T\u00fcr an T\u00fcr&#8220; mit Claudia Jung. Matthias Reim belegt in den internationalen Airplay Charts Rang 92, Claudia Jung die #97. Vor zwei Wochen hatte Claudia Jung mit &#8222;T\u00fcr an T\u00fcr&#8220; ihre (bisherige?) Bestnotierung in den internationalen Airplay Charts erreicht (Platz 92). Jetzt zieht &#8222;Matze&#8220; mit ihr gleich.<\/p>\n<p>&nbsp;<\/p>\n<p><img decoding=\"async\" loading=\"lazy\" class=\"alignnone size-large wp-image-184658\" src=\"https:\/\/smago.de\/ws2\/wp-content\/uploads\/2022\/06\/reim22-800x460.jpg\" alt=\"\" width=\"800\" height=\"460\" srcset=\"https:\/\/smago.de\/ws2\/wp-content\/uploads\/2022\/06\/reim22-800x460.jpg 800w, https:\/\/smago.de\/ws2\/wp-content\/uploads\/2022\/06\/reim22-522x300.jpg 522w, https:\/\/smago.de\/ws2\/wp-content\/uploads\/2022\/06\/reim22-261x150.jpg 261w, https:\/\/smago.de\/ws2\/wp-content\/uploads\/2022\/06\/reim22-768x442.jpg 768w, https:\/\/smago.de\/ws2\/wp-content\/uploads\/2022\/06\/reim22-1536x883.jpg 1536w, https:\/\/smago.de\/ws2\/wp-content\/uploads\/2022\/06\/reim22-2048x1178.jpg 2048w, https:\/\/smago.de\/ws2\/wp-content\/uploads\/2022\/06\/reim22-392x225.jpg 392w, https:\/\/smago.de\/ws2\/wp-content\/uploads\/2022\/06\/reim22-130x75.jpg 130w, https:\/\/smago.de\/ws2\/wp-content\/uploads\/2022\/06\/reim22-774x445.jpg 774w, https:\/\/smago.de\/ws2\/wp-content\/uploads\/2022\/06\/reim22-870x500.jpg 870w, https:\/\/smago.de\/ws2\/wp-content\/uploads\/2022\/06\/reim22-292x168.jpg 292w, https:\/\/smago.de\/ws2\/wp-content\/uploads\/2022\/06\/reim22-435x250.jpg 435w\" sizes=\"(max-width: 800px) 100vw, 800px\" \/><\/p>\n","protected":false},"excerpt":{"rendered":"<p>Wegen eines Infekts wird &#8222;Matze&#8220; im Juni 2022 keine Auftritte durchf\u00fchren! In den Radio Charts &#8222;Deutschland Konservativ Pop&#8220; wohnt er<\/p>\n","protected":false},"author":2,"featured_media":184658,"comment_status":"open","ping_status":"closed","sticky":false,"template":"","format":"standard","meta":{"_FSMCFIC_featured_image_caption":"","_FSMCFIC_featured_image_nocaption":null,"_FSMCFIC_featured_image_hide":null},"categories":[28,39],"tags":[50],"acf":[],"_links":{"self":[{"href":"https:\/\/smago.de\/ws2\/wp-json\/wp\/v2\/posts\/184657"}],"collection":[{"href":"https:\/\/smago.de\/ws2\/wp-json\/wp\/v2\/posts"}],"about":[{"href":"https:\/\/smago.de\/ws2\/wp-json\/wp\/v2\/types\/post"}],"author":[{"embeddable":true,"href":"https:\/\/smago.de\/ws2\/wp-json\/wp\/v2\/users\/2"}],"replies":[{"embeddable":true,"href":"https:\/\/smago.de\/ws2\/wp-json\/wp\/v2\/comments?post=184657"}],"version-history":[{"count":4,"href":"https:\/\/smago.de\/ws2\/wp-json\/wp\/v2\/posts\/184657\/revisions"}],"predecessor-version":[{"id":184662,"href":"https:\/\/smago.de\/ws2\/wp-json\/wp\/v2\/posts\/184657\/revisions\/184662"}],"wp:featuredmedia":[{"embeddable":true,"href":"https:\/\/smago.de\/ws2\/wp-json\/wp\/v2\/media\/184658"}],"wp:attachment":[{"href":"https:\/\/smago.de\/ws2\/wp-json\/wp\/v2\/media?parent=184657"}],"wp:term":[{"taxonomy":"category","embeddable":true,"href":"https:\/\/smago.de\/ws2\/wp-json\/wp\/v2\/categories?post=184657"},{"taxonomy":"post_tag","embeddable":true,"href":"https:\/\/smago.de\/ws2\/wp-json\/wp\/v2\/tags?post=184657"}],"curies":[{"name":"wp","href":"https:\/\/api.w.org\/{rel}","templated":true}]}}