{"id":184648,"date":"2022-06-13T23:59:07","date_gmt":"2022-06-13T21:59:07","guid":{"rendered":"https:\/\/smago.de\/ws2\/?p=184648"},"modified":"2022-06-13T19:34:53","modified_gmt":"2022-06-13T17:34:53","slug":"oliver-kalkofe-u-a-dienstag-14-06-2022-in-der-talk-show-maischberger-zu-gast","status":"publish","type":"post","link":"https:\/\/smago.de\/ws2\/comedy\/oliver-kalkofe-u-a-dienstag-14-06-2022-in-der-talk-show-maischberger-zu-gast\/","title":{"rendered":"OLIVER KALKOFE u.a. <br>Dienstag (14.06.2022) in der Talk-Show &#8222;maischberger&#8220; zu Gast!"},"content":{"rendered":"<p style=\"text-align: justify;\">Das Erste \/ ARD, 22:50 Uhr &#8211; 00:05 Uhr! Moderation: Sandra Maischberger!<br \/>\n<!--more--><\/p>\n<p>&nbsp;<\/p>\n<p>&nbsp;<\/p>\n<p class=\"text small\" style=\"text-align: justify;\">Bundeskanzler Olaf Scholz (SPD) will nun doch in die Ukraine reisen. Welches Signal wird er mit seinem Besuch senden? Wie kann ein Ende des Krieges erreicht werden? Dazu im Gespr\u00e4ch die ehemalige Bundesjustizministerin <strong>Sabine Leutheusser-Schnarrenberger<\/strong> (FDP) und der Politikwissenschaftler <strong>Johannes Varwick<\/strong>.<\/p>\n<p class=\"text small\" style=\"text-align: justify;\">Er steht wie kaum ein anderer f\u00fcr \u201emade in Germany\u201c und feierte j\u00fcngst seinen 80. Geburtstag. Wie sehr machen ihm die gestiegenen Energiekosten zu schaffen? Was plant er f\u00fcr das Familienunternehmen? <strong>Wolfgang Grupp <\/strong>spricht mit Sandra Maischberger.<\/p>\n<p class=\"text small\" style=\"text-align: justify;\">Die Mineral\u00f6lkonzerne stehen in der Kritik. Kann ein sch\u00e4rferes Kartellrecht die Verbraucher besser sch\u00fctzen? Dar\u00fcber und andere Themen diskutieren der Comedian und Schauspieler <strong>Oliver Kalkofe ,<\/strong> die Publizistin <strong>Elisabeth Niejahr <\/strong>und <strong>Hajo Schumacher<\/strong>, Journalist und Autor.<\/p>\n<div class=\"clearMe\" style=\"text-align: justify;\"><\/div>\n<div style=\"text-align: justify;\"><\/div>\n<div style=\"text-align: justify;\"><\/div>\n<div style=\"text-align: justify;\"><\/div>\n<div style=\"text-align: justify;\"><\/div>\n<p class=\"text small\" style=\"text-align: justify;\"><strong>Die G\u00e4ste:<\/strong><\/p>\n<p>&nbsp;<\/p>\n<p>&nbsp;<\/p>\n<p class=\"text small\" style=\"text-align: justify;\"><strong>Sabine Leutheusser-Schnarrenberger<\/strong>, FDP (Bundesjustizministerin a.D.)<br \/>\n<strong>Johannes Varwick (<\/strong>Politikwissenschaftler)<br \/>\n<strong>Wolfgang Grupp <\/strong>(Unternehmer)<br \/>\n<strong>Oliver Kalkofe <\/strong>(Comedian)<br \/>\n<strong>Elisabeth Niejahr <\/strong>(Publizistin)<br \/>\n<strong>Hajo Schumacher <\/strong>(Journalist und Autor)<\/p>\n<div class=\"clearMe\" style=\"text-align: justify;\"><\/div>\n<div style=\"text-align: justify;\"><\/div>\n<div style=\"text-align: justify;\"><\/div>\n<p class=\"text small\" style=\"text-align: justify;\"><em>\u201emaischberger\u201c ist eine Gemeinschaftsproduktion der ARD, hergestellt vom WDR in Zusammenarbeit mit Vincent productions GmbH.<\/em><\/p>\n<div class=\"clearMe\"><\/div>\n<div><\/div>\n<div><\/div>\n<div>\n<figure id=\"attachment_183674\" aria-describedby=\"caption-attachment-183674\" style=\"width: 800px\" class=\"wp-caption alignnone\"><img decoding=\"async\" loading=\"lazy\" class=\"size-large wp-image-183674\" src=\"https:\/\/smago.de\/ws2\/wp-content\/uploads\/2022\/05\/3_maischberger_die_Woche_2022-1-800x528.jpg\" alt=\"\" width=\"800\" height=\"528\" srcset=\"https:\/\/smago.de\/ws2\/wp-content\/uploads\/2022\/05\/3_maischberger_die_Woche_2022-1-800x528.jpg 800w, https:\/\/smago.de\/ws2\/wp-content\/uploads\/2022\/05\/3_maischberger_die_Woche_2022-1-522x345.jpg 522w, https:\/\/smago.de\/ws2\/wp-content\/uploads\/2022\/05\/3_maischberger_die_Woche_2022-1-227x150.jpg 227w, https:\/\/smago.de\/ws2\/wp-content\/uploads\/2022\/05\/3_maischberger_die_Woche_2022-1-768x507.jpg 768w, https:\/\/smago.de\/ws2\/wp-content\/uploads\/2022\/05\/3_maischberger_die_Woche_2022-1-1536x1014.jpg 1536w, https:\/\/smago.de\/ws2\/wp-content\/uploads\/2022\/05\/3_maischberger_die_Woche_2022-1-2048x1352.jpg 2048w, https:\/\/smago.de\/ws2\/wp-content\/uploads\/2022\/05\/3_maischberger_die_Woche_2022-1-392x259.jpg 392w, https:\/\/smago.de\/ws2\/wp-content\/uploads\/2022\/05\/3_maischberger_die_Woche_2022-1-130x86.jpg 130w, https:\/\/smago.de\/ws2\/wp-content\/uploads\/2022\/05\/3_maischberger_die_Woche_2022-1-674x445.jpg 674w, https:\/\/smago.de\/ws2\/wp-content\/uploads\/2022\/05\/3_maischberger_die_Woche_2022-1-791x522.jpg 791w, https:\/\/smago.de\/ws2\/wp-content\/uploads\/2022\/05\/3_maischberger_die_Woche_2022-1-288x190.jpg 288w, https:\/\/smago.de\/ws2\/wp-content\/uploads\/2022\/05\/3_maischberger_die_Woche_2022-1-435x287.jpg 435w, https:\/\/smago.de\/ws2\/wp-content\/uploads\/2022\/05\/3_maischberger_die_Woche_2022-1-150x100.jpg 150w\" sizes=\"(max-width: 800px) 100vw, 800px\" \/><figcaption id=\"caption-attachment-183674\" class=\"wp-caption-text\"><em>Foto-Credit: WDR \/ Thomas Kierok<\/em><\/figcaption><\/figure>\n<\/div>\n","protected":false},"excerpt":{"rendered":"<p>Das Erste \/ ARD, 22:50 Uhr &#8211; 00:05 Uhr! Moderation: Sandra Maischberger!<\/p>\n","protected":false},"author":2,"featured_media":183674,"comment_status":"open","ping_status":"closed","sticky":false,"template":"","format":"standard","meta":{"_FSMCFIC_featured_image_caption":"","_FSMCFIC_featured_image_nocaption":null,"_FSMCFIC_featured_image_hide":null},"categories":[3,128],"tags":[554],"acf":[],"_links":{"self":[{"href":"https:\/\/smago.de\/ws2\/wp-json\/wp\/v2\/posts\/184648"}],"collection":[{"href":"https:\/\/smago.de\/ws2\/wp-json\/wp\/v2\/posts"}],"about":[{"href":"https:\/\/smago.de\/ws2\/wp-json\/wp\/v2\/types\/post"}],"author":[{"embeddable":true,"href":"https:\/\/smago.de\/ws2\/wp-json\/wp\/v2\/users\/2"}],"replies":[{"embeddable":true,"href":"https:\/\/smago.de\/ws2\/wp-json\/wp\/v2\/comments?post=184648"}],"version-history":[{"count":3,"href":"https:\/\/smago.de\/ws2\/wp-json\/wp\/v2\/posts\/184648\/revisions"}],"predecessor-version":[{"id":184651,"href":"https:\/\/smago.de\/ws2\/wp-json\/wp\/v2\/posts\/184648\/revisions\/184651"}],"wp:featuredmedia":[{"embeddable":true,"href":"https:\/\/smago.de\/ws2\/wp-json\/wp\/v2\/media\/183674"}],"wp:attachment":[{"href":"https:\/\/smago.de\/ws2\/wp-json\/wp\/v2\/media?parent=184648"}],"wp:term":[{"taxonomy":"category","embeddable":true,"href":"https:\/\/smago.de\/ws2\/wp-json\/wp\/v2\/categories?post=184648"},{"taxonomy":"post_tag","embeddable":true,"href":"https:\/\/smago.de\/ws2\/wp-json\/wp\/v2\/tags?post=184648"}],"curies":[{"name":"wp","href":"https:\/\/api.w.org\/{rel}","templated":true}]}}