{"id":184489,"date":"2022-06-10T00:00:33","date_gmt":"2022-06-09T22:00:33","guid":{"rendered":"https:\/\/smago.de\/ws2\/?p=184489"},"modified":"2022-06-10T00:02:21","modified_gmt":"2022-06-09T22:02:21","slug":"maria-bonelli","status":"publish","type":"post","link":"https:\/\/smago.de\/ws2\/pop-schlager\/maria-bonelli\/","title":{"rendered":"MARIA BONELLI <br>Maria Bonelli feiert mit \u201eWie ein Regenbogen\u201c ein beeindruckendes Schlager-Jubil\u00e4um!"},"content":{"rendered":"<div>\n<p><span lang=\"DE\">Der neue Song der beliebten S\u00e4ngerin ist in bew\u00e4hrter Zusammenarbeit mit WILLY KL\u00dcTER entstanden!<br \/>\n<!--more--><\/span><\/p>\n<\/div>\n<p>&nbsp;<\/p>\n<p>&nbsp;<\/p>\n<div style=\"text-align: justify;\">\n<p><span lang=\"DE\">Auch wenn man es ihr nicht ansieht \u2013 in diesem Jahr feiert MARIA BONELLI ein unglaubliches Jubil\u00e4um: 25 Jahre ist es her, dass ihr der \u201eSchlagerdiamant 1997\u201c als beste Newcomerin des deutschen Schlagers verliehen wurde. \u00dcber viele Jahre hinweg war sie erfolgreich als S\u00e4ngerin t\u00e4tig. Angesichts ihrer italienischen Wurzeln (beide Elternteile stammen aus Sizilien) war es wenig verwunderlich, dass sie f\u00fcr ihre Familie (sie bekam zwei S\u00f6hne) eine k\u00fcnstlerische Pause einlegte. Ihr italienisches Temperament und ihre glockenklare Stimme sind ihr in der Zeit aber nat\u00fcrlich nicht abhandengekommen.<\/span><\/p>\n<\/div>\n<div style=\"text-align: justify;\">\n<p><span lang=\"DE\">Und so wagte sie mit dem Label KLONDIKE und ihrem Produzenten WILLY KL\u00dcTER vor sechs Jahren einen erfolgreichen Neuanfang, der so nachhaltig war, dass er bis heute anh\u00e4lt. Und mit Blick auf ihre erste Single \u201eMit dir kam die Liebe\u201c, die MARIA vor fast genau 25 Jahren in der ZDF-Hitparade pr\u00e4sentierte, schlie\u00dft sich ein Kreis, denn auch der neueste Titel von MARIA handelt wieder von diesem beliebten Schlagerthema. <\/span><\/p>\n<\/div>\n<div style=\"text-align: justify;\">\n<p><span lang=\"DE\">Hoch emotional, wie man MARIA kennt, schw\u00e4rmt sie mit ihrer grandiosen Stimme von ihrer Liebe in h\u00f6chsten T\u00f6nen, da ist \u201e<i>alles neu<\/i>\u201c, weil der Angebetete wei\u00df, \u201e<i>was ich will<\/i>\u201c und \u201e<i>wie ich f\u00fchl<\/i>\u201c \u2013 kurzum: \u201e<i>Du f\u00fchlst so wie ich<\/i>\u201c. <\/span><\/p>\n<\/div>\n<div style=\"text-align: justify;\">\n<p><span lang=\"DE\">Um zum Ausdruck zu bringen, dass hier nicht nur ein einfaches Feuer lodert, sondern der Besungene mit allen Facetten geliebt wird, hat MARIA, die Co-Autorin ihres Liedes ist, ein sch\u00f6nes Bild gefunden: \u201e<i>Mit all deinen Farben lieb ich dich<\/i>\u201c, damit ist der Lieblingsmensch \u201e<b>Wie ein Regenbogen<\/b>\u201c, dessen warme Farben f\u00fcr MARIA erstrahlen, so dass sie zum Schluss kommt: \u201e<i>An deiner Seite kann mir nichts passieren<\/i>\u201c. Eine sch\u00f6nere Liebeserkl\u00e4rung kann man sich wohl nicht vorstellen, wobei die K\u00fcnstlerin mit ihrer vorherigen Single (\u201eTiefer als der Ozean\u201c) ja die Messlatte f\u00fcr innige Liebeserkl\u00e4rungen selbst hochgelegt hat. <\/span><\/p>\n<\/div>\n<div style=\"text-align: justify;\">\n<p><span lang=\"DE\">\u201e<b>Wie ein Regenbogen<\/b>\u201c schrieb MARIA gemeinsam mit MANFRED HOCHHOLZER und ihrem Produzenten WILLY KL\u00dcTER, mit dem sie seit vielen Jahre vertrauensvoll zusammenarbeitet und der ihre kraftvolle Sopranstimme perfekt in Szene zu setzen wei\u00df \u2013 insbesondere zum Ende des Songs hin, nach der Modulation in eine andere Tonart.<\/span><\/p>\n<\/div>\n<div>\n<p style=\"text-align: justify;\"><span lang=\"DE\">Mit ihrem neuen Schlager liefert MARIA ein Brett ab, das sicher auch die Radioredakteure auf dem Radar haben werden, so dass \u201e<b>Wie ein Regenbogen<\/b>\u201c ein Anw\u00e4rter des Sommerhits in den offiziellen Radio Charts \u201eDeutschland Konservativ Pop\u201c ist.<\/span><\/p>\n<\/div>\n<p>&nbsp;<\/p>\n<p>&nbsp;<\/p>\n<p><img decoding=\"async\" loading=\"lazy\" class=\"alignnone size-large wp-image-184358\" src=\"https:\/\/smago.de\/ws2\/wp-content\/uploads\/2022\/06\/Cover-wie-ein-Regenbogen-2-800x800.jpg\" alt=\"\" width=\"800\" height=\"800\" srcset=\"https:\/\/smago.de\/ws2\/wp-content\/uploads\/2022\/06\/Cover-wie-ein-Regenbogen-2-800x800.jpg 800w, https:\/\/smago.de\/ws2\/wp-content\/uploads\/2022\/06\/Cover-wie-ein-Regenbogen-2-522x522.jpg 522w, https:\/\/smago.de\/ws2\/wp-content\/uploads\/2022\/06\/Cover-wie-ein-Regenbogen-2-150x150.jpg 150w, https:\/\/smago.de\/ws2\/wp-content\/uploads\/2022\/06\/Cover-wie-ein-Regenbogen-2-768x768.jpg 768w, https:\/\/smago.de\/ws2\/wp-content\/uploads\/2022\/06\/Cover-wie-ein-Regenbogen-2-1536x1536.jpg 1536w, https:\/\/smago.de\/ws2\/wp-content\/uploads\/2022\/06\/Cover-wie-ein-Regenbogen-2-2048x2048.jpg 2048w, https:\/\/smago.de\/ws2\/wp-content\/uploads\/2022\/06\/Cover-wie-ein-Regenbogen-2-272x272.jpg 272w, https:\/\/smago.de\/ws2\/wp-content\/uploads\/2022\/06\/Cover-wie-ein-Regenbogen-2-600x600.jpg 600w, https:\/\/smago.de\/ws2\/wp-content\/uploads\/2022\/06\/Cover-wie-ein-Regenbogen-2-130x130.jpg 130w, https:\/\/smago.de\/ws2\/wp-content\/uploads\/2022\/06\/Cover-wie-ein-Regenbogen-2-445x445.jpg 445w, https:\/\/smago.de\/ws2\/wp-content\/uploads\/2022\/06\/Cover-wie-ein-Regenbogen-2-190x190.jpg 190w, https:\/\/smago.de\/ws2\/wp-content\/uploads\/2022\/06\/Cover-wie-ein-Regenbogen-2-290x290.jpg 290w\" sizes=\"(max-width: 800px) 100vw, 800px\" \/><\/p>\n","protected":false},"excerpt":{"rendered":"<p>Der neue Song der beliebten S\u00e4ngerin ist in bew\u00e4hrter Zusammenarbeit mit WILLY KL\u00dcTER entstanden!<\/p>\n","protected":false},"author":2,"featured_media":184357,"comment_status":"open","ping_status":"closed","sticky":false,"template":"","format":"standard","meta":{"_FSMCFIC_featured_image_caption":"","_FSMCFIC_featured_image_nocaption":null,"_FSMCFIC_featured_image_hide":null},"categories":[28],"tags":[101],"acf":[],"_links":{"self":[{"href":"https:\/\/smago.de\/ws2\/wp-json\/wp\/v2\/posts\/184489"}],"collection":[{"href":"https:\/\/smago.de\/ws2\/wp-json\/wp\/v2\/posts"}],"about":[{"href":"https:\/\/smago.de\/ws2\/wp-json\/wp\/v2\/types\/post"}],"author":[{"embeddable":true,"href":"https:\/\/smago.de\/ws2\/wp-json\/wp\/v2\/users\/2"}],"replies":[{"embeddable":true,"href":"https:\/\/smago.de\/ws2\/wp-json\/wp\/v2\/comments?post=184489"}],"version-history":[{"count":4,"href":"https:\/\/smago.de\/ws2\/wp-json\/wp\/v2\/posts\/184489\/revisions"}],"predecessor-version":[{"id":184510,"href":"https:\/\/smago.de\/ws2\/wp-json\/wp\/v2\/posts\/184489\/revisions\/184510"}],"wp:featuredmedia":[{"embeddable":true,"href":"https:\/\/smago.de\/ws2\/wp-json\/wp\/v2\/media\/184357"}],"wp:attachment":[{"href":"https:\/\/smago.de\/ws2\/wp-json\/wp\/v2\/media?parent=184489"}],"wp:term":[{"taxonomy":"category","embeddable":true,"href":"https:\/\/smago.de\/ws2\/wp-json\/wp\/v2\/categories?post=184489"},{"taxonomy":"post_tag","embeddable":true,"href":"https:\/\/smago.de\/ws2\/wp-json\/wp\/v2\/tags?post=184489"}],"curies":[{"name":"wp","href":"https:\/\/api.w.org\/{rel}","templated":true}]}}