{"id":184426,"date":"2022-06-10T00:00:39","date_gmt":"2022-06-09T22:00:39","guid":{"rendered":"https:\/\/smago.de\/ws2\/?p=184426"},"modified":"2022-06-09T22:48:38","modified_gmt":"2022-06-09T20:48:38","slug":"marianne-rosenberg-harry-wijnvoord-u-a-heute-10-06-2022-in-der-talk-show-koelner-treff-zu-gast","status":"publish","type":"post","link":"https:\/\/smago.de\/ws2\/schlager\/marianne-rosenberg-harry-wijnvoord-u-a-heute-10-06-2022-in-der-talk-show-koelner-treff-zu-gast\/","title":{"rendered":"HARRY WIJNVOORD u.a. <br>Heute (10.06.2022) in der Talk-Show &#8222;K\u00f6lner Treff&#8220; zu Gast!"},"content":{"rendered":"<p>WDR Fernsehen, 22:00 Uhr &#8211; 23:30 Uhr (1. Wh. in der Nacht auf 11.06., 00:15 Uhr &#8211; 01:45 Uhr; 2. Wh.: 12.06., 10:15 Uhr &#8211; 11:45 Uhr)!\u00a0Moderation: Susan Link und Micky Beisenherz!<br \/>\n<!--more--><\/p>\n<p>&nbsp;<\/p>\n<p>&nbsp;<\/p>\n<p>&nbsp;<\/p>\n<p><strong>G\u00e4ste u. a.:<\/strong><\/p>\n<p>&nbsp;<\/p>\n<p>&nbsp;<\/p>\n<ul>\n<li>Max Giesinger<\/li>\n<li>Frauke Ludowig<\/li>\n<li>Franz Dinda<\/li>\n<li>Harry Wijnvoord<\/li>\n<li>Jasmin Schwiers und Jan van Weyde<\/li>\n<\/ul>\n<p>&nbsp;<\/p>\n<p>&nbsp;<\/p>\n<p>&nbsp;<\/p>\n<p>&nbsp;<\/p>\n<p>&nbsp;<\/p>\n<p><strong>Max Giesinger<\/strong><\/p>\n<p>&nbsp;<\/p>\n<p>Musiker wollte er schon immer werden &#8211; doch mit der der gro\u00dfen Karriere hat es etwas gedauert. Aber was lange w\u00e4hrt, wird endlich gut und sp\u00e4testens seit seinem Riesenhit &#8222;80 Millionen&#8220; vor f\u00fcnf Jahren geh\u00f6rt Max Giesinger zu den ganz Gro\u00dfen im Land. Bei all dem Erfolg ist der geb\u00fcrtige Schwarzw\u00e4lder jedoch auf dem Teppich geblieben. Gewohnt offen und nahbar gibt sich der S\u00e4nger und Musiker nun auch wieder in seinen neuen Songs. Der Umgang mit den eigenen Zweifeln und das Suchen nach der gro\u00dfen Liebe sind Themen, die viele Menschen besch\u00e4ftigen &#8211; egal welchen Alters.<\/p>\n<p>&nbsp;<\/p>\n<p>&nbsp;<\/p>\n<p>&nbsp;<\/p>\n<p>&nbsp;<\/p>\n<p>&nbsp;<\/p>\n<p><strong>Frauke Ludowig<\/strong><\/p>\n<p>&nbsp;<\/p>\n<p>Seit einem Vierteljahrhundert ist ihre Welt die der Reichen und Sch\u00f6nen bei RTL. Ihren Job, der immer wieder besondere Bonbons bereith\u00e4lt, liebt sie \u00fcber alles: Im letzten Jahr bekam sie als europaweit einzige Fernsehjournalistin ein exklusives Interview mit dem James Bond-Darsteller Daniel Craig und brachte zudem unsere Bundeskanzlerin a.D., Angela Merkel, mit der Frage, wer ihr denn die Haare mache, in Verlegenheit. Gerade erst widmete sie sich \u00fcber Tage dem 70j\u00e4hrigen Thronjubil\u00e4um der Queen und berichtet uns auch im K\u00f6lner Treff \u00fcber diese Feierlichkeiten.<\/p>\n<p>&nbsp;<\/p>\n<p>&nbsp;<\/p>\n<p>&nbsp;<\/p>\n<p>&nbsp;<\/p>\n<p>&nbsp;<\/p>\n<p><strong>Franz Dinda<\/strong><\/p>\n<p>&nbsp;<\/p>\n<p>Der Durchbruch gelang ihm 2005 mit dem Katstrophenfilm &#8222;Die Wolke&#8220;, der dem damals 22j\u00e4hrigen einige Preise und jede Menge Beachtung einbrachte. Seither wirkte der aus Th\u00fcringen stammende Schauspieler in zahlreichen Film- und Fernsehproduktionen mit. Aktuell ist er in der preisgekr\u00f6nten TV-Serie &#8222;Das Boot&#8220; zu sehen. Neben der Schauspielerei ist das Multitalent auch als Autor und experimenteller K\u00fcnstler aktiv. Seit einiger Zeit hat er sich au\u00dferdem auf die Spurensuche eines verschollenen Skizzenbuchs des Malers Ernst Ludwig Kirchners begeben. Auch im Rheinland vermutet der Kunstliebhaber noch einige Zeichnungen.<\/p>\n<p>&nbsp;<\/p>\n<p>&nbsp;<\/p>\n<p>&nbsp;<\/p>\n<p>&nbsp;<\/p>\n<p><strong>Harry Wijnvoord<\/strong><\/p>\n<p>&nbsp;<\/p>\n<p>In den 1990er-Jahren moderierte er mehr als 1.800 Ausgaben der Erfolgsshow &#8222;Der Preis ist hei\u00df&#8220;. Das machte ihn auf lange Sicht zu einem absoluten Kult-Moderator. Nun kehrt Harry Wijnvoord zur Prime Time mit &#8222;seiner&#8220; Show zur\u00fcck und will zudem als Schlagers\u00e4nger durchstarten. Im K\u00f6lner Treff blicken wagen wir R\u00fcck- und Ausblicke auf eine ungew\u00f6hnliche Entertainer-Karriere und erfahren mehr \u00fcber das neue Beziehungs- und Lebensgl\u00fcck des 73-J\u00e4hrigen!<\/p>\n<p>&nbsp;<\/p>\n<p>&nbsp;<\/p>\n<p>&nbsp;<\/p>\n<p>&nbsp;<\/p>\n<p><strong>Jasmin Schwiers und Jan van Weyde<\/strong><\/p>\n<p>&nbsp;<\/p>\n<p>Jasmin Schwiers und Jan van Weyde sind nicht nur beruflich und vor der Kamera ein Dreamteam, sondern auch dahinter: Vor mehr als zwanzig Jahren lernen sie sich kennen und lieben, und mittlerweile machen zwei T\u00f6chter das Gl\u00fcck des kreativen K\u00fcnstlerpaares perfekt. Was die Kleinen sagen, wenn Mama f\u00fcr einen Kinofilm vor der Kamera steht oder Papa als Comedian die Menschen auf der B\u00fchne oder im Fernsehen zum Lachen bringt, wird nur ein Thema des sympathischen Paares sein.<\/p>\n<p>&nbsp;<\/p>\n<p>&nbsp;<\/p>\n<figure id=\"attachment_175790\" aria-describedby=\"caption-attachment-175790\" style=\"width: 800px\" class=\"wp-caption alignnone\"><img decoding=\"async\" loading=\"lazy\" class=\"size-large wp-image-175790\" src=\"https:\/\/smago.de\/ws2\/wp-content\/uploads\/2021\/12\/1_Koelner_Treff_PW4921-800x528.jpg\" alt=\"\" width=\"800\" height=\"528\" srcset=\"https:\/\/smago.de\/ws2\/wp-content\/uploads\/2021\/12\/1_Koelner_Treff_PW4921-800x528.jpg 800w, https:\/\/smago.de\/ws2\/wp-content\/uploads\/2021\/12\/1_Koelner_Treff_PW4921-522x345.jpg 522w, https:\/\/smago.de\/ws2\/wp-content\/uploads\/2021\/12\/1_Koelner_Treff_PW4921-227x150.jpg 227w, https:\/\/smago.de\/ws2\/wp-content\/uploads\/2021\/12\/1_Koelner_Treff_PW4921-768x507.jpg 768w, https:\/\/smago.de\/ws2\/wp-content\/uploads\/2021\/12\/1_Koelner_Treff_PW4921-1536x1014.jpg 1536w, https:\/\/smago.de\/ws2\/wp-content\/uploads\/2021\/12\/1_Koelner_Treff_PW4921-2048x1352.jpg 2048w, https:\/\/smago.de\/ws2\/wp-content\/uploads\/2021\/12\/1_Koelner_Treff_PW4921-392x259.jpg 392w, https:\/\/smago.de\/ws2\/wp-content\/uploads\/2021\/12\/1_Koelner_Treff_PW4921-130x86.jpg 130w, https:\/\/smago.de\/ws2\/wp-content\/uploads\/2021\/12\/1_Koelner_Treff_PW4921-674x445.jpg 674w, https:\/\/smago.de\/ws2\/wp-content\/uploads\/2021\/12\/1_Koelner_Treff_PW4921-791x522.jpg 791w, https:\/\/smago.de\/ws2\/wp-content\/uploads\/2021\/12\/1_Koelner_Treff_PW4921-288x190.jpg 288w, https:\/\/smago.de\/ws2\/wp-content\/uploads\/2021\/12\/1_Koelner_Treff_PW4921-435x287.jpg 435w, https:\/\/smago.de\/ws2\/wp-content\/uploads\/2021\/12\/1_Koelner_Treff_PW4921-150x100.jpg 150w\" sizes=\"(max-width: 800px) 100vw, 800px\" \/><figcaption id=\"caption-attachment-175790\" class=\"wp-caption-text\"><em>Susan Link und Micky Beisenherz (r)<\/em><\/p>\n<p><em>\u00a9 WDR\/Melanie Grande<\/em><\/figcaption><\/figure>\n","protected":false},"excerpt":{"rendered":"<p>WDR Fernsehen, 22:00 Uhr &#8211; 23:30 Uhr (1. Wh. in der Nacht auf 11.06., 00:15 Uhr &#8211; 01:45 Uhr; 2.<\/p>\n","protected":false},"author":2,"featured_media":175790,"comment_status":"open","ping_status":"closed","sticky":false,"template":"","format":"standard","meta":{"_FSMCFIC_featured_image_caption":"","_FSMCFIC_featured_image_nocaption":null,"_FSMCFIC_featured_image_hide":null},"categories":[29,128],"tags":[129],"acf":[],"_links":{"self":[{"href":"https:\/\/smago.de\/ws2\/wp-json\/wp\/v2\/posts\/184426"}],"collection":[{"href":"https:\/\/smago.de\/ws2\/wp-json\/wp\/v2\/posts"}],"about":[{"href":"https:\/\/smago.de\/ws2\/wp-json\/wp\/v2\/types\/post"}],"author":[{"embeddable":true,"href":"https:\/\/smago.de\/ws2\/wp-json\/wp\/v2\/users\/2"}],"replies":[{"embeddable":true,"href":"https:\/\/smago.de\/ws2\/wp-json\/wp\/v2\/comments?post=184426"}],"version-history":[{"count":3,"href":"https:\/\/smago.de\/ws2\/wp-json\/wp\/v2\/posts\/184426\/revisions"}],"predecessor-version":[{"id":184521,"href":"https:\/\/smago.de\/ws2\/wp-json\/wp\/v2\/posts\/184426\/revisions\/184521"}],"wp:featuredmedia":[{"embeddable":true,"href":"https:\/\/smago.de\/ws2\/wp-json\/wp\/v2\/media\/175790"}],"wp:attachment":[{"href":"https:\/\/smago.de\/ws2\/wp-json\/wp\/v2\/media?parent=184426"}],"wp:term":[{"taxonomy":"category","embeddable":true,"href":"https:\/\/smago.de\/ws2\/wp-json\/wp\/v2\/categories?post=184426"},{"taxonomy":"post_tag","embeddable":true,"href":"https:\/\/smago.de\/ws2\/wp-json\/wp\/v2\/tags?post=184426"}],"curies":[{"name":"wp","href":"https:\/\/api.w.org\/{rel}","templated":true}]}}