{"id":184352,"date":"2022-06-07T00:00:18","date_gmt":"2022-06-06T22:00:18","guid":{"rendered":"https:\/\/smago.de\/ws2\/?p=184352"},"modified":"2022-06-06T23:38:34","modified_gmt":"2022-06-06T21:38:34","slug":"pascal-silva-am-08-07-2022-meldet-sich-pascal-silva-bei-seinen-deutschen-fans-musikalisch-zurueck","status":"publish","type":"post","link":"https:\/\/smago.de\/ws2\/pop-schlager\/pascal-silva-am-08-07-2022-meldet-sich-pascal-silva-bei-seinen-deutschen-fans-musikalisch-zurueck\/","title":{"rendered":"PASCAL SILVA <br>Am 08.07.2022 meldet sich Pascal Silva bei seinen deutschen Fans musikalisch zur\u00fcck!"},"content":{"rendered":"<p>Im Herbst 2022 soll zudem ein neues Album von ihm auf den Markt kommen!<br \/>\n<!--more--><\/p>\n<p>&nbsp;<\/p>\n<p>&nbsp;<\/p>\n<p style=\"text-align: justify;\">Schon von Kindesbeinen an begeisterte sich der geb\u00fcrtige Schweizer PASCAL SILVA f\u00fcr die Musik und stand im zarten Alter von 8 Jahren erstmals auf einer B\u00fchne. In jungen Jahren begeisterte er sich f\u00fcr Koryph\u00e4en wie ELVIS, VICO TORRIANI und JULIO IGLESIAS. Als seine Familie in die Dominikanische Republik ausgewandert ist, als PASCAL Teenager war, lernte der sprachbegabte junge Mann schnell die spanische Sprache.<\/p>\n<p style=\"text-align: justify;\">Besonderen Erfolg hatte der sympathische S\u00e4nger in seiner neuen Heimat, wo er damals in 80 TV-Shows aufgetreten ist.<\/p>\n<p style=\"text-align: justify;\">Besondere Popularit\u00e4t erlangte er durch seine Teilnahme an der TV-Tournee des gro\u00dfen Senders Telemicro. \u201eTelerouta\u201c wurde dort ein gro\u00dfer Erfolg, so dass er sogar vom damaligen Pr\u00e4sidenten LEONEL FERNANDEZ zum Essen eingeladen wurde.<\/p>\n<p style=\"text-align: justify;\">Insbesondere sein in der Karibik ver\u00f6ffentlichtes Album \u201eSue\u00f1o Latino\u201c war ein gro\u00dfer kommerzieller Erfolg, so dass auch deutsche Plattenfirmen auf den erfolgreichen S\u00e4nger aufmerksam wurden. 2007 ver\u00f6ffentlichte er seinen Song \u201eThe Tale Of Lola\u201c, der es sogar in die Schweizer Single-Charts und in den \u201eFernsehgarten\u201c geschafft hat \u2013 noch unter dem Namen PASCAL G.<\/p>\n<p style=\"text-align: justify;\">2009 feierte PASCAL dann sein Schlagerdebut. Die Major Company Universal nahm den Frauenschwarm unter Vertrag. Auf dem Album \u201eSeilt\u00e4nzer\u201c sang PASCAL erstmals auf Deutsch \u2013 da durfte \u201eDas alles wegen Lola\u201c mit deutschem Text von GITTA WALTHER, bekannt aus der Damengruppe THE HORNETTES, nicht fehlen. Ebenfalls auf dem Album enthalten ist der Song \u201eTu mi coraz\u00f3n\u201c, mit dem PASCAL an der Schweizer Vorentscheidung zum Grand Prix der Volksmusik teilnahm.<\/p>\n<p style=\"text-align: justify;\">Ein Jahr sp\u00e4ter traf PASCAL den Musikproduzenten JACK WHITE \u2013 ein Treffen mit Folgen. WHITE nahm PASCAL, den er als jungen JULIO IGLESIAS ansah, unter Vertrag und f\u00f6rderte ihn nachhaltig. PASCAL SILVA, der fortan unter diesem Namen auftrat, trat in den gro\u00dfen Shows der Republik an \u2013 vom &#8222;Musikantenstadl&#8220; bis zum &#8222;Winterfest der fliegenden Stars&#8220; mit FLORIAN SILBEREISEN und von &#8222;Wenn die Musi spielt&#8220; bis zu &#8222;Immer wieder sonntags.&#8220;<\/p>\n<p style=\"text-align: justify;\">Im Jahr 2013 wurde PASCAL in der TV-Show &#8222;Willkommen bei CARMEN NEBEL&#8220; gar als &#8222;Shootingstar des Jahres 2013&#8220; gew\u00e4hlt. Seine Version von &#8222;Wenn ein Schiff vor\u00fcberf\u00e4hrt&#8220; wusste zu \u00fcberzeugen. \u2013 Und als sein Produzent JACK WHITE 2014 seinen Abschied bekannt gab, war es PASCAL SILVA, der gemeinsam mit ANITA &amp; ALEXANDRA HOFMANN und LENA VALAITIS dessen Abschiedssong intonierte.<\/p>\n<p style=\"text-align: justify;\">2016 ist er am renommierten Jazzfestival Ascona, zusammen mit seiner Schwester Ladyva, einer Top-Klavierspielerin, aufgetreten. Ein Jahr sp\u00e4ter trat er mit einer sehr originellen Version des Schlagerklassikers \u201eImmer wieder sonntags\u201c in einer Rock\u2019n\u2019Roll\/Motown-Version in Erscheinung.<\/p>\n<p style=\"text-align: justify;\">In diesem Jahr, 2017, absolvierte er erfolgreich die Handelsschule. Abgesehen von Song- und Videoproduktionen wie \u201eDe aqu\u00ed pa&#8216; lla\u201c hat sich PASCAL recht lange k\u00fcnstlerisch zur\u00fcckgezogen \u2013 zumindest aus der Wahrnehmung seiner Fans im deutschsprachigen Raum.<\/p>\n<p style=\"text-align: justify;\">Doch nun &#8211; genau genommen am 8. Juli 2022 &#8211; meldet sich der charismatische S\u00e4nger mit einer Single zur\u00fcck, die perfekt zu ihm passt. Um<em> welchen<\/em> Song es sich hierbei handelt, halten wir f\u00fcr den Moment noch unter Verschluss, um nicht irgendwelche &#8222;Trittbrettfahrer&#8220; zu inspirieren &#8230;<\/p>\n","protected":false},"excerpt":{"rendered":"<p>Im Herbst 2022 soll zudem ein neues Album von ihm auf den Markt kommen!<\/p>\n","protected":false},"author":2,"featured_media":184353,"comment_status":"open","ping_status":"closed","sticky":false,"template":"","format":"standard","meta":{"_FSMCFIC_featured_image_caption":"","_FSMCFIC_featured_image_nocaption":null,"_FSMCFIC_featured_image_hide":null},"categories":[28,39],"tags":[2541],"acf":[],"_links":{"self":[{"href":"https:\/\/smago.de\/ws2\/wp-json\/wp\/v2\/posts\/184352"}],"collection":[{"href":"https:\/\/smago.de\/ws2\/wp-json\/wp\/v2\/posts"}],"about":[{"href":"https:\/\/smago.de\/ws2\/wp-json\/wp\/v2\/types\/post"}],"author":[{"embeddable":true,"href":"https:\/\/smago.de\/ws2\/wp-json\/wp\/v2\/users\/2"}],"replies":[{"embeddable":true,"href":"https:\/\/smago.de\/ws2\/wp-json\/wp\/v2\/comments?post=184352"}],"version-history":[{"count":2,"href":"https:\/\/smago.de\/ws2\/wp-json\/wp\/v2\/posts\/184352\/revisions"}],"predecessor-version":[{"id":184355,"href":"https:\/\/smago.de\/ws2\/wp-json\/wp\/v2\/posts\/184352\/revisions\/184355"}],"wp:featuredmedia":[{"embeddable":true,"href":"https:\/\/smago.de\/ws2\/wp-json\/wp\/v2\/media\/184353"}],"wp:attachment":[{"href":"https:\/\/smago.de\/ws2\/wp-json\/wp\/v2\/media?parent=184352"}],"wp:term":[{"taxonomy":"category","embeddable":true,"href":"https:\/\/smago.de\/ws2\/wp-json\/wp\/v2\/categories?post=184352"},{"taxonomy":"post_tag","embeddable":true,"href":"https:\/\/smago.de\/ws2\/wp-json\/wp\/v2\/tags?post=184352"}],"curies":[{"name":"wp","href":"https:\/\/api.w.org\/{rel}","templated":true}]}}