{"id":184258,"date":"2022-06-03T15:09:42","date_gmt":"2022-06-03T13:09:42","guid":{"rendered":"https:\/\/smago.de\/ws2\/?p=184258"},"modified":"2022-06-03T15:10:50","modified_gmt":"2022-06-03T13:10:50","slug":"kim-fisher-u-a-heute-03-06-2022-in-der-ndr-talk-show-zu-gast","status":"publish","type":"post","link":"https:\/\/smago.de\/ws2\/pop-schlager\/kim-fisher-u-a-heute-03-06-2022-in-der-ndr-talk-show-zu-gast\/","title":{"rendered":"KIM FISHER u.a. <br>Heute (03.06.2022) in der &#8222;NDR Talk Show&#8220; (!!!) zu Gast!"},"content":{"rendered":"<p>NDR fernsehen + hr fernsehen, 22:00 Uhr &#8211; 00:00 Uhr! Moderation: J\u00f6rg Pilawa und Hubertus Meyer-Burckhardt!<br \/>\n<!--more--><\/p>\n<p>&nbsp;<\/p>\n<p>&nbsp;<\/p>\n<p>J\u00f6rg Pilawa und Hubertus Meyer-Burckhardt begr\u00fc\u00dfen in der &#8222;NDR Talk Show&#8220; aus Hamburg folgende G\u00e4ste &#8230;:<\/p>\n<p>&nbsp;<\/p>\n<p>&nbsp;<\/p>\n<p>&nbsp;<\/p>\n<ul style=\"text-align: justify;\">\n<li>Kim Fisher, S\u00e4ngerin und Moderatorin<\/li>\n<li>B\u00fclent Ceylan, Comedian<\/li>\n<li>Sascha Hehn, Schauspieler<\/li>\n<li>Michaela May, Schauspielerin<\/li>\n<li>Leontine Gr\u00e4fin von Schmettow, Journalistin und K\u00f6nigshausexpertin<\/li>\n<li>Silke und Sophie Backsen, Umwelt- und Klimaaktivistinnen<\/li>\n<li>Lucy Hellenbrecht, Schauspielerin und Transgender-Model<\/li>\n<\/ul>\n<p>&nbsp;<\/p>\n<p>&nbsp;<\/p>\n<p>&nbsp;<\/p>\n<p>&nbsp;<\/p>\n<p><strong>Kim Fisher, S\u00e4ngerin und Moderatorin<\/strong><\/p>\n<p>&nbsp;<\/p>\n<p>&nbsp;<\/p>\n<p style=\"text-align: justify;\">Kim Fisher ist ein Mulittalent. Sie kann singen, schreiben, moderieren und sehr lustig sein. Sie garantiert beste Unterhaltung, ob als Gastgeberin gro\u00dfer Preisverleihungen wie die Goldene Henne, im Rateteam der Show &#8222;Sag die Wahrheit&#8220; oder in der Talkshow &#8222;Riverboat&#8220;. Jetzt widmet sie sich wieder einer Leidenschaft, die sie schon ihr ganzes Leben begleitet: der Musik. Drei erfolgreiche Alben hat sie bereits in den 1990er-Jahren ver\u00f6ffentlicht, unter dem Titel &#8222;Was f\u00fcrs Leben&#8220; erscheint ein neues Werk mit 13 Songs, die das Lebensgef\u00fchl der Frauen um die 50 wiederspiegeln. In der &#8222;NDR Talk Show&#8220; erz\u00e4hlt die 53-J\u00e4hrige was sie gerade umtreibt und pr\u00e4sentiert den Song &#8222;Mehr&#8220; in einer unplugged Version.<\/p>\n<p>&nbsp;<\/p>\n<p>&nbsp;<\/p>\n<p>&nbsp;<\/p>\n<p>&nbsp;<\/p>\n<p><strong>B\u00fclent Ceylan, Comedian<\/strong><\/p>\n<p>&nbsp;<\/p>\n<p>&nbsp;<\/p>\n<p style=\"text-align: justify;\">Es gibt keinen Comedypreis, den B\u00fclent Ceylan im Laufe der letzten Jahre noch nicht bekommen hat. Dabei hat er sich seinen Weg in die erste Liga der Comedy-Szene m\u00fchsam erk\u00e4mpft: Zw\u00f6lf Jahre lang tourte der 46-J\u00e4hrige unerm\u00fcdlich mit seinen Programmen durch die Republik. Inzwischen ist der selbst ernannte Botschafter des Kurpf\u00e4lzer Dialektes und des &#8222;Monnemer&#8220; Lebensgef\u00fchls eine feste Gr\u00f6\u00dfe an der Spitze der deutschen Comedy-Landschaft. In seinem aktuellen Programm &#8222;Luschtobjekt&#8220;, seinem inzwischen zw\u00f6lften Live-Programm, geht es u.a. um F\u00fc\u00dfe, Autos, Smartphones und Langhaar- Fetischisten. Im September 2021 ver\u00f6ffentlichte der Superstar mit &#8222;Ankommen. Aber wo war ich eigentlich?&#8220; seine erste Biografie.<\/p>\n<p>&nbsp;<\/p>\n<p>&nbsp;<\/p>\n<p>&nbsp;<\/p>\n<p>&nbsp;<\/p>\n<p><strong>Sascha Hehn, Schauspieler<\/strong><\/p>\n<p>&nbsp;<\/p>\n<p>&nbsp;<\/p>\n<p style=\"text-align: justify;\">Der Mann war schon immer f\u00fcr eine \u00dcberraschung gut: Alexander Josef Alberto &#8222;Sascha&#8220; Hehn. Man kennt ihn vor allem in Rollen als Arzt oder Kapit\u00e4n. Nun steigt er aufs Pferd und spielt als &#8222;\u00d6lprinz&#8220; bei den diesj\u00e4hrigen Karl-May-Spielen eine Schl\u00fcsselrolle. Mit f\u00fcnf Jahren stand Hehn erstmals vor der Kamera. Mit zehn Jahren hat er schon in f\u00fcnf weiteren Filmen mitgespielt. In den 1970er-Jahren probierte er sich in der &#8222;Report&#8220;-Reihe im erotischen Fach aus, bevor er 1981 als Chefsteward Victor beim &#8222;Traumschiff&#8220; anheuerte. Wolfgang Rademann besetzte ihn dann auch gleich in der &#8222;Schwarzwaldklink&#8220;, was die Popularit\u00e4t des Schauspielers noch mehr steigerte. 2014 wurde Sascha Hehn dann zum Kapit\u00e4n auf dem Traumschiff bef\u00f6rdert, bis er 2019 das Steuer an Florian Silbereisen \u00fcbergab. Ab dem 25. Juni tr\u00e4gt er weder Arztkittel noch Kapit\u00e4nsuniform, sondern Cowboyhut und Flinte und gibt endlich auch mal den B\u00f6sewicht. Wie leicht ihm das f\u00e4llt und wie es um seine Reitk\u00fcnste steht, erz\u00e4hlt Sascha Hehn in der &#8222;NDR Talk Show&#8220;.<\/p>\n<p>&nbsp;<\/p>\n<p>&nbsp;<\/p>\n<p>&nbsp;<\/p>\n<p>&nbsp;<\/p>\n<p><strong>Michaela May, Schauspielerin<\/strong><\/p>\n<p>&nbsp;<\/p>\n<p style=\"text-align: justify;\">Michaela May steht f\u00fcr das Urm\u00fcnchnerische, f\u00fcr Bodenst\u00e4ndigkeit und schauspielerisches K\u00f6nnen. Seit ihrem 17. Lebensjahr steht sie auf der B\u00fchne, mit 22 Jahren erlebte sie dank der &#8222;M\u00fcnchner Geschichten&#8220; und &#8222;Monaco Franze&#8220; ihren Durchbruch. Heute ist sie eine der beliebtesten Schauspielerinnen Deutschlands. Dass aber auch in ihrem Leben nicht immer alles glatt gelaufen ist, verr\u00e4t die 70-J\u00e4hrige in ihrer Autobiografie &#8222;Hinter dem L\u00e4cheln&#8220;. In der &#8222;NDR Talk Show&#8220; spricht sie \u00fcber ihren Umgang mit Schicksalsschl\u00e4gen, ihr Engagement f\u00fcr alte Menschen und ihre unb\u00e4ndige Reiselust.<\/p>\n<p>&nbsp;<\/p>\n<p>&nbsp;<\/p>\n<p>&nbsp;<\/p>\n<p>&nbsp;<\/p>\n<p><strong>Leontine Gr\u00e4fin von Schmettow, Journalistin und K\u00f6nigshausexpertin<\/strong><\/p>\n<p>&nbsp;<\/p>\n<p>&nbsp;<\/p>\n<p style=\"text-align: justify;\">Die Journalistin und Filmautorin Leontine Gr\u00e4fin von Schmettow ist K\u00f6nigshausexpertin qua Geburt. Auch wenn sie nicht auf einem Schloss geboren wurde und auch nie auf einem gelebt hat, ist die Hannoveranerin durch ihre Familie in der Welt des Adels zu Hause. Ihren Ruf als royale Expertin hat sich die Historikerin durch ihre erfolgreichen Filme \u00fcber deutsche und europ\u00e4ische Adelsh\u00e4user erarbeitet. Am 2. Juni 2022 beginnen in Gro\u00dfbritannien die viert\u00e4gigen Feierlichkeiten zum 70. Thronjubil\u00e4um von Queen Elizabeth II. Die 96-J\u00e4hrige ist die erste britische Monarchin, die so lange Zeit regiert hat. In der &#8222;NDR Talk Show&#8220; gibt Leontine Gr\u00e4fin von Schmettow einen R\u00fcck- und einen Ausblick auf die britische Monarchie und erz\u00e4hlt, wie\u00a0die Briten das &#8222;Platinum Jubilee&#8220; ihrer K\u00f6nigin feiern. Au\u00dferdem wird sie verraten, wann Prinz William, der im Juni 40 Jahre alt wird, sich Hoffnung auf den Thron machen kann.<\/p>\n<p>&nbsp;<\/p>\n<p>&nbsp;<\/p>\n<p>&nbsp;<\/p>\n<p>&nbsp;<\/p>\n<p><strong>Silke und Sophie Backsen, Umwelt- und Klimaaktivistinnen<\/strong><\/p>\n<p>&nbsp;<\/p>\n<p>&nbsp;<\/p>\n<p style=\"text-align: justify;\">Sie streiten und k\u00e4mpfen f\u00fcr ihre Heimat: die 52-j\u00e4hrige Biologin und Natursch\u00fctzerin Silke Backsen und ihre 22-j\u00e4hrige Tochter Sophie, Studierende der Agrarwissenschaft und Klimaaktivistin. Denn auf der Nordseeinsel Pellworm, wo Familie Backsen einen \u00f6kologischen Bauernhof betreibt, sind die Auswirkungen des Klimawandels besonders sp\u00fcrbar. Die Insel liegt bereits heute einen Meter unter dem Meeresspiegel. Silke Backsen, Mutter von drei Kindern, zog bereits 2019 f\u00fcr eine bessere Klimapolitik vor Gericht, aber Erfolg hatte erst ihre Tochter Sophie, als sie 2021 ein historisches Urteil erwirkte. In ihrem Buch &#8222;Butter bei die Fische. Wie wir von Pellworm aus die Klimapolitik ver\u00e4ndert haben&#8220; und in der &#8222;NDR Talk Show&#8220; berichten Mutter und Tochter \u00fcber ihren Kampf gegen den Klimawandel, erz\u00e4hlen \u00fcber ihren Alltag auf Pellworm und wie sie ihre Zukunft auf der Insel sehen.<\/p>\n<p>&nbsp;<\/p>\n<p>&nbsp;<\/p>\n<p>&nbsp;<\/p>\n<p>&nbsp;<\/p>\n<p><strong>Lucy Hellenbrecht, Schauspielerin und Transgender-Model<\/strong><\/p>\n<p>&nbsp;<\/p>\n<p>&nbsp;<\/p>\n<p style=\"text-align: justify;\">Lucy Hellenbrecht ist die erste Transgender, die eine Rolle in der ARD-Telenovela &#8222;Rote Rosen&#8220; erh\u00e4lt. Sie spielt darin die Tochter der &#8222;Hauptrose&#8220; Sandra (Darstellerin: Theresa H\u00fcbchen), die sich in den Sohn des Lebensgef\u00e4hrten ihrer Mutter verliebt. Der ahnt zun\u00e4chst nicht, dass sie trans ist. Es ist die erste TV-Rolle f\u00fcr die 23-j\u00e4hrige Lucy Hellenbrecht, die vor zwei Jahren als Kandidatin der TV-Show &#8222;Germany \u0301s Next Topmodel&#8220; bekannt wurde. Lucy wurde 1998 als Junge namens Luca in Kassel geboren. Mit 18 Jahren outete sie sich als transsexuell und begann mit geschlechtsangleichenden Ma\u00dfnahmen. Ende 2020 lie\u00df Lucy ihre prim\u00e4ren Geschlechtsteile in zwei chirurgischen Eingriffen von m\u00e4nnlich in weiblich operieren. Auf ihrem Instagram-Account und in YouTube-Videos spricht sie offen \u00fcber ihre Wandlung vom Mann zur Frau, wirbt f\u00fcr Respekt und Toleranz und will damit jungen Transmenschen Mut machen.<\/p>\n<p>&nbsp;<\/p>\n<p>&nbsp;<\/p>\n<p>&nbsp;<\/p>\n<p>&nbsp;<\/p>\n<p style=\"text-align: justify;\"><strong>Mal am\u00fcsant, mal streithaft, mal nachdenklich. Immer lebendig und im besten Sinne des Wortes interessant. Eine Institution unter Deutschlands Talkshows, ein Klassiker eben. Seit 30 Jahren das Unterhaltungs-Flaggschiff des NDR fernsehens.<\/strong><\/p>\n<p>&nbsp;<\/p>\n<p>&nbsp;<\/p>\n<figure id=\"attachment_121799\" aria-describedby=\"caption-attachment-121799\" style=\"width: 1000px\" class=\"wp-caption alignnone\"><img decoding=\"async\" loading=\"lazy\" class=\"size-full wp-image-121799\" src=\"https:\/\/smago.de\/ws2\/wp-content\/uploads\/2018\/11\/ndrtalk.jpg\" alt=\"\" width=\"1000\" height=\"571\" srcset=\"https:\/\/smago.de\/ws2\/wp-content\/uploads\/2018\/11\/ndrtalk.jpg 1000w, https:\/\/smago.de\/ws2\/wp-content\/uploads\/2018\/11\/ndrtalk-300x171.jpg 300w, https:\/\/smago.de\/ws2\/wp-content\/uploads\/2018\/11\/ndrtalk-768x439.jpg 768w, https:\/\/smago.de\/ws2\/wp-content\/uploads\/2018\/11\/ndrtalk-870x497.jpg 870w, https:\/\/smago.de\/ws2\/wp-content\/uploads\/2018\/11\/ndrtalk-292x167.jpg 292w, https:\/\/smago.de\/ws2\/wp-content\/uploads\/2018\/11\/ndrtalk-510x290.jpg 510w, https:\/\/smago.de\/ws2\/wp-content\/uploads\/2018\/11\/ndrtalk-779x445.jpg 779w\" sizes=\"(max-width: 1000px) 100vw, 1000px\" \/><figcaption id=\"caption-attachment-121799\" class=\"wp-caption-text\"><em>Foto-Credit: NDR<\/em><\/figcaption><\/figure>\n","protected":false},"excerpt":{"rendered":"<p>NDR fernsehen + hr fernsehen, 22:00 Uhr &#8211; 00:00 Uhr! Moderation: J\u00f6rg Pilawa und Hubertus Meyer-Burckhardt!<\/p>\n","protected":false},"author":2,"featured_media":121799,"comment_status":"open","ping_status":"closed","sticky":false,"template":"","format":"standard","meta":{"_FSMCFIC_featured_image_caption":"","_FSMCFIC_featured_image_nocaption":null,"_FSMCFIC_featured_image_hide":null},"categories":[28,128],"tags":[254],"acf":[],"_links":{"self":[{"href":"https:\/\/smago.de\/ws2\/wp-json\/wp\/v2\/posts\/184258"}],"collection":[{"href":"https:\/\/smago.de\/ws2\/wp-json\/wp\/v2\/posts"}],"about":[{"href":"https:\/\/smago.de\/ws2\/wp-json\/wp\/v2\/types\/post"}],"author":[{"embeddable":true,"href":"https:\/\/smago.de\/ws2\/wp-json\/wp\/v2\/users\/2"}],"replies":[{"embeddable":true,"href":"https:\/\/smago.de\/ws2\/wp-json\/wp\/v2\/comments?post=184258"}],"version-history":[{"count":2,"href":"https:\/\/smago.de\/ws2\/wp-json\/wp\/v2\/posts\/184258\/revisions"}],"predecessor-version":[{"id":184260,"href":"https:\/\/smago.de\/ws2\/wp-json\/wp\/v2\/posts\/184258\/revisions\/184260"}],"wp:featuredmedia":[{"embeddable":true,"href":"https:\/\/smago.de\/ws2\/wp-json\/wp\/v2\/media\/121799"}],"wp:attachment":[{"href":"https:\/\/smago.de\/ws2\/wp-json\/wp\/v2\/media?parent=184258"}],"wp:term":[{"taxonomy":"category","embeddable":true,"href":"https:\/\/smago.de\/ws2\/wp-json\/wp\/v2\/categories?post=184258"},{"taxonomy":"post_tag","embeddable":true,"href":"https:\/\/smago.de\/ws2\/wp-json\/wp\/v2\/tags?post=184258"}],"curies":[{"name":"wp","href":"https:\/\/api.w.org\/{rel}","templated":true}]}}