{"id":184211,"date":"2022-06-03T07:16:16","date_gmt":"2022-06-03T05:16:16","guid":{"rendered":"https:\/\/smago.de\/ws2\/?p=184211"},"modified":"2022-06-03T08:29:33","modified_gmt":"2022-06-03T06:29:33","slug":"claudia-jung-claudia-jung-behauptet-sich-mit-tuer-an-tuer-auf-platz-1-der-radio-charts-deutschland-konservativ-pop","status":"publish","type":"post","link":"https:\/\/smago.de\/ws2\/schlager\/claudia-jung-claudia-jung-behauptet-sich-mit-tuer-an-tuer-auf-platz-1-der-radio-charts-deutschland-konservativ-pop\/","title":{"rendered":"CLAUDIA JUNG <br>Claudia Jung behauptet sich mit &#8222;T\u00fcr an T\u00fcr&#8220; auf Platz 1 der Radio Charts &#8222;Deutschland Konservativ Pop&#8220;!"},"content":{"rendered":"<p>Und das gegen h\u00e4rteste Konkurrenz (Andrea Berg, Matthias Reim, Roland Kaiser, &#8230;)!<br \/>\n<!--more--><\/p>\n<p>&nbsp;<\/p>\n<p style=\"text-align: justify;\">CLAUDIA JUNG schwimmt wieder ganz obenauf &#8230;: Ihr aktueller Titel &#8222;T\u00fcr an T\u00fcr&#8220; konnte sich auch in der 22. Chart-Woche 2022 (Erhebungszeitraum: 27.05. &#8211; 02.06.) auf Platz 1 der Radio Charts &#8222;Deutschland Konservativ Pop&#8220; behaupten. Und das gegen h\u00e4rteste Konkurrenz (Andrea Berg, Matthias Reim, Roland Kaiser und viele andere mehr).<\/p>\n<p>In den \u00a0internationalen Airplay Charts musste sie zwar einen Platz einb\u00fc\u00dfen, mit Position 93 liegt sie jedoch klar vor Andrea Berg (&#8222;Ich w\u00fcrd&#8217;s wieder tun&#8220;; #96), Matthias Reim (&#8222;Bon voyage&#8220;; #97). Der Vollst\u00e4ndigkeit halber sei noch hinzugef\u00fcgt, dass Roland Kaiser mit &#8222;Gegen die Liebe kommt man nicht an&#8220; Rang 101 belegt.\u00a0<small><\/small><\/p>\n<p style=\"text-align: justify;\">Tobias Reitz, der den Titel &#8222;T\u00fcr an T\u00fcr&#8220; gemeinsam mit Edith Jeske getextet hat, war gestern Abend (02.06.2022) in der &#8222;Wabe&#8220; in Berlin im Rahmen der Reihe\u00a0\u201cBielfeldts Begegnungen\u201d zu Gast (und gab &#8211; zwischen den Talks &#8211; auch einige Gesangseinlagen!). In seiner Bescheidenheit erw\u00e4hnte Tobias Reitz nicht, dass er aktuell wieder &#8211; als Textdichter (mit Edith Jeske) &#8211; auf Platz 1 der Radio Charts &#8222;Deutschland Konservativ Pop&#8220; steht.<\/p>\n<p>Die Komposition besorgten Claudia Jungs langj\u00e4hrige Weggef\u00e4hrten Achim Radloff und Hans Singer, mit dem sie zudem seit vielen Jahren gl\u00fccklich verheiratet ist. Hans Singer fungierte auch als Produzent, Achim Radloff als Co-Produzent. Und so ganz nebenbei sei an dieser Stelle nochmals erw\u00e4hnt, dass Achim Radloff u. a. der musikalische Direktor der Roland Kaiser Band ist.<\/p>\n<p style=\"text-align: justify;\">&#8222;T\u00fcr an T\u00fcr&#8220; ist auf dem hauseigenen Label &#8222;PlatinMond Media GmbH&#8220; von Claudia Jung und Hans Singer erschienen.<\/p>\n<p>&nbsp;<\/p>\n<p>&nbsp;<\/p>\n<p><img decoding=\"async\" loading=\"lazy\" class=\"alignnone size-large wp-image-183181\" src=\"https:\/\/smago.de\/ws2\/wp-content\/uploads\/2022\/05\/jung_tuer_back-800x800.jpeg\" alt=\"\" width=\"800\" height=\"800\" srcset=\"https:\/\/smago.de\/ws2\/wp-content\/uploads\/2022\/05\/jung_tuer_back-800x800.jpeg 800w, https:\/\/smago.de\/ws2\/wp-content\/uploads\/2022\/05\/jung_tuer_back-522x522.jpeg 522w, https:\/\/smago.de\/ws2\/wp-content\/uploads\/2022\/05\/jung_tuer_back-150x150.jpeg 150w, https:\/\/smago.de\/ws2\/wp-content\/uploads\/2022\/05\/jung_tuer_back-768x768.jpeg 768w, https:\/\/smago.de\/ws2\/wp-content\/uploads\/2022\/05\/jung_tuer_back-1536x1536.jpeg 1536w, https:\/\/smago.de\/ws2\/wp-content\/uploads\/2022\/05\/jung_tuer_back-2048x2048.jpeg 2048w, https:\/\/smago.de\/ws2\/wp-content\/uploads\/2022\/05\/jung_tuer_back-272x272.jpeg 272w, https:\/\/smago.de\/ws2\/wp-content\/uploads\/2022\/05\/jung_tuer_back-600x600.jpeg 600w, https:\/\/smago.de\/ws2\/wp-content\/uploads\/2022\/05\/jung_tuer_back-130x130.jpeg 130w, https:\/\/smago.de\/ws2\/wp-content\/uploads\/2022\/05\/jung_tuer_back-445x445.jpeg 445w, https:\/\/smago.de\/ws2\/wp-content\/uploads\/2022\/05\/jung_tuer_back-190x190.jpeg 190w, https:\/\/smago.de\/ws2\/wp-content\/uploads\/2022\/05\/jung_tuer_back-290x290.jpeg 290w\" sizes=\"(max-width: 800px) 100vw, 800px\" \/><\/p>\n","protected":false},"excerpt":{"rendered":"<p>Und das gegen h\u00e4rteste Konkurrenz (Andrea Berg, Matthias Reim, Roland Kaiser, &#8230;)!<\/p>\n","protected":false},"author":2,"featured_media":183182,"comment_status":"open","ping_status":"closed","sticky":false,"template":"","format":"standard","meta":{"_FSMCFIC_featured_image_caption":"","_FSMCFIC_featured_image_nocaption":null,"_FSMCFIC_featured_image_hide":null},"categories":[29,39],"tags":[77],"acf":[],"_links":{"self":[{"href":"https:\/\/smago.de\/ws2\/wp-json\/wp\/v2\/posts\/184211"}],"collection":[{"href":"https:\/\/smago.de\/ws2\/wp-json\/wp\/v2\/posts"}],"about":[{"href":"https:\/\/smago.de\/ws2\/wp-json\/wp\/v2\/types\/post"}],"author":[{"embeddable":true,"href":"https:\/\/smago.de\/ws2\/wp-json\/wp\/v2\/users\/2"}],"replies":[{"embeddable":true,"href":"https:\/\/smago.de\/ws2\/wp-json\/wp\/v2\/comments?post=184211"}],"version-history":[{"count":2,"href":"https:\/\/smago.de\/ws2\/wp-json\/wp\/v2\/posts\/184211\/revisions"}],"predecessor-version":[{"id":184213,"href":"https:\/\/smago.de\/ws2\/wp-json\/wp\/v2\/posts\/184211\/revisions\/184213"}],"wp:featuredmedia":[{"embeddable":true,"href":"https:\/\/smago.de\/ws2\/wp-json\/wp\/v2\/media\/183182"}],"wp:attachment":[{"href":"https:\/\/smago.de\/ws2\/wp-json\/wp\/v2\/media?parent=184211"}],"wp:term":[{"taxonomy":"category","embeddable":true,"href":"https:\/\/smago.de\/ws2\/wp-json\/wp\/v2\/categories?post=184211"},{"taxonomy":"post_tag","embeddable":true,"href":"https:\/\/smago.de\/ws2\/wp-json\/wp\/v2\/tags?post=184211"}],"curies":[{"name":"wp","href":"https:\/\/api.w.org\/{rel}","templated":true}]}}