{"id":183993,"date":"2022-06-07T00:00:24","date_gmt":"2022-06-06T22:00:24","guid":{"rendered":"https:\/\/smago.de\/ws2\/?p=183993"},"modified":"2022-06-06T19:23:55","modified_gmt":"2022-06-06T17:23:55","slug":"maibritt-francine-jordi-supportet-maibritt","status":"publish","type":"post","link":"https:\/\/smago.de\/ws2\/pop-schlager\/maibritt-francine-jordi-supportet-maibritt\/","title":{"rendered":"MAIBRITT <br>Francine Jordi supportet Maibritt!"},"content":{"rendered":"<p>Nach Schlagerpause das Comeback!<br \/>\n<!--more--><\/p>\n<p>&nbsp;<\/p>\n<p>&nbsp;<\/p>\n<p style=\"text-align: justify;\">MAIBRITTs Leben zwischen Hamburg und Wien hat nun ein Ende. Die nun 19-j\u00e4hrige S\u00e4ngerin Maibritt \u2013 \u201eDie Stimme aus dem Marchfeld\u201c beschreitet nun neue Wege und kehrt zur\u00fcck in den Popschlager, mit dem sie wieder volle Fahrt aufnimmt.<\/p>\n<p style=\"text-align: justify;\"><span style=\"font-weight: 400;\">Vor \u00fcber einem Jahr ging ein gro\u00dfer und langersehnter Traum in Erf\u00fcllung, denn von mehr als 600 Kandidatinnen gewann die damals 18-J\u00e4hrige das von RTL begleitete Casting im Hamburger Volksparkstadion und wurde an der Seite von S\u00e4nger Crist\u00f3bal (Musical Director von Pietro Lombardi) die Euro-Latin-Pop-Queen des Duos Pachanta.<\/span><\/p>\n<p>&nbsp;<\/p>\n<p>&nbsp;<\/p>\n<p>&nbsp;<\/p>\n<p>&nbsp;<\/p>\n<p style=\"text-align: justify;\"><b>Das Schicksal wollte es anders<\/b><\/p>\n<p>&nbsp;<\/p>\n<p>&nbsp;<\/p>\n<p style=\"text-align: justify;\"><span style=\"font-weight: 400;\">\u201eMein musikalischer Weg in Deutschland hat nicht hundertprozentig gepasst, weswegen ich mich umorientiert habe. Es ging eine lange aber wohl\u00fcberlegte Entscheidung voran, die mir nicht leichtgefallen ist, denn ich durfte viele tolle Menschen und Profis aus der Show- und Musikbranche kennenlernen und mit diesen zusammenarbeiten. Reich an Erfahrungen bin ich nun zur\u00fcck in meiner Heimat und arbeite mit voller Freude an meinem Comeback sowie an meinem neuen Schlager-Showprogramm, berichtet Maibritt und erg\u00e4nzt weiter: \u201enebenbei bin ich auch noch im Studio zum Songwriten f\u00fcr mich und auch f\u00fcr einige andere K\u00fcnstlerInnen, wie zum Beispiel die deutsche Popschlagers\u00e4ngerin Miri Leonardo, die \u00f6sterreichische Pops\u00e4ngerin Arina (ehemals Leads\u00e4ngerin von Band \u201eDie Draufg\u00e4nger\u201c) und die Schlagerstars Francine Jordi und Ross Antony.\u201c\u00a0<\/span><\/p>\n<p>&nbsp;<\/p>\n<p>&nbsp;<\/p>\n<p>&nbsp;<\/p>\n<p>&nbsp;<\/p>\n<p style=\"text-align: justify;\"><b>Maibritt live erleben<\/b><\/p>\n<p>&nbsp;<\/p>\n<p>&nbsp;<\/p>\n<p style=\"text-align: justify;\"><span style=\"font-weight: 400;\">Im Rahmen der Nieder\u00f6sterreichischen Landesausstellung 2022 war Maibritt, die \u201eStimme aus dem Marchfeld\u201c am 12. Mai zum \u201eMarchfeldtag\u201c in der Wiener Innenstadt und \u00f6ffnete erstmals ihre Schlagerkiste. Beinah eine Stunde lang sorgte die erst 19-j\u00e4hrige Popschlager-S\u00e4ngerin f\u00fcr beste \u201eGute Laune-Stimmung\u201c.\u00a0<\/span><\/p>\n<p style=\"text-align: justify;\"><span style=\"font-weight: 400;\">\u00a0<\/span><span style=\"font-weight: 400;\">F\u00fcr alle Fans der Schlagermusik gab es am 28. Mai 2022 Maibritt abermals live auf der Open-Air-B\u00fchne des beliebten \u201eSpargelfestes\u201c in Deutsch Wagram. Zwischen den Auftritten von Schlagerikone Francine Jordi und ORF-Moderator und S\u00e4nger Nobert Oberhauser sang Maibritt ebenso wieder ihr volles Schlagerprogramm. Auch das ORF-Landesstudio Nieder\u00f6sterreich war erstmals mit \u201eRadio 4\/4\u201c vor Ort vertreten und \u00fcbertrug live. Maibritt gab dem bekannten Radiomoderator, Thomas Schwarzmann, ein Exklusiv-Interview sowie einige gesangliche Kostproben ihrer eigenen Songs.<\/span><\/p>\n<p>&nbsp;<\/p>\n<p>&nbsp;<\/p>\n<p>&nbsp;<\/p>\n<p>&nbsp;<\/p>\n<p style=\"text-align: justify;\"><b>Maibritt schreibt f\u00fcr die Schlager-Elite<\/b><\/p>\n<p>&nbsp;<\/p>\n<p>&nbsp;<\/p>\n<p style=\"text-align: justify;\"><span style=\"font-weight: 400;\"><em>\u201eIch freue mich sehr, Francine am 28. Mai wiederzusehen\u201c,<\/em> meinte Maibritt im Vorfeld des Auftritts. <em>\u201eIch durfte ja f\u00fcr die beiden Superstars Francine Jordi und Ross Antony gemeinsam mit Lukas Lach ihren aktuellen Titel \u2018In allen Farben\u2018 schreiben, der nun aktuell auf Platz 2 in den \u00d6sterreichischen Airplay-Charts ist und bereits in der Ross Antony-Show sowie auch in der \u2018Beatrice Egli-Show\u2018 einem gro\u00dfen Fernsehpublikum pr\u00e4sentiert wurde\u201c,<\/em> berichtet Maibritt stolz. \u201eIn allen Farben\u201c erz\u00e4hlt von Akzeptanz, Frieden und Zusammenhalt. Im Song singen Francine und Ross: \u201eWir kreieren eine Welt, die verdammt nochmal nur Gutes tut.\u201c Gerade jetzt in diesen unsicheren Zeiten eine passende und leider notwendige Botschaft und jetzt hatte Maibritt die besondere Ehre diesen Titel gemeinsam mit Francine Jordi beim Spargelfest 2022 zu performen.<\/span><\/p>\n<p style=\"text-align: justify;\"><span style=\"font-weight: 400;\">Mit bereits drei ver\u00f6ffentlichten erfolgreichen Songs von ihr als Songwriterin kann die S\u00e4ngerin auf ein weiteres Standbein in der Musik setzen. Im Herbst wird sie selbst eine neue Single auf den Markt bringen und alle ihre Songs k\u00fcnftig selbst schreiben.\u00a0<\/span><\/p>\n<p style=\"text-align: justify;\"><span style=\"font-weight: 400;\">Neben ihren musikalischen Verpflichtungen unterst\u00fctzt sie als Obfrau ihres eigenen Hilfsvereins \u201e2WeltenKinder\u201c Kinder aus Alleinerzieher-Haushalten.<\/span><\/p>\n<p>&nbsp;<\/p>\n<p>&nbsp;<\/p>\n<figure id=\"attachment_184000\" aria-describedby=\"caption-attachment-184000\" style=\"width: 534px\" class=\"wp-caption alignnone\"><img decoding=\"async\" loading=\"lazy\" class=\"size-large wp-image-184000\" src=\"https:\/\/smago.de\/ws2\/wp-content\/uploads\/2092\/05\/Harald_Sahling_000071-534x800.jpeg\" alt=\"\" width=\"534\" height=\"800\" srcset=\"https:\/\/smago.de\/ws2\/wp-content\/uploads\/2092\/05\/Harald_Sahling_000071-534x800.jpeg 534w, https:\/\/smago.de\/ws2\/wp-content\/uploads\/2092\/05\/Harald_Sahling_000071-348x522.jpeg 348w, https:\/\/smago.de\/ws2\/wp-content\/uploads\/2092\/05\/Harald_Sahling_000071-100x150.jpeg 100w, https:\/\/smago.de\/ws2\/wp-content\/uploads\/2092\/05\/Harald_Sahling_000071-768x1151.jpeg 768w, https:\/\/smago.de\/ws2\/wp-content\/uploads\/2092\/05\/Harald_Sahling_000071-1025x1536.jpeg 1025w, https:\/\/smago.de\/ws2\/wp-content\/uploads\/2092\/05\/Harald_Sahling_000071-1367x2048.jpeg 1367w, https:\/\/smago.de\/ws2\/wp-content\/uploads\/2092\/05\/Harald_Sahling_000071-181x272.jpeg 181w, https:\/\/smago.de\/ws2\/wp-content\/uploads\/2092\/05\/Harald_Sahling_000071-400x600.jpeg 400w, https:\/\/smago.de\/ws2\/wp-content\/uploads\/2092\/05\/Harald_Sahling_000071-87x130.jpeg 87w, https:\/\/smago.de\/ws2\/wp-content\/uploads\/2092\/05\/Harald_Sahling_000071-297x445.jpeg 297w, https:\/\/smago.de\/ws2\/wp-content\/uploads\/2092\/05\/Harald_Sahling_000071-127x190.jpeg 127w, https:\/\/smago.de\/ws2\/wp-content\/uploads\/2092\/05\/Harald_Sahling_000071-194x290.jpeg 194w, https:\/\/smago.de\/ws2\/wp-content\/uploads\/2092\/05\/Harald_Sahling_000071.jpeg 1536w\" sizes=\"(max-width: 534px) 100vw, 534px\" \/><figcaption id=\"caption-attachment-184000\" class=\"wp-caption-text\"><em>Foto-Credit: Harald Sahling<\/em><\/figcaption><\/figure>\n","protected":false},"excerpt":{"rendered":"<p>Nach Schlagerpause das Comeback!<\/p>\n","protected":false},"author":2,"featured_media":184000,"comment_status":"open","ping_status":"closed","sticky":false,"template":"","format":"standard","meta":{"_FSMCFIC_featured_image_caption":"","_FSMCFIC_featured_image_nocaption":null,"_FSMCFIC_featured_image_hide":null},"categories":[28],"tags":[202,2527],"acf":[],"_links":{"self":[{"href":"https:\/\/smago.de\/ws2\/wp-json\/wp\/v2\/posts\/183993"}],"collection":[{"href":"https:\/\/smago.de\/ws2\/wp-json\/wp\/v2\/posts"}],"about":[{"href":"https:\/\/smago.de\/ws2\/wp-json\/wp\/v2\/types\/post"}],"author":[{"embeddable":true,"href":"https:\/\/smago.de\/ws2\/wp-json\/wp\/v2\/users\/2"}],"replies":[{"embeddable":true,"href":"https:\/\/smago.de\/ws2\/wp-json\/wp\/v2\/comments?post=183993"}],"version-history":[{"count":4,"href":"https:\/\/smago.de\/ws2\/wp-json\/wp\/v2\/posts\/183993\/revisions"}],"predecessor-version":[{"id":184002,"href":"https:\/\/smago.de\/ws2\/wp-json\/wp\/v2\/posts\/183993\/revisions\/184002"}],"wp:featuredmedia":[{"embeddable":true,"href":"https:\/\/smago.de\/ws2\/wp-json\/wp\/v2\/media\/184000"}],"wp:attachment":[{"href":"https:\/\/smago.de\/ws2\/wp-json\/wp\/v2\/media?parent=183993"}],"wp:term":[{"taxonomy":"category","embeddable":true,"href":"https:\/\/smago.de\/ws2\/wp-json\/wp\/v2\/categories?post=183993"},{"taxonomy":"post_tag","embeddable":true,"href":"https:\/\/smago.de\/ws2\/wp-json\/wp\/v2\/tags?post=183993"}],"curies":[{"name":"wp","href":"https:\/\/api.w.org\/{rel}","templated":true}]}}