{"id":183701,"date":"2022-05-26T23:59:37","date_gmt":"2022-05-26T21:59:37","guid":{"rendered":"https:\/\/smago.de\/ws2\/?p=183701"},"modified":"2022-05-24T16:18:09","modified_gmt":"2022-05-24T14:18:09","slug":"mirja-boes-jan-delay-u-a-fr-27-05-2022-in-der-ndr-talk-show-zu-gast","status":"publish","type":"post","link":"https:\/\/smago.de\/ws2\/comedy\/mirja-boes-jan-delay-u-a-fr-27-05-2022-in-der-ndr-talk-show-zu-gast\/","title":{"rendered":"MIRJA BOES, JAN DELAY u.a. <br>Fr. (27.05.2022) in der &#8222;NDR Talk Show&#8220; zu Gast!"},"content":{"rendered":"<p style=\"text-align: justify;\">NDR fernsehen + hr fernsehen! Moderation: Bettina Tietjen und J\u00f6rg Pilawa!<br \/>\n<!--more--><\/p>\n<p style=\"text-align: justify;\">\n<p style=\"text-align: justify;\">\n<p style=\"text-align: justify;\">Bettina Tietjen und J\u00f6rg Pilawa begr\u00fc\u00dfen in der &#8222;NDR Talk Show&#8220; aus Hamburg folgende G\u00e4ste &#8230;:<\/p>\n<p style=\"text-align: justify;\">\n<p style=\"text-align: justify;\">\n<p style=\"text-align: justify;\">\n<div class=\"contentimage w50\" style=\"text-align: justify;\">\n<h2>Mirja Boes, Komikerin<\/h2>\n<p>&nbsp;<\/p>\n<\/div>\n<p style=\"text-align: justify;\">Komik und Kulinarisches liegen bei ihr nah beieinander: Mirja Boes, eine der beliebtesten deutschen Comediennes, machte sich als &#8222;M\u00f6hre&#8220; auf den Ballermann-B\u00fchnen Mallorcas einen Namen. Sp\u00e4ter zog sie in die Fernseh-WG von Ralf Schmitz und Markus Majowski ein, die als &#8222;Die Dreisten Drei&#8220; ein gro\u00dfes TV-Publikum am\u00fcsierten. Boes ist neben ihren eigenen B\u00fchnenauftritten als Koch-Show-Jurorin im Einsatz und hat ein Restaurant in Essen. In ihrem neuen Buch &#8222;Es ist nicht alles Mett, was gl\u00e4nzt&#8220; nimmt sie uns mit auf eine kulinarische Reise durch ihr Leben. In der NDR Talk Show wird sie in Erinnerungen an Fernsehabende mit ihrem Bruder bei Spiegelei mit Zwiebeln und Nuss-Nougat-Toast schwelgen.<\/p>\n<p style=\"text-align: justify;\">\n<p style=\"text-align: justify;\">\n<p style=\"text-align: justify;\">\n<p style=\"text-align: justify;\">\n<h2 style=\"text-align: justify;\">Dr. Hans-Wilhelm M\u00fcller-Wohlfahrt, Orthop\u00e4de und Sportmediziner<\/h2>\n<div class=\"contentimage w50\" style=\"text-align: justify;\"><\/div>\n<div style=\"text-align: justify;\"><\/div>\n<div style=\"text-align: justify;\"><\/div>\n<p style=\"text-align: justify;\">Der geb\u00fcrtige Ostfriese Dr. M\u00fcller-Wohlfahrt gilt als einer der besten Sportmediziner der Welt. 40 Jahre lang war er Mannschaftsarzt des FC Bayern M\u00fcnchen, ab 1995 betreut er die Fu\u00dfball-Nationalmannschaft. Seine Telefonnummer wird im Sport und in der Musikwelt hei\u00df gehandelt, denn seinen H\u00e4nden werden magische Kr\u00e4fte zugesprochen. Zu seinem Patientenkreis geh\u00f6ren Boris Becker, Herbert Gr\u00f6nemeyer, aber auch internationale Stars wie Bono von U2 oder Eric Clapton. Nun hat der ber\u00fchmte Orthop\u00e4de sich ein ambitioniertes Ziel gesetzt: Er will die Gesellschaft in Bewegung bringen, denn er wei\u00df, wer sich nicht bewegt, lebt gef\u00e4hrlich. Bewegung ist der Schl\u00fcssel f\u00fcr unsere k\u00f6rperliche und mentale Gesundheit. Was die Wissenschaft unter dem Begriff &#8222;Sitting Disease&#8220; versteht, wie verbreitet diese Krankheit ist und wie Muskeln und Gehirn voneinander profitieren k\u00f6nnen, erz\u00e4hlt Dr. M\u00fcller-Wohlfahrt in der NDR Talk Show.<\/p>\n<p style=\"text-align: justify;\">\n<p style=\"text-align: justify;\">\n<p style=\"text-align: justify;\">\n<p style=\"text-align: justify;\">\n<h2 style=\"text-align: justify;\">Jan Delay, Musiker<\/h2>\n<div class=\"contentbox halb \" style=\"text-align: justify;\">\n<div class=\"teaser\">\n<div class=\"teaserimage\"><\/div>\n<div class=\"teaserpadding\">\n<div class=\"teasertext\">\n<p>&nbsp;<\/p>\n<\/div>\n<\/div>\n<\/div>\n<\/div>\n<p style=\"text-align: justify;\">\n<p style=\"text-align: justify;\">Jan Delay ist einer der erfolgreichsten Musiker des ganzen Landes. Der Hamburger, Jahrgang 1976, wuchs in einem Eppendorfer Wohnprojekt auf. Die Plattensammlung seiner Eltern machte den sp\u00e4teren HipHop-, Reggae-, Rock- und Funk-Star schon fr\u00fch zum musikalischen Experten. Ab den 90er-Jahren feierte er mit der HipHop-Combo &#8222;Beginner&#8220; so gro\u00dfe Erfolge, dass er Hamburg zum Zentrum des deutschen Sprechgesangs machte. Seit mehr als 20 Jahren ist der leidenschaftliche Werder Bremen-Fan als Solo-K\u00fcnstler unterwegs, hat dabei s\u00e4mtliche Genres erobert und Preise vom &#8222;Krawattenmann des Jahres&#8220; bis zum Echo als &#8222;Bester K\u00fcnstler&#8220; abger\u00e4umt. Anfang Juni erscheint sein Live-Album &#8222;Earth, Wind &amp; Feiern&#8220;. In der NDR Talk Show wird der Musiker dar\u00fcber sprechen und erz\u00e4hlen, woher sein Engagement f\u00fcr politische und soziale Themen kommt und warum er f\u00fcr seine kleine Tochter vor zwei Jahren den F\u00fchrerschein gemacht hat.<\/p>\n<p style=\"text-align: justify;\">\n<p style=\"text-align: justify;\">\n<p style=\"text-align: justify;\">\n<p style=\"text-align: justify;\">\n<h2 style=\"text-align: justify;\">J\u00f6rg Pollmann, Hafenkapit\u00e4n<\/h2>\n<div class=\"contentimage w50\" style=\"text-align: justify;\"><\/div>\n<p style=\"text-align: justify;\">Fast 30 Jahre lang war er Hamburger Hafenkapit\u00e4n: J\u00f6rg Pollmann. Als Leiter der Schiffahrtspolizeibeh\u00f6rde war er f\u00fcr die Sicherheit des Hafenbetriebs verantwortlich, er stand dem Lotsenwesen vor und repr\u00e4sentierte den Hafen international &#8211; immer gut gelaunt und gern mit plattdeutschem Schnack. Bevor der waschechte Ostfriese Ende Mai in Rente geht, sprechen wir mit ihm \u00fcber drei Jahrzehnte im Hamburger Hafen: \u00fcber Hafengeburtstage und Sturmfluten, \u00fcber Schiffstaufen und seinen Kampf um den Erhalt der Barkassen.<\/p>\n<p style=\"text-align: justify;\">\n<p style=\"text-align: justify;\">\n<p style=\"text-align: justify;\">\n<p style=\"text-align: justify;\">\n<h2 style=\"text-align: justify;\">Tina Sohrab, blinde Make-up-Artistin<\/h2>\n<p style=\"text-align: justify;\">\n<p style=\"text-align: justify;\">Tina Sohrab hat ihre Leidenschaft Make-Up zum Beruf gemacht und ver\u00f6ffentlicht erfolgreich Schmink-Tutorials in den sozialen Medien. So weit, so normal. Doch die Hannoveranerin ist keine gew\u00f6hnliche Make-Up-Artistin: Sie ist blind. Als Teenie verliert sie pl\u00f6tzlich und \u00fcber Nacht ihr Augenlicht und lernt, mit ihrer Krankheit umzugehen und wie sie sich selbst schminken kann, ohne ihre Augen einsetzen zu k\u00f6nnen. Dass Make-Up und Styling nur Menschen, die sehen k\u00f6nnen, vorbehalten sein soll, will sie nicht akzeptieren: &#8222;Viele blinde Menschen vernachl\u00e4ssigen bewusst oder aber auch unbewusst ihr \u00c4u\u00dferes, weil es ihnen nicht anders gezeigt wird&#8220;, sagt die junge Mutter. Anderen Menschen mit Sehbehinderung beizubringen, wie sie sich mit Puder und Pinsel zurechtmachen k\u00f6nnen, ist ihr eine Herzensangelegenheit. Ihr Motto: &#8222;Blind schminken? Klar doch!&#8220; Mit ihrem eigenen Unternehmen &#8222;Blind and Beauty&#8220; verfolgt die 28-J\u00e4hrige das Ziel, die Beauty-Welt inklusiver zu machen. In der NDR Talk Show wird sie erz\u00e4hlen, wie sie es geschafft hat, ihren Lebensmut wieder aufzubauen und wieso blinde Menschen besonders gute Make-Up-Artists sind.<\/p>\n<p style=\"text-align: justify;\">\n<p style=\"text-align: justify;\">\n<p style=\"text-align: justify;\">\n<p style=\"text-align: justify;\">\n<h2 style=\"text-align: justify;\">Michael Stich, ehemaliger Tennisprofi und K\u00fcnstler<\/h2>\n<div class=\"contentimage w50\" style=\"text-align: justify;\"><\/div>\n<p style=\"text-align: justify;\">Michael Stich geh\u00f6rt in den 1990er-Jahren zur Weltelite des Tennissports und ist neben Boris Becker einer der erfolgreichsten deutschen Tennisspieler. Was die wenigsten wissen &#8211; der in Pinneberg geborene Daviscup-, Wimbledon-, Olympia-Sieger und Weltmeister malt seit 20 Jahren gro\u00dfformatige bunte Bilder in \u00d6l und Acryl. Schon w\u00e4hrend seiner aktiven Tennis-Zeit interessiert er sich f\u00fcr zeitgen\u00f6ssische Kunst und besucht Ausstellungen. Nach dem Ende seiner Laufbahn 1997 studiert er zwei Semester Kunstgeschichte und beginnt autodidaktisch zu malen. Nun stellt er seine Kunstwerke erstmals \u00f6ffentlich in einer D\u00fcsseldorfer Galerie aus. Wann er den Pinsel gegen den Schl\u00e4ger tauscht und welches Gr\u00fcn er von seiner Palette f\u00fcr den Wimbledon-Rasen w\u00e4hlt, erz\u00e4hlt Michael Stich in der NDR Talk Show.<\/p>\n<p>&nbsp;<\/p>\n<p>&nbsp;<\/p>\n<figure id=\"attachment_169885\" aria-describedby=\"caption-attachment-169885\" style=\"width: 800px\" class=\"wp-caption alignnone\"><img decoding=\"async\" loading=\"lazy\" class=\"size-large wp-image-169885\" src=\"https:\/\/smago.de\/ws2\/wp-content\/uploads\/2021\/08\/3_NDR_Talk_Show_aus_Hannover_2019-800x448.jpg\" alt=\"\" width=\"800\" height=\"448\" srcset=\"https:\/\/smago.de\/ws2\/wp-content\/uploads\/2021\/08\/3_NDR_Talk_Show_aus_Hannover_2019-800x448.jpg 800w, https:\/\/smago.de\/ws2\/wp-content\/uploads\/2021\/08\/3_NDR_Talk_Show_aus_Hannover_2019-522x292.jpg 522w, https:\/\/smago.de\/ws2\/wp-content\/uploads\/2021\/08\/3_NDR_Talk_Show_aus_Hannover_2019-268x150.jpg 268w, https:\/\/smago.de\/ws2\/wp-content\/uploads\/2021\/08\/3_NDR_Talk_Show_aus_Hannover_2019-768x430.jpg 768w, https:\/\/smago.de\/ws2\/wp-content\/uploads\/2021\/08\/3_NDR_Talk_Show_aus_Hannover_2019-1536x860.jpg 1536w, https:\/\/smago.de\/ws2\/wp-content\/uploads\/2021\/08\/3_NDR_Talk_Show_aus_Hannover_2019-2048x1147.jpg 2048w, https:\/\/smago.de\/ws2\/wp-content\/uploads\/2021\/08\/3_NDR_Talk_Show_aus_Hannover_2019-392x220.jpg 392w, https:\/\/smago.de\/ws2\/wp-content\/uploads\/2021\/08\/3_NDR_Talk_Show_aus_Hannover_2019-130x73.jpg 130w, https:\/\/smago.de\/ws2\/wp-content\/uploads\/2021\/08\/3_NDR_Talk_Show_aus_Hannover_2019-794x445.jpg 794w, https:\/\/smago.de\/ws2\/wp-content\/uploads\/2021\/08\/3_NDR_Talk_Show_aus_Hannover_2019-870x487.jpg 870w, https:\/\/smago.de\/ws2\/wp-content\/uploads\/2021\/08\/3_NDR_Talk_Show_aus_Hannover_2019-292x164.jpg 292w, https:\/\/smago.de\/ws2\/wp-content\/uploads\/2021\/08\/3_NDR_Talk_Show_aus_Hannover_2019-435x244.jpg 435w\" sizes=\"(max-width: 800px) 100vw, 800px\" \/><figcaption id=\"caption-attachment-169885\" class=\"wp-caption-text\"><em>\u00a9 NDR \/ Hendrik L\u00fcders<\/em><\/figcaption><\/figure>\n","protected":false},"excerpt":{"rendered":"<p>NDR fernsehen + hr fernsehen! Moderation: Bettina Tietjen und J\u00f6rg Pilawa!<\/p>\n","protected":false},"author":2,"featured_media":166292,"comment_status":"open","ping_status":"closed","sticky":false,"template":"","format":"standard","meta":{"_FSMCFIC_featured_image_caption":"","_FSMCFIC_featured_image_nocaption":null,"_FSMCFIC_featured_image_hide":null},"categories":[3,27,128],"tags":[254],"acf":[],"_links":{"self":[{"href":"https:\/\/smago.de\/ws2\/wp-json\/wp\/v2\/posts\/183701"}],"collection":[{"href":"https:\/\/smago.de\/ws2\/wp-json\/wp\/v2\/posts"}],"about":[{"href":"https:\/\/smago.de\/ws2\/wp-json\/wp\/v2\/types\/post"}],"author":[{"embeddable":true,"href":"https:\/\/smago.de\/ws2\/wp-json\/wp\/v2\/users\/2"}],"replies":[{"embeddable":true,"href":"https:\/\/smago.de\/ws2\/wp-json\/wp\/v2\/comments?post=183701"}],"version-history":[{"count":1,"href":"https:\/\/smago.de\/ws2\/wp-json\/wp\/v2\/posts\/183701\/revisions"}],"predecessor-version":[{"id":183702,"href":"https:\/\/smago.de\/ws2\/wp-json\/wp\/v2\/posts\/183701\/revisions\/183702"}],"wp:featuredmedia":[{"embeddable":true,"href":"https:\/\/smago.de\/ws2\/wp-json\/wp\/v2\/media\/166292"}],"wp:attachment":[{"href":"https:\/\/smago.de\/ws2\/wp-json\/wp\/v2\/media?parent=183701"}],"wp:term":[{"taxonomy":"category","embeddable":true,"href":"https:\/\/smago.de\/ws2\/wp-json\/wp\/v2\/categories?post=183701"},{"taxonomy":"post_tag","embeddable":true,"href":"https:\/\/smago.de\/ws2\/wp-json\/wp\/v2\/tags?post=183701"}],"curies":[{"name":"wp","href":"https:\/\/api.w.org\/{rel}","templated":true}]}}