{"id":183637,"date":"2022-05-24T10:17:51","date_gmt":"2022-05-24T08:17:51","guid":{"rendered":"https:\/\/smago.de\/ws2\/?p=183637"},"modified":"2022-05-24T10:18:08","modified_gmt":"2022-05-24T08:18:08","slug":"calimeros-die-calimeros-lassen-die-chart-sterne-leuchten","status":"publish","type":"post","link":"https:\/\/smago.de\/ws2\/schlager\/calimeros-die-calimeros-lassen-die-chart-sterne-leuchten\/","title":{"rendered":"CALIMEROS <br>Die Calimeros lassen die Chart-Sterne leuchten:"},"content":{"rendered":"<p>&#8222;Sommersterne&#8220; st\u00fcrmt auf Platz 1 der Schweizer Charts\u00a0und Platz 3 der Offiziellen Deutschen Album Charts!<br \/>\n<!--more--><\/p>\n<p>&nbsp;<\/p>\n<p>&nbsp;<\/p>\n<p style=\"text-align: justify;\">Auch mit ihrem aktuellem Album treffen die CALIMEROS wieder musikalisch den Nerv ihrer Fans:\u00a0 Das neue Album \u201eSommersterne\u201c des erfolgreichsten Schweizer Schlagerexports st\u00fcrmt direkt auf Platz 1 der Schweizer Charts \u00a0und auf Platz 3 der Offiziellen Deutschen Album Charts.<\/p>\n<p>&nbsp;<\/p>\n<p>&nbsp;<\/p>\n<p style=\"text-align: justify;\"><strong>\u00a0<\/strong><br \/>\n<strong>CALIMEROS-Frontmann Roland Eberhart:<\/strong> &#8222;<em> Wir freuen uns riesig \u00fcber diesen Erfolg. Ein gro\u00dfer Dank geht an unser Team, aber vor allem an unsere Fans, die uns schon seit so vielen Jahren die Treue halten!\u201c<\/em><\/p>\n<p>&nbsp;<\/p>\n<p style=\"text-align: justify;\"><strong>\u00a0<\/strong><br \/>\n<strong>Ken Otremba, TELAMO-Gesch\u00e4ftsf\u00fchrer:<\/strong> &#8222;<em>Auch nach \u00fcber vier Jahrzehnten so konstant in den Charts zu sein, schafft man nur, wenn man authentisch und nah an seinem Publikum ist. Herzlichen Gl\u00fcckwunsch an die Band zu diesem Erfolg!\u201c<\/em><\/p>\n<p>&nbsp;<\/p>\n<p>&nbsp;<\/p>\n<p>Mit \u00fcber 2 Millionen verkauften Tontr\u00e4gern, 16 Alben in den deutschen Charts \u2013 davon sechsmal Top 3 und einmal Platz 1 &#8211; sind die Calimeros das derzeit erfolgreichste Schlagertrio Europas.<\/p>\n<p>Die Calimeros liefern gleich in der ersten Jahresh\u00e4lfte mit \u201eSommersterne\u201c ein fulminantes Werk mit enorm starken Nummern ab. Jeder Song, ein Stern f\u00fcr sich<strong>. <\/strong>F\u00fcr dieses motivstarke Album haben sich die drei Erfolgsmusiker erneut f\u00fcr das Produzenten-Erfolgs-Gespann Gerd Jakobs und Stefan P\u00f6ssnicker entschieden.<\/p>\n<p>Das Album \u201eSommersterne\u201c ist am 13.05.2022 bei TELAMO erschienen.<\/p>\n<p>&nbsp;<\/p>\n<p>&nbsp;<\/p>\n<p><img decoding=\"async\" loading=\"lazy\" class=\"alignnone size-large wp-image-183638\" src=\"https:\/\/smago.de\/ws2\/wp-content\/uploads\/2022\/05\/calimeros_3-800x800.jpg\" alt=\"\" width=\"800\" height=\"800\" srcset=\"https:\/\/smago.de\/ws2\/wp-content\/uploads\/2022\/05\/calimeros_3.jpg 800w, https:\/\/smago.de\/ws2\/wp-content\/uploads\/2022\/05\/calimeros_3-522x522.jpg 522w, https:\/\/smago.de\/ws2\/wp-content\/uploads\/2022\/05\/calimeros_3-150x150.jpg 150w, https:\/\/smago.de\/ws2\/wp-content\/uploads\/2022\/05\/calimeros_3-768x768.jpg 768w, https:\/\/smago.de\/ws2\/wp-content\/uploads\/2022\/05\/calimeros_3-272x272.jpg 272w, https:\/\/smago.de\/ws2\/wp-content\/uploads\/2022\/05\/calimeros_3-600x600.jpg 600w, https:\/\/smago.de\/ws2\/wp-content\/uploads\/2022\/05\/calimeros_3-130x130.jpg 130w, https:\/\/smago.de\/ws2\/wp-content\/uploads\/2022\/05\/calimeros_3-445x445.jpg 445w, https:\/\/smago.de\/ws2\/wp-content\/uploads\/2022\/05\/calimeros_3-190x190.jpg 190w, https:\/\/smago.de\/ws2\/wp-content\/uploads\/2022\/05\/calimeros_3-290x290.jpg 290w\" sizes=\"(max-width: 800px) 100vw, 800px\" \/><\/p>\n","protected":false},"excerpt":{"rendered":"<p>&#8222;Sommersterne&#8220; st\u00fcrmt auf Platz 1 der Schweizer Charts\u00a0und Platz 3 der Offiziellen Deutschen Album Charts!<\/p>\n","protected":false},"author":2,"featured_media":183638,"comment_status":"open","ping_status":"closed","sticky":false,"template":"","format":"standard","meta":{"_FSMCFIC_featured_image_caption":"","_FSMCFIC_featured_image_nocaption":null,"_FSMCFIC_featured_image_hide":null},"categories":[29],"tags":[159],"acf":[],"_links":{"self":[{"href":"https:\/\/smago.de\/ws2\/wp-json\/wp\/v2\/posts\/183637"}],"collection":[{"href":"https:\/\/smago.de\/ws2\/wp-json\/wp\/v2\/posts"}],"about":[{"href":"https:\/\/smago.de\/ws2\/wp-json\/wp\/v2\/types\/post"}],"author":[{"embeddable":true,"href":"https:\/\/smago.de\/ws2\/wp-json\/wp\/v2\/users\/2"}],"replies":[{"embeddable":true,"href":"https:\/\/smago.de\/ws2\/wp-json\/wp\/v2\/comments?post=183637"}],"version-history":[{"count":2,"href":"https:\/\/smago.de\/ws2\/wp-json\/wp\/v2\/posts\/183637\/revisions"}],"predecessor-version":[{"id":183640,"href":"https:\/\/smago.de\/ws2\/wp-json\/wp\/v2\/posts\/183637\/revisions\/183640"}],"wp:featuredmedia":[{"embeddable":true,"href":"https:\/\/smago.de\/ws2\/wp-json\/wp\/v2\/media\/183638"}],"wp:attachment":[{"href":"https:\/\/smago.de\/ws2\/wp-json\/wp\/v2\/media?parent=183637"}],"wp:term":[{"taxonomy":"category","embeddable":true,"href":"https:\/\/smago.de\/ws2\/wp-json\/wp\/v2\/categories?post=183637"},{"taxonomy":"post_tag","embeddable":true,"href":"https:\/\/smago.de\/ws2\/wp-json\/wp\/v2\/tags?post=183637"}],"curies":[{"name":"wp","href":"https:\/\/api.w.org\/{rel}","templated":true}]}}