{"id":183310,"date":"2022-05-20T00:00:20","date_gmt":"2022-05-19T22:00:20","guid":{"rendered":"https:\/\/smago.de\/ws2\/?p=183310"},"modified":"2022-05-18T15:03:22","modified_gmt":"2022-05-18T13:03:22","slug":"claudia-jung-wigald-boning-u-a-heute-20-05-2022-in-der-talk-show-riverboat-leipzig-zu-gast","status":"publish","type":"post","link":"https:\/\/smago.de\/ws2\/nonsens\/claudia-jung-wigald-boning-u-a-heute-20-05-2022-in-der-talk-show-riverboat-leipzig-zu-gast\/","title":{"rendered":"CLAUDIA JUNG, WIGALD BONING u.a. <br>Heute (20.05.2022) in der Talk-Show &#8222;Riverboat Leipzig&#8220; zu Gast!"},"content":{"rendered":"<p>MDR FERNSEHEN + rbb FERNSEHEN, 22:00 Uhr &#8211; 00:10 Uhr! Moderation: Kim Fisher und J\u00f6rg Kachelmann!<br \/>\n<!--more--><\/p>\n<p>&nbsp;<\/p>\n<p>&nbsp;<\/p>\n<p>&nbsp;<\/p>\n<p style=\"text-align: justify;\"><strong>G\u00e4ste:<\/strong><\/p>\n<p>&nbsp;<\/p>\n<p>&nbsp;<\/p>\n<ul style=\"text-align: justify;\">\n<li>Wigald Boning, Comedian und Moderator<\/li>\n<li>Thomas de Maizi\u00e8re, Politiker und Bundesinnenminister a. D.<\/li>\n<li>Jochen Schweizer, Unternehmer, Erlebnis-Experte und Investor<\/li>\n<li>Elvira Grudzielski, Kr\u00e4uter-Expertin aus Th\u00fcringen<\/li>\n<li>Katy Karrenbauer, Schauspielerin<\/li>\n<li>Claudia Jung, Schlagers\u00e4ngerin<\/li>\n<li>Uwe Herrmann, Brautmoden-Designer<\/li>\n<\/ul>\n<div class=\"left-list-col columns\"><\/div>\n<div><\/div>\n<div><\/div>\n<div><\/div>\n<div><\/div>\n<div><\/div>\n<div class=\"detail-bottom row collapse\" style=\"text-align: justify;\">\n<div class=\"center-list-col columns\">\n<div class=\"tabs-content box\" role=\"tablist\" data-accordion=\"rdcprg-accordion\" data-tabs-content=\"tabs-2822942021000528437\">\n<div id=\"mehr-2822942021000528437\" class=\"tabs-panel details-tab is-active\" role=\"tabpanel\" aria-hidden=\"false\" aria-labelledby=\"mehr-2822942021000528437-label\">\n<div class=\"eventText\">\n<ul>\n<li><strong>Uwe Herrmann, Brautmoden-Designer (&#8222;Zwischen T\u00fcll und Tr\u00e4nen&#8220;)<\/strong><\/li>\n<\/ul>\n<p>&nbsp;<\/p>\n<p>&nbsp;<\/p>\n<p>F\u00fcr seine Fans ist der Brautmoden-Spezialist eine fast ebenb\u00fcrtige Touristenattraktion neben dem Dresdner Zwinger und dem Gr\u00fcnem Gew\u00f6lbe. Deutschlandweit bekannt wurde Uwe Herrmann sp\u00e4testens 2016 mit der Fernsehsendung &#8222;Zwischen T\u00fcll und Tr\u00e4nen&#8220;. Nach zwei Hochzeits-Stau-Corona-Jahren schauen wir auf die neuen Trends der Saison 2022 und lassen uns verraten mit welchen Tricks er die Konkurrenz im neuen TV-Duell der Brautmoden-Ausstatter aussticht.<\/p>\n<\/div>\n<\/div>\n<\/div>\n<\/div>\n<\/div>\n<p>&nbsp;<\/p>\n<p>&nbsp;<\/p>\n<p>&nbsp;<\/p>\n<p>&nbsp;<\/p>\n<div class=\"detail-bottom row collapse\" style=\"text-align: justify;\">\n<div class=\"center-list-col columns\">\n<div class=\"tabs-content box\" role=\"tablist\" data-accordion=\"rdcprg-accordion\" data-tabs-content=\"tabs-2822942021000528437\">\n<div id=\"mehr-2822942021000528437\" class=\"tabs-panel details-tab is-active\" role=\"tabpanel\" aria-hidden=\"false\" aria-labelledby=\"mehr-2822942021000528437-label\">\n<div class=\"eventText\">\n<ul>\n<li><strong>Wigald Boning, Comedian und Moderator<\/strong><\/li>\n<\/ul>\n<p>&nbsp;<\/p>\n<p>Er ist ein echter Tausendsassa. Keine abgeschlossene Ausbildung &#8211; und doch so viele Berufe: Wigald Boning ist Musiker, Komiker, TV-Moderator, Komponist, Buchautor und Sportler. Das vergangene Jahr hat er zum gro\u00dfen Teil seiner Sportbegeisterung gewidmet und sich selbst ein extremes Vorhaben gesetzt. Jede Woche einen Marathon, 52 Mal \u00fcber 42 Kilometer. Wie der 55-j\u00e4hrige Vater von erwachsenen Zwillingen und zwei Kleinkindern dabei seine Grenzen fand und \u00fcberwand, wird er uns auf dem &#8222;Riverboat&#8220; erz\u00e4hlen.<\/p>\n<\/div>\n<\/div>\n<\/div>\n<\/div>\n<\/div>\n<p>&nbsp;<\/p>\n<p>&nbsp;<\/p>\n<p>&nbsp;<\/p>\n<p>&nbsp;<\/p>\n<div class=\"detail-bottom row collapse\" style=\"text-align: justify;\">\n<div class=\"center-list-col columns\">\n<div class=\"tabs-content box\" role=\"tablist\" data-accordion=\"rdcprg-accordion\" data-tabs-content=\"tabs-2822942021000528437\">\n<div id=\"mehr-2822942021000528437\" class=\"tabs-panel details-tab is-active\" role=\"tabpanel\" aria-hidden=\"false\" aria-labelledby=\"mehr-2822942021000528437-label\">\n<div class=\"eventText\">\n<ul>\n<li><strong>Elvira Grudzielski, Kr\u00e4uter-Expertin aus Th\u00fcringen<\/strong><\/li>\n<\/ul>\n<p>&nbsp;<\/p>\n<p>Die Kr\u00e4uterfrau aus Th\u00fcringen: Elvira Grudzielski wei\u00df alles \u00fcber Kr\u00e4uter, Beeren und Heilpflanzen aus dem Th\u00fcringer Bergland. Schon fr\u00fch ging sie in den Wald, um Kr\u00e4uter zum Essen und Heilen zu sammeln. Die Oberwei\u00dfbacherin setzt damit die lange Tradition ihrer Familie fort, denn ihr Urgro\u00dfvater war Th\u00fcringer Buckelapotheker &#8211; ein Medizinmann, der eine Apotheke f\u00fcr Mensch und Tier auf dem R\u00fccken in die Welt schleppte.<\/p>\n<\/div>\n<\/div>\n<\/div>\n<\/div>\n<\/div>\n<p>&nbsp;<\/p>\n<p>&nbsp;<\/p>\n<p>&nbsp;<\/p>\n<p>&nbsp;<\/p>\n<div class=\"detail-bottom row collapse\" style=\"text-align: justify;\">\n<div class=\"center-list-col columns\">\n<div class=\"tabs-content box\" role=\"tablist\" data-accordion=\"rdcprg-accordion\" data-tabs-content=\"tabs-2822942021000528437\">\n<div id=\"mehr-2822942021000528437\" class=\"tabs-panel details-tab is-active\" role=\"tabpanel\" aria-hidden=\"false\" aria-labelledby=\"mehr-2822942021000528437-label\">\n<div class=\"eventText\">\n<ul>\n<li><strong>Thomas de Maizi\u00e8re, Politiker und Bundesinnenminister a. D.<\/strong><\/li>\n<\/ul>\n<p>&nbsp;<\/p>\n<p>&#8222;Spitzenpolitiker m\u00fcssen keine Fachleute sein&#8220;, meint Thomas de Maizi\u00e8re. Darin w\u00fcrden ihm wahrscheinlich viele Menschen widersprechen. In seinem aktuellen Buch &#8222;Die Kunst guten F\u00fchrens&#8220; und auch im &#8222;Riverboat&#8220; erkl\u00e4rt er seine These. Thomas de Maizi\u00e8re lebt seit 1998 in Dresden, kam nach dem Mauerfall als Berater seines Cousins Lothar de Maizi\u00e8re in den Osten. Eine seiner Empfehlungen damals: die bis dato unbekannte Physikerin Angela Merkel zur stellvertretenden Regierungssprecherin zu machen. Der Rest ist Geschichte.<\/p>\n<\/div>\n<\/div>\n<\/div>\n<\/div>\n<\/div>\n<p>&nbsp;<\/p>\n<p>&nbsp;<\/p>\n<p>&nbsp;<\/p>\n<p>&nbsp;<\/p>\n<div class=\"detail-bottom row collapse\" style=\"text-align: justify;\">\n<div class=\"center-list-col columns\">\n<div class=\"tabs-content box\" role=\"tablist\" data-accordion=\"rdcprg-accordion\" data-tabs-content=\"tabs-2822942021000528437\">\n<div id=\"mehr-2822942021000528437\" class=\"tabs-panel details-tab is-active\" role=\"tabpanel\" aria-hidden=\"false\" aria-labelledby=\"mehr-2822942021000528437-label\">\n<div class=\"eventText\">\n<ul>\n<li><strong>Katy Karrenbauer, Schauspielerin<\/strong><\/li>\n<\/ul>\n<p>&nbsp;<\/p>\n<p>In der Rolle der &#8222;Walter&#8220; in der Serie &#8222;Hinter Gittern &#8211; Der Frauenknast&#8220; wurde Katy Karrenbauer vor 25 Jahren zur TV-Kult-Darstellerin. In \u00fcber 400 Folgen spielte sie die resolute Insassin mit der markanten Stimme und erreichte w\u00f6chentlich ein Millionenpublikum. Bei den Karl-May-Spielen in Bad Segeberg wird in diesem Jahr f\u00fcr Karrenbauer ein Kindheitstraum in Erf\u00fcllung gehen. An der Seite von Sascha Hehn und Alexander Klaws spielt sie in der \u00d6lprinz die s\u00e4chsische Siedlerin Rosalie Ebersbach.<\/p>\n<\/div>\n<\/div>\n<\/div>\n<\/div>\n<\/div>\n<p>&nbsp;<\/p>\n<p>&nbsp;<\/p>\n<p>&nbsp;<\/p>\n<p>&nbsp;<\/p>\n<div class=\"detail-bottom row collapse\" style=\"text-align: justify;\">\n<div class=\"center-list-col columns\">\n<div class=\"tabs-content box\" role=\"tablist\" data-accordion=\"rdcprg-accordion\" data-tabs-content=\"tabs-2822942021000528437\">\n<div id=\"mehr-2822942021000528437\" class=\"tabs-panel details-tab is-active\" role=\"tabpanel\" aria-hidden=\"false\" aria-labelledby=\"mehr-2822942021000528437-label\">\n<div class=\"eventText\">\n<ul>\n<li><strong>Jochen Schweizer, Unternehmer, Erlebnis-Experte und Investor<\/strong><\/li>\n<\/ul>\n<p>&nbsp;<\/p>\n<p>Extremsportler, Stuntman, erfolgreicher Unternehmer: Jochen Schweizer ist zu einer der bekanntesten deutschen Marken Deutschlands geworden. Angefangen hat alles als Stuntman, der das Bungee-Jumping popul\u00e4r machte. Aber der 64-J\u00e4hrige kann auch anders: Mit dem Kajak stundenlang durchs Wasser gleiten oder mit Yoga in den Tag starten. Diese tiefgr\u00fcndige Seite beweist Jochen Schweizer nun in seinem ersten Roman &#8222;Die Begegnung&#8220; &#8211; eine Geschichte \u00fcber den Weg zu einem selbstbestimmten Leben.<\/p>\n<\/div>\n<\/div>\n<\/div>\n<\/div>\n<\/div>\n<p>&nbsp;<\/p>\n<p>&nbsp;<\/p>\n<p>&nbsp;<\/p>\n<p>&nbsp;<\/p>\n<div class=\"detail-bottom row collapse\" style=\"text-align: justify;\">\n<div class=\"center-list-col columns\">\n<div class=\"tabs-content box\" role=\"tablist\" data-accordion=\"rdcprg-accordion\" data-tabs-content=\"tabs-2822942021000528437\">\n<div id=\"mehr-2822942021000528437\" class=\"tabs-panel details-tab is-active\" role=\"tabpanel\" aria-hidden=\"false\" aria-labelledby=\"mehr-2822942021000528437-label\">\n<div class=\"eventText\">\n<ul>\n<li><strong>Claudia Jung, S\u00e4ngerin<\/strong><\/li>\n<\/ul>\n<p>&nbsp;<\/p>\n<p>Claudia Jung kann vieles: Sie war Fotolaborantin, Arzthelferin, Reisef\u00fchrerin, Kommunalpolitikerin, Landtagsabgeordnete, und sie ist S\u00e4ngerin und Schauspielerin, Mutter, Ehefrau und Hausfrau, Landwirtin und engagierte Ehrenamtliche f\u00fcr traumatisierte Kinder. Nun kommt noch eine neue Rolle hinzu: Oma. Dazu feiert die Grand Dame des Schlagers Silberhochzeit. Und f\u00fcr ihre treuen Fans, die seit \u00fcber 35 Jahren ihre Karriere begleiten, gibt es auch eine neue Single: &#8222;T\u00fcr an T\u00fcr&#8220;.<\/p>\n<\/div>\n<\/div>\n<\/div>\n<\/div>\n<\/div>\n<p>&nbsp;<\/p>\n<p>&nbsp;<\/p>\n<figure id=\"attachment_124721\" aria-describedby=\"caption-attachment-124721\" style=\"width: 800px\" class=\"wp-caption alignnone\"><img decoding=\"async\" loading=\"lazy\" class=\"size-large wp-image-124721\" src=\"https:\/\/smago.de\/ws2\/wp-content\/uploads\/2019\/01\/1_Riverboat_2018_Foto_MDR_Kirsten_Nijhof-1024x676.jpg\" alt=\"\" width=\"800\" height=\"528\" srcset=\"https:\/\/smago.de\/ws2\/wp-content\/uploads\/2019\/01\/1_Riverboat_2018_Foto_MDR_Kirsten_Nijhof-1024x676.jpg 1024w, https:\/\/smago.de\/ws2\/wp-content\/uploads\/2019\/01\/1_Riverboat_2018_Foto_MDR_Kirsten_Nijhof-300x198.jpg 300w, https:\/\/smago.de\/ws2\/wp-content\/uploads\/2019\/01\/1_Riverboat_2018_Foto_MDR_Kirsten_Nijhof-768x507.jpg 768w, https:\/\/smago.de\/ws2\/wp-content\/uploads\/2019\/01\/1_Riverboat_2018_Foto_MDR_Kirsten_Nijhof-791x522.jpg 791w, https:\/\/smago.de\/ws2\/wp-content\/uploads\/2019\/01\/1_Riverboat_2018_Foto_MDR_Kirsten_Nijhof-288x190.jpg 288w, https:\/\/smago.de\/ws2\/wp-content\/uploads\/2019\/01\/1_Riverboat_2018_Foto_MDR_Kirsten_Nijhof-150x100.jpg 150w, https:\/\/smago.de\/ws2\/wp-content\/uploads\/2019\/01\/1_Riverboat_2018_Foto_MDR_Kirsten_Nijhof-674x445.jpg 674w\" sizes=\"(max-width: 800px) 100vw, 800px\" \/><figcaption id=\"caption-attachment-124721\" class=\"wp-caption-text\">Foto-Credit: MDR \/ Kirsten Nijhof<\/figcaption><\/figure>\n","protected":false},"excerpt":{"rendered":"<p>MDR FERNSEHEN + rbb FERNSEHEN, 22:00 Uhr &#8211; 00:10 Uhr! Moderation: Kim Fisher und J\u00f6rg Kachelmann!<\/p>\n","protected":false},"author":2,"featured_media":124721,"comment_status":"open","ping_status":"closed","sticky":false,"template":"","format":"standard","meta":{"_FSMCFIC_featured_image_caption":"","_FSMCFIC_featured_image_nocaption":null,"_FSMCFIC_featured_image_hide":null},"categories":[23,29,128],"tags":[131],"acf":[],"_links":{"self":[{"href":"https:\/\/smago.de\/ws2\/wp-json\/wp\/v2\/posts\/183310"}],"collection":[{"href":"https:\/\/smago.de\/ws2\/wp-json\/wp\/v2\/posts"}],"about":[{"href":"https:\/\/smago.de\/ws2\/wp-json\/wp\/v2\/types\/post"}],"author":[{"embeddable":true,"href":"https:\/\/smago.de\/ws2\/wp-json\/wp\/v2\/users\/2"}],"replies":[{"embeddable":true,"href":"https:\/\/smago.de\/ws2\/wp-json\/wp\/v2\/comments?post=183310"}],"version-history":[{"count":3,"href":"https:\/\/smago.de\/ws2\/wp-json\/wp\/v2\/posts\/183310\/revisions"}],"predecessor-version":[{"id":183313,"href":"https:\/\/smago.de\/ws2\/wp-json\/wp\/v2\/posts\/183310\/revisions\/183313"}],"wp:featuredmedia":[{"embeddable":true,"href":"https:\/\/smago.de\/ws2\/wp-json\/wp\/v2\/media\/124721"}],"wp:attachment":[{"href":"https:\/\/smago.de\/ws2\/wp-json\/wp\/v2\/media?parent=183310"}],"wp:term":[{"taxonomy":"category","embeddable":true,"href":"https:\/\/smago.de\/ws2\/wp-json\/wp\/v2\/categories?post=183310"},{"taxonomy":"post_tag","embeddable":true,"href":"https:\/\/smago.de\/ws2\/wp-json\/wp\/v2\/tags?post=183310"}],"curies":[{"name":"wp","href":"https:\/\/api.w.org\/{rel}","templated":true}]}}