{"id":183029,"date":"2022-05-12T23:59:50","date_gmt":"2022-05-12T21:59:50","guid":{"rendered":"https:\/\/smago.de\/ws2\/?p=183029"},"modified":"2022-05-12T23:02:33","modified_gmt":"2022-05-12T21:02:33","slug":"malik-harris-fr-sa-13-14-05-2022-ndr-fernsehen-malik-im-esc-fieber","status":"publish","type":"post","link":"https:\/\/smago.de\/ws2\/pop\/malik-harris-fr-sa-13-14-05-2022-ndr-fernsehen-malik-im-esc-fieber\/","title":{"rendered":"MALIK HARRIS <br>Fr.\/Sa., 13.\/14.05.2022, NDR fernsehen: &#8222;Malik im ESC Fieber&#8220;!"},"content":{"rendered":"<p>00:30 Uhr &#8211; 01:00 Uhr! Moderation: Alina Stiegler!<br \/>\n<!--more--><\/p>\n<p>&nbsp;<\/p>\n<p>&nbsp;<\/p>\n<p style=\"text-align: justify;\">MALIK HARIS steht vor dem bislang gr\u00f6\u00dften Auftritt seiner Karriere: im Finale beim Eurovision Song Contest 2022. Wie bereitet sich der 24-J\u00e4hrige aus Landsberg am Lech darauf vor?<\/p>\n<p style=\"text-align: justify;\">Die Dokumentation begleitet ihn auf seinem Weg \u00fcber den deutschen Vorentscheid bis zum ESC in Turin. Sie zeigt den S\u00e4nger bei sich zu Hause oder im Studio und auf ESC-Partys in ganz Europa.<\/p>\n<p style=\"text-align: justify;\">Malik Harris pr\u00e4sentiert sich auf seiner Reise nach Turin etwa in London, Amsterdam und Tel Aviv den internationalen Fans.<\/p>\n<p style=\"text-align: justify;\">Kann er mit seinem Titel &#8222;Rockstars&#8220; Deutschland wieder eine gute Platzierung beim Wettbewerb sichern?<\/p>\n<p>&nbsp;<\/p>\n<p>&nbsp;<\/p>\n<figure id=\"attachment_183031\" aria-describedby=\"caption-attachment-183031\" style=\"width: 800px\" class=\"wp-caption alignnone\"><img decoding=\"async\" loading=\"lazy\" class=\"size-large wp-image-183031\" src=\"https:\/\/smago.de\/ws2\/wp-content\/uploads\/2022\/05\/4_Germany_12_Points_Mailk_Harris_gewinnt-1-800x448.jpg\" alt=\"\" width=\"800\" height=\"448\" srcset=\"https:\/\/smago.de\/ws2\/wp-content\/uploads\/2022\/05\/4_Germany_12_Points_Mailk_Harris_gewinnt-1-800x448.jpg 800w, https:\/\/smago.de\/ws2\/wp-content\/uploads\/2022\/05\/4_Germany_12_Points_Mailk_Harris_gewinnt-1-522x292.jpg 522w, https:\/\/smago.de\/ws2\/wp-content\/uploads\/2022\/05\/4_Germany_12_Points_Mailk_Harris_gewinnt-1-268x150.jpg 268w, https:\/\/smago.de\/ws2\/wp-content\/uploads\/2022\/05\/4_Germany_12_Points_Mailk_Harris_gewinnt-1-768x430.jpg 768w, https:\/\/smago.de\/ws2\/wp-content\/uploads\/2022\/05\/4_Germany_12_Points_Mailk_Harris_gewinnt-1-1536x860.jpg 1536w, https:\/\/smago.de\/ws2\/wp-content\/uploads\/2022\/05\/4_Germany_12_Points_Mailk_Harris_gewinnt-1-2048x1147.jpg 2048w, https:\/\/smago.de\/ws2\/wp-content\/uploads\/2022\/05\/4_Germany_12_Points_Mailk_Harris_gewinnt-1-392x220.jpg 392w, https:\/\/smago.de\/ws2\/wp-content\/uploads\/2022\/05\/4_Germany_12_Points_Mailk_Harris_gewinnt-1-130x73.jpg 130w, https:\/\/smago.de\/ws2\/wp-content\/uploads\/2022\/05\/4_Germany_12_Points_Mailk_Harris_gewinnt-1-794x445.jpg 794w, https:\/\/smago.de\/ws2\/wp-content\/uploads\/2022\/05\/4_Germany_12_Points_Mailk_Harris_gewinnt-1-870x487.jpg 870w, https:\/\/smago.de\/ws2\/wp-content\/uploads\/2022\/05\/4_Germany_12_Points_Mailk_Harris_gewinnt-1-292x164.jpg 292w, https:\/\/smago.de\/ws2\/wp-content\/uploads\/2022\/05\/4_Germany_12_Points_Mailk_Harris_gewinnt-1-435x244.jpg 435w\" sizes=\"(max-width: 800px) 100vw, 800px\" \/><figcaption id=\"caption-attachment-183031\" class=\"wp-caption-text\"><em>\u00a9 NDR \/ Andr\u00e9 Kowalski<\/em><\/figcaption><\/figure>\n","protected":false},"excerpt":{"rendered":"<p>00:30 Uhr &#8211; 01:00 Uhr! Moderation: Alina Stiegler!<\/p>\n","protected":false},"author":2,"featured_media":183031,"comment_status":"open","ping_status":"closed","sticky":false,"template":"","format":"standard","meta":{"_FSMCFIC_featured_image_caption":"","_FSMCFIC_featured_image_nocaption":null,"_FSMCFIC_featured_image_hide":null},"categories":[27,128],"tags":[85],"acf":[],"_links":{"self":[{"href":"https:\/\/smago.de\/ws2\/wp-json\/wp\/v2\/posts\/183029"}],"collection":[{"href":"https:\/\/smago.de\/ws2\/wp-json\/wp\/v2\/posts"}],"about":[{"href":"https:\/\/smago.de\/ws2\/wp-json\/wp\/v2\/types\/post"}],"author":[{"embeddable":true,"href":"https:\/\/smago.de\/ws2\/wp-json\/wp\/v2\/users\/2"}],"replies":[{"embeddable":true,"href":"https:\/\/smago.de\/ws2\/wp-json\/wp\/v2\/comments?post=183029"}],"version-history":[{"count":2,"href":"https:\/\/smago.de\/ws2\/wp-json\/wp\/v2\/posts\/183029\/revisions"}],"predecessor-version":[{"id":183033,"href":"https:\/\/smago.de\/ws2\/wp-json\/wp\/v2\/posts\/183029\/revisions\/183033"}],"wp:featuredmedia":[{"embeddable":true,"href":"https:\/\/smago.de\/ws2\/wp-json\/wp\/v2\/media\/183031"}],"wp:attachment":[{"href":"https:\/\/smago.de\/ws2\/wp-json\/wp\/v2\/media?parent=183029"}],"wp:term":[{"taxonomy":"category","embeddable":true,"href":"https:\/\/smago.de\/ws2\/wp-json\/wp\/v2\/categories?post=183029"},{"taxonomy":"post_tag","embeddable":true,"href":"https:\/\/smago.de\/ws2\/wp-json\/wp\/v2\/tags?post=183029"}],"curies":[{"name":"wp","href":"https:\/\/api.w.org\/{rel}","templated":true}]}}