{"id":183023,"date":"2022-05-12T23:59:18","date_gmt":"2022-05-12T21:59:18","guid":{"rendered":"https:\/\/smago.de\/ws2\/?p=183023"},"modified":"2022-05-12T22:24:55","modified_gmt":"2022-05-12T20:24:55","slug":"wigald-boning-u-a-fr-13-05-2022-in-der-talk-show-koelner-treff-zu-gast","status":"publish","type":"post","link":"https:\/\/smago.de\/ws2\/nonsens\/wigald-boning-u-a-fr-13-05-2022-in-der-talk-show-koelner-treff-zu-gast\/","title":{"rendered":"WIGALD BONING u.a. <br>Fr. (13.05.2022) in der Talk-Show &#8222;K\u00f6lner Treff&#8220; zu Gast!"},"content":{"rendered":"<p>WDR Fernsehen, 22:00 Uhr &#8211; 23:30 Uhr (1. Wh. in der Nacht auf 14.05., 00:15 Uhr &#8211; 01:45 Uhr; 2. Wh.: 15.05., 10:25 Uhr &#8211; 11:55 Uhr)! Moderation: Bettina B\u00f6ttinger!<br \/>\n<!--more--><\/p>\n<p>&nbsp;<\/p>\n<p>&nbsp;<\/p>\n<p>&nbsp;<\/p>\n<p style=\"text-align: justify;\">Bettina B\u00f6ttinger begr\u00fc\u00dft im K\u00f6lner Treff die Juristin Elke B\u00fcdenbender, den Mediziner Prof. Dr. Dr. med. Eckhard Nagel, den Journalisten Peter Kloeppel, die Rechtspsychologin Julia Shaw, den Mentalisten Timon Krause und den Komiker Wigald Boning. Au\u00dferdem zu Gast ist Lili Paul-Roncalli.<\/p>\n<p>&nbsp;<\/p>\n<p>&nbsp;<\/p>\n<p>&nbsp;<\/p>\n<p>&nbsp;<\/p>\n<p style=\"text-align: justify;\"><strong>Elke B\u00fcdenbender und Prof. Dr. Dr. med. Eckhard Nagel<\/strong><\/p>\n<p>&nbsp;<\/p>\n<p style=\"text-align: justify;\">Die Juristin und Ehefrau des Bundespr\u00e4sidenten Frank-Walter Steinmeier und der Transplantationsmediziner und Theologe Eckhard Nagel sind seit drei\u00dfig Jahren befreundet. Aber nicht nur eine langj\u00e4hrige Freundschaft verbindet die beiden. Eckhard Nagel war auch der verantwortliche Mediziner, als es um die Transplantation einer neuen Niere f\u00fcr Elke B\u00fcdenbender ging. Jetzt \u00e4u\u00dfern sich die beiden gemeinsam in einem Buch zum Thema Sterben \u2013 denn der Tod ist beiden nicht unvertraut. Das Ergebnis ist ein inspirierendes Gespr\u00e4ch \u00fcber das Leben und das Sterben.<\/p>\n<p>&nbsp;<\/p>\n<p>&nbsp;<\/p>\n<p>&nbsp;<\/p>\n<p>&nbsp;<\/p>\n<p style=\"text-align: justify;\"><strong>Lili Paul-Roncalli<\/strong><\/p>\n<p>&nbsp;<\/p>\n<p style=\"text-align: justify;\">Lili Paul-Roncalli, der j\u00fcngste Spr\u00f6ssling im Hause Roncalli, hat sich l\u00e4ngst aus dem Schatten ihres ber\u00fchmten Vaters, Roncalli-Chef Bernhard Paul, gel\u00f6st. Im Jahr 2020 gewann sie \u201eLet\u2019s Dance\u201c und erlangte gro\u00dfe TV-Popularit\u00e4t. Von der Manege aufs Parkett \u2013 und jetzt fixer Bestandteil der \u201eStarmania\u201c-Jury in \u00d6sterreich. Lili geht ihren Weg, aber ihr Zuhause bleibt die Manege. &#8222;Ich bin doch im Paradies gro\u00df geworden \u2013 und das verl\u00e4sst man nicht.\u201c Aktuell hat sie gerade ein Kinderbuch geschrieben, was ihr gar nicht so leicht gefallen ist, denn Lili leidet an einer Lese- und Rechtschreibschw\u00e4che. \u201eDas hat auch meine Schulzeit sehr erschwert.\u201c Wie Lili das gemeistert hat, erz\u00e4hlt sie uns im K\u00f6lner Treff.<\/p>\n<p>&nbsp;<\/p>\n<p>&nbsp;<\/p>\n<p>&nbsp;<\/p>\n<p>&nbsp;<\/p>\n<p style=\"text-align: justify;\"><strong>Peter Kloeppel<\/strong><\/p>\n<p>&nbsp;<\/p>\n<p style=\"text-align: justify;\">Anchorman Peter Kloeppel ist eines der bekanntesten Fernsehgesichter und feierte gerade bei &#8222;RTL aktuell&#8220; sein 30-j\u00e4hriges Jubil\u00e4um. Kloeppel ist studierter Landwirt und hat seine Diplomarbeit \u00fcber Schweine geschrieben, tauschte aber kurz nach dem Studium Stall und Forke gegen Studio und Mikrofon ein. Seitdem ist er seinem Sender treu geblieben. Mit zwei Dingen hat er Fernsehgeschichte geschrieben: die Moderation am 11. September 2001 und die Moderation mit Smartphone-Licht, als im letzten Jahr im TV-Studio der Strom ausfiel. Beides hat er mit Bravour gemeistert. Warum er sein Jubil\u00e4um mit Kamillentee gefeiert hat, erz\u00e4hlt er uns im K\u00f6lner Treff.<\/p>\n<p>&nbsp;<\/p>\n<p>&nbsp;<\/p>\n<p>&nbsp;<\/p>\n<p>&nbsp;<\/p>\n<p style=\"text-align: justify;\"><strong>Julia Shaw<\/strong><\/p>\n<p>&nbsp;<\/p>\n<p style=\"text-align: justify;\">Die promovierte Rechtspsychologin wurde durch ihre Bestseller bekannt, in denen sie sich mit den menschlichen Abgr\u00fcnden der Kriminalpsychologie besch\u00e4ftigt. In K\u00f6ln geboren verbrachte die Deutsch-Kanadierin ihre Kindheit vorwiegend im Rheinland und studierte dann einige Jahre in Kanada. Inzwischen lebt sie in London, wo sie nicht nur als Wissenschaftlerin, sondern auch als Referentin und Fernsehmoderatorin t\u00e4tig ist. Daneben absolvierte Julia Shaw einen weiteren Masterstudiengang in Queer History \u2013 auch sie f\u00fchlt sich zu mehr als einem Geschlecht hingezogen und m\u00f6chte f\u00fcr mehr Akzeptanz f\u00fcr diese facettenreiche sexuelle Identit\u00e4t werben.<\/p>\n<p>&nbsp;<\/p>\n<p>&nbsp;<\/p>\n<p>&nbsp;<\/p>\n<p>&nbsp;<\/p>\n<p style=\"text-align: justify;\"><strong>Timon Krause<\/strong><\/p>\n<p>&nbsp;<\/p>\n<p style=\"text-align: justify;\">Ihm wurde als j\u00fcngster Preistr\u00e4ger aller Zeiten der Titel &#8222;Best European Mentalist&#8220; verliehen: Timon Krause. Der Mentalist und Autor ist mit seinen 27 Jahren einer der international erfolgreichsten Gedankenleser. Geboren in Moers, fand er seinen Mentor in Neuseeland, wohnt nun in Amsterdam und spielt Shows auf der ganzen Welt. Im K\u00f6lner Treff verr\u00e4t er uns, was ihn am Gedankenlesen und der Hypnose fasziniert, wie er mit seinen au\u00dfergew\u00f6hnlichen F\u00e4higkeiten seine Freundin kennenlernte, und au\u00dferdem zeigt er uns seine neuesten Tricks.<\/p>\n<p>&nbsp;<\/p>\n<p>&nbsp;<\/p>\n<p>&nbsp;<\/p>\n<p>&nbsp;<\/p>\n<p style=\"text-align: justify;\"><strong>Wigald Boning<\/strong><\/p>\n<p>&nbsp;<\/p>\n<p style=\"text-align: justify;\">Die vielfach mit bedeutenden Fernsehpreisen dekorierte &#8222;Humorfachkraft&#8220; Wigald Boning geh\u00f6rt zu den schillerndsten Pers\u00f6nlichkeiten der deutschen TV-Szene. Selbst die Pandemie setzte bei ihm Kreativit\u00e4t frei: So kam Boning, der mit seiner Familie im Bayern lebt, auf eine interessante Idee: Wie w\u00e4re es, ein Jahr lang jede Woche einen Marathon zu absolvieren, um Corona sozusagen davonzulaufen, ein Abenteuer zu erleben und sicherlich auch die Auseinandersetzung mit sich selbst zu intensivieren? Gesagt, getan\u2026 Im K\u00f6lner Treff schildert Wigald Boning auf gewohnt am\u00fcsante Weise seine Erfahrungen.<\/p>\n<p>&nbsp;<\/p>\n<p>&nbsp;<\/p>\n<figure id=\"attachment_167895\" aria-describedby=\"caption-attachment-167895\" style=\"width: 800px\" class=\"wp-caption alignnone\"><img decoding=\"async\" loading=\"lazy\" class=\"size-large wp-image-167895\" src=\"https:\/\/smago.de\/ws2\/wp-content\/uploads\/2021\/07\/1_Koelner_Treff_PW2721-800x528.jpg\" alt=\"\" width=\"800\" height=\"528\" srcset=\"https:\/\/smago.de\/ws2\/wp-content\/uploads\/2021\/07\/1_Koelner_Treff_PW2721-800x528.jpg 800w, https:\/\/smago.de\/ws2\/wp-content\/uploads\/2021\/07\/1_Koelner_Treff_PW2721-522x345.jpg 522w, https:\/\/smago.de\/ws2\/wp-content\/uploads\/2021\/07\/1_Koelner_Treff_PW2721-227x150.jpg 227w, https:\/\/smago.de\/ws2\/wp-content\/uploads\/2021\/07\/1_Koelner_Treff_PW2721-768x507.jpg 768w, https:\/\/smago.de\/ws2\/wp-content\/uploads\/2021\/07\/1_Koelner_Treff_PW2721-1536x1014.jpg 1536w, https:\/\/smago.de\/ws2\/wp-content\/uploads\/2021\/07\/1_Koelner_Treff_PW2721-2048x1352.jpg 2048w, https:\/\/smago.de\/ws2\/wp-content\/uploads\/2021\/07\/1_Koelner_Treff_PW2721-392x259.jpg 392w, https:\/\/smago.de\/ws2\/wp-content\/uploads\/2021\/07\/1_Koelner_Treff_PW2721-130x86.jpg 130w, https:\/\/smago.de\/ws2\/wp-content\/uploads\/2021\/07\/1_Koelner_Treff_PW2721-674x445.jpg 674w, https:\/\/smago.de\/ws2\/wp-content\/uploads\/2021\/07\/1_Koelner_Treff_PW2721-791x522.jpg 791w, https:\/\/smago.de\/ws2\/wp-content\/uploads\/2021\/07\/1_Koelner_Treff_PW2721-288x190.jpg 288w, https:\/\/smago.de\/ws2\/wp-content\/uploads\/2021\/07\/1_Koelner_Treff_PW2721-435x287.jpg 435w, https:\/\/smago.de\/ws2\/wp-content\/uploads\/2021\/07\/1_Koelner_Treff_PW2721-150x100.jpg 150w\" sizes=\"(max-width: 800px) 100vw, 800px\" \/><figcaption id=\"caption-attachment-167895\" class=\"wp-caption-text\"><em>\u00a9 WDR \/ Melanie Grande<\/em><\/figcaption><\/figure>\n","protected":false},"excerpt":{"rendered":"<p>WDR Fernsehen, 22:00 Uhr &#8211; 23:30 Uhr (1. Wh. in der Nacht auf 14.05., 00:15 Uhr &#8211; 01:45 Uhr; 2.<\/p>\n","protected":false},"author":2,"featured_media":167895,"comment_status":"open","ping_status":"closed","sticky":false,"template":"","format":"standard","meta":{"_FSMCFIC_featured_image_caption":"","_FSMCFIC_featured_image_nocaption":null,"_FSMCFIC_featured_image_hide":null},"categories":[23,128],"tags":[129],"acf":[],"_links":{"self":[{"href":"https:\/\/smago.de\/ws2\/wp-json\/wp\/v2\/posts\/183023"}],"collection":[{"href":"https:\/\/smago.de\/ws2\/wp-json\/wp\/v2\/posts"}],"about":[{"href":"https:\/\/smago.de\/ws2\/wp-json\/wp\/v2\/types\/post"}],"author":[{"embeddable":true,"href":"https:\/\/smago.de\/ws2\/wp-json\/wp\/v2\/users\/2"}],"replies":[{"embeddable":true,"href":"https:\/\/smago.de\/ws2\/wp-json\/wp\/v2\/comments?post=183023"}],"version-history":[{"count":2,"href":"https:\/\/smago.de\/ws2\/wp-json\/wp\/v2\/posts\/183023\/revisions"}],"predecessor-version":[{"id":183025,"href":"https:\/\/smago.de\/ws2\/wp-json\/wp\/v2\/posts\/183023\/revisions\/183025"}],"wp:featuredmedia":[{"embeddable":true,"href":"https:\/\/smago.de\/ws2\/wp-json\/wp\/v2\/media\/167895"}],"wp:attachment":[{"href":"https:\/\/smago.de\/ws2\/wp-json\/wp\/v2\/media?parent=183023"}],"wp:term":[{"taxonomy":"category","embeddable":true,"href":"https:\/\/smago.de\/ws2\/wp-json\/wp\/v2\/categories?post=183023"},{"taxonomy":"post_tag","embeddable":true,"href":"https:\/\/smago.de\/ws2\/wp-json\/wp\/v2\/tags?post=183023"}],"curies":[{"name":"wp","href":"https:\/\/api.w.org\/{rel}","templated":true}]}}