{"id":182983,"date":"2022-05-12T11:50:29","date_gmt":"2022-05-12T09:50:29","guid":{"rendered":"https:\/\/smago.de\/ws2\/?p=182983"},"modified":"2022-05-13T00:13:39","modified_gmt":"2022-05-12T22:13:39","slug":"neon-die-jungs-von-neon-nehmen-uns-in-ihrem-cabrio-mit","status":"publish","type":"post","link":"https:\/\/smago.de\/ws2\/pop-schlager\/neon-die-jungs-von-neon-nehmen-uns-in-ihrem-cabrio-mit\/","title":{"rendered":"NEON <br>Die Jungs von Neon nehmen uns in ihrem &#8222;Cabrio&#8220; mit!"},"content":{"rendered":"<p>Die offizielle Videopremiere erfolgt\u00a0am Freitag (13.05.2022) um 17:00 Uhr auf &#8222;Schlager f\u00fcr Alle&#8220;!<br \/>\n<!--more--><\/p>\n<p>&nbsp;<\/p>\n<p>&nbsp;<\/p>\n<p style=\"text-align: justify;\">Nachdem NEON zuletzt mit \u201eFly High\u201c einen ersten Popschlager-H\u00f6henflug f\u00fcrs neue Label vorgelegt hatte, geht es dem gefeierten Party-Duo aus Nordrhein-Westfalen dieses Mal um eine sp\u00e4te zweite Chance \u2013 und eine verliebt-spontane Spritztour ins Ungewisse. Die explosive Fr\u00fchlingssingle \u201eCabrio\u201c vereint eine extrem tanzbare Gute-Laune-Produktion mit dem leidenschaftlichen Feuer eines Liebesabenteuers, das viel zu lange unm\u00f6glich schien \u2026<\/p>\n<div style=\"text-align: justify;\">\n<p>Mit gepackten Koffern steht sie pl\u00f6tzlich da: Ein Schlussstrich, ein Abschied, ein l\u00e4ngst \u00fcberf\u00e4lliger Cut mit dem alten Leben, der vor allem die Chance f\u00fcr etwas Neues darstellt. \u201eWir tun uns gut, das haben wir immer gewusst\u201c, hei\u00dft es denn auch in den Worten des alten Freunds und Cabrio-Fahrers, der es nach dem Einsammeln vom Wegesrand zun\u00e4chst kaum glauben kann, dass sein heimlicher Schwarm pl\u00f6tzlich wieder solo sein soll. Doch so ist\u2019s: Sie l\u00f6st sich das Haar \u2013 und stellt klar, \u201emein Herz ist offen wie dein Cabrio!\u201c So beginnt das rasante zweisame Abenteuer, nach dem Motto, \u201eeinfach fahren, ganz ohne Plan, in Richtung nirgendwo.\u201c<\/p>\n<p>W\u00e4hrend das treibende, unbedingt tanzbare Arrangement einerseits die Leidenschaft dieser unverhofften Roadtrip-Liebschaft widerspiegelt, bringen Tom und Andi von NEON auch musikalisch dieses Spontane, Gel\u00f6ste, Befreiende ins Spiel, das so eine unerwartete Rendezvous-Spritztour ohne Verdeck mit sich bringt: \u201eDie Chance ist jetzt da!\u201c Euphorisiert und einfach nur lebensbejahend, zeigt das Duo zugleich einen weiteren Aspekt seines Popschlager-Begriffs, den NEON demn\u00e4chst auch auf Albuml\u00e4nge pr\u00e4sentieren wird \u2013 denn auch der n\u00e4chste Longplayer soll bereits in diesem Jahr erscheinen.<\/p>\n<p>Urspr\u00fcnglich zwei Mediengestalter, lernten sich Tom (Thomas Reese) und Andi (Andreas Robitzky) in einem Musikstudio kennen \u2013 allerdings berufsbedingt damals noch eher \u201ehinter den Reglern\u201c. Die Chemie passte sofort, menschlich und musikalisch waren sie direkt auf derselben Wellenl\u00e4nge, weshalb sie bald darauf gemeinsam am Mikrofon standen und auf diversen Stra\u00dfenfesten f\u00fcr beste Laune sorgten. Nachdem sie den Namen NEON von einem griechischen Restaurant entliehen hatten, konzentrierten sie sich von Anfang an aufs Abheben, auf Flugbahnen und Himmelskonstellationen: Schon ihre erste Single hie\u00df \u201eSternenflieger\u201c \u2013 kein Wunder, dass sie zuletzt mit der Single \u201eFly High\u201c den Einstand bei TELAMO feierten.<\/p>\n<p>Schon das 2016 ver\u00f6ffentlichte Deb\u00fctalbum \u201eUniversum\u201c sorgte daf\u00fcr, dass der Veranstalter Markus Krampe die beiden f\u00fcr seine \u201eOl\u00e9\u201c-Konzertreihe ausw\u00e4hlte \u2013 was ihnen dann auch gleich einen Auftritt vor 40.000 Menschen (auf Schalke) bescherte. Als sie 2018 dann das Album-Update \u201e2.0\u201c vorlegten, schauten bei der gro\u00dfen Release-Party auch Anna-Carina Woitschack und Tanja Lasch auf der B\u00fchne vorbei. Inzwischen mehrfach \u201eBand des Jahres\u201c (<a href=\"http:\/\/schlager.de\/\">schlager.de<\/a>) und \u201eK\u00fcnstler des Jahres\u201c (<a href=\"http:\/\/sonnenklar.tv\/\">sonnenklar.tv<\/a>), hat NEON zuletzt rund 120 Party-Konzerte pro Jahr gespielt \u2013 um w\u00e4hrend der Pandemie dann hohe f\u00fcnfstellige Viewzahlen mit seinen Streaming-Shows zu generieren. Kombiniert verzeichnen die YouTube-Clips des Duos l\u00e4ngst \u00fcber 2 Millionen Views.<\/p>\n<p>Der Fr\u00fchling bringt den n\u00e4chsten Hit und die Gelegenheit f\u00fcr eine spontane Spritztour mit ganz viel Herzklopfen: Die Single \u201eCabrio\u201c erscheint am 13. Mai bei TELAMO.<\/p>\n<\/div>\n<p>&nbsp;<\/p>\n<p><iframe loading=\"lazy\" src=\"\/\/www.youtube.com\/embed\/Cz7wJlWTmjk?feature=youtu\" width=\"800\" height=\"449\" allowfullscreen=\"allowfullscreen\"><\/iframe><\/p>\n","protected":false},"excerpt":{"rendered":"<p>Die offizielle Videopremiere erfolgt\u00a0am Freitag (13.05.2022) um 17:00 Uhr auf &#8222;Schlager f\u00fcr Alle&#8220;!<\/p>\n","protected":false},"author":2,"featured_media":183059,"comment_status":"open","ping_status":"closed","sticky":false,"template":"","format":"standard","meta":{"_FSMCFIC_featured_image_caption":"","_FSMCFIC_featured_image_nocaption":null,"_FSMCFIC_featured_image_hide":null},"categories":[28],"tags":[569],"acf":[],"_links":{"self":[{"href":"https:\/\/smago.de\/ws2\/wp-json\/wp\/v2\/posts\/182983"}],"collection":[{"href":"https:\/\/smago.de\/ws2\/wp-json\/wp\/v2\/posts"}],"about":[{"href":"https:\/\/smago.de\/ws2\/wp-json\/wp\/v2\/types\/post"}],"author":[{"embeddable":true,"href":"https:\/\/smago.de\/ws2\/wp-json\/wp\/v2\/users\/2"}],"replies":[{"embeddable":true,"href":"https:\/\/smago.de\/ws2\/wp-json\/wp\/v2\/comments?post=182983"}],"version-history":[{"count":2,"href":"https:\/\/smago.de\/ws2\/wp-json\/wp\/v2\/posts\/182983\/revisions"}],"predecessor-version":[{"id":183060,"href":"https:\/\/smago.de\/ws2\/wp-json\/wp\/v2\/posts\/182983\/revisions\/183060"}],"wp:featuredmedia":[{"embeddable":true,"href":"https:\/\/smago.de\/ws2\/wp-json\/wp\/v2\/media\/183059"}],"wp:attachment":[{"href":"https:\/\/smago.de\/ws2\/wp-json\/wp\/v2\/media?parent=182983"}],"wp:term":[{"taxonomy":"category","embeddable":true,"href":"https:\/\/smago.de\/ws2\/wp-json\/wp\/v2\/categories?post=182983"},{"taxonomy":"post_tag","embeddable":true,"href":"https:\/\/smago.de\/ws2\/wp-json\/wp\/v2\/tags?post=182983"}],"curies":[{"name":"wp","href":"https:\/\/api.w.org\/{rel}","templated":true}]}}