{"id":182790,"date":"2022-05-06T23:59:50","date_gmt":"2022-05-06T21:59:50","guid":{"rendered":"https:\/\/smago.de\/ws2\/?p=182790"},"modified":"2022-05-06T14:34:37","modified_gmt":"2022-05-06T12:34:37","slug":"judith-williams-u-a-sa-07-05-2022-hirschhausens-quiz-des-menschen","status":"publish","type":"post","link":"https:\/\/smago.de\/ws2\/schlager\/judith-williams-u-a-sa-07-05-2022-hirschhausens-quiz-des-menschen\/","title":{"rendered":"JUDITH WILLIAMS u.a. <br>Sa., 07.05.2022: &#8222;Hirschhausens Quiz des Menschen&#8220;!"},"content":{"rendered":"<p>Das Erste \/ ARD, 20:15 Uhr &#8211; 23:15 Uhr! Moderation: Dr. Eckart von Hirschhausen!<br \/>\n<!--more--><\/p>\n<p>&nbsp;<\/p>\n<p style=\"text-align: justify;\">\n<p style=\"text-align: justify;\">\n<p style=\"text-align: justify;\">\u201eUnsere Sendung ist prall gef\u00fcllt mit Perspektivwechseln und Themen, die man am Samstagabend nicht erwartet. Vor allem wird sie sehr lustig, weil wir ein begeistertes Publikum im Studio und neugierige und spielfreudige Prominente von einer ganz neuen Seite erleben d\u00fcrfen\u201c, freut sich Eckart von Hirschhausen.<\/p>\n<p style=\"text-align: justify;\">Sie ist ein wahres Multitalent: K\u00f6chin, \u00c4rztin, Personal Shopper, Eventmanagerin, Streitschlichterin, Lehrerin, Konditorin, Putzfrau, Zauberin \u2026 Von welcher Superheldin ist die Rede? Von Mama nat\u00fcrlich. Denn wenn es um ihre Kinder geht, entwickeln Frauen wahre \u00dcberkr\u00e4fte. Doch ob Glucke oder Karrierefrau, Helikopter oder Rasenm\u00e4her \u2013 die Balance zwischen dem eigenen Perfektionismus und den gesellschaftlichen oder beruflichen Anforderungen bringt viele M\u00fctter an ihre Grenzen. Dr. Eckart von Hirschhausen erkl\u00e4rt am Tag vor Muttertag, welchen Einfluss die Schwiegermutter auf M\u00fctter hat und wie es zum Parental-Burn-Out kommen kann.<\/p>\n<p style=\"text-align: justify;\">Einmal die Erde von oben sehen \u2013 dieser Traum k\u00f6nnte f\u00fcr Dr. Insa Thiele-Eich 2023 Realit\u00e4t werden, wenn sie als erste deutsche Astronautin \u00fcberhaupt zur ISS ins All fliegt. Welche Erkenntnisse sie sich \u00fcber die Reaktion des weiblichen K\u00f6rpers auf die Schwerelosigkeit und Forschungsergebnisse f\u00fcr die Frauenmedizin erhofft, wird sie im Studio erz\u00e4hlen.<\/p>\n<p style=\"text-align: justify;\">Endometriose ist die zweith\u00e4ufigste gyn\u00e4kologische Erkrankung: Rund 40.000 Frauen zwischen 25 und 35 Jahren erkranken j\u00e4hrlich in Deutschland daran. Doch aufgrund der unspezifischen Symptome bleibt die Krankheit oft jahrelang unerkannt. Das will Influencerin Anna Wilken \u00e4ndern. Das 26-j\u00e4hrige Model leidet selbst an Endometriose und m\u00f6chte Aufmerksamkeit und Verst\u00e4ndnis f\u00fcr die Betroffenen wecken. Offen schildert sie ihren Umgang mit der Erkrankung und kl\u00e4rt \u00fcber Ursachen und Symptome auf.<\/p>\n<p style=\"text-align: justify;\">Ob Krimi-Dinner, Escape-Rooms oder Fernsehkrimis \u2013 Verbrechen \u00fcben von jeher eine gro\u00dfe Faszination auf uns Menschen aus. Dr. Eckart von Hirschhausen begibt sich auf eine spannende Reise und trifft Dr. Constanze Niess. Sie ist DIE Gesichtsrekonstrukteurin in Deutschland und unterst\u00fctzt mit ihrer Arbeit die Polizei bei der L\u00f6sung r\u00e4tselhafter Kriminalf\u00e4lle. Im Gespr\u00e4ch mit der Spezialistin erf\u00e4hrt Dr. Eckart von Hirschhausen, welche besonderen Werkzeuge sie bei der Rekonstruktion benutzt, warum Haare f\u00fcr die Gesichtserkennung kontraproduktiv sind und bei welchen Verbrechen sie ma\u00dfgeblich zur Aufkl\u00e4rung beigetragen hat.<\/p>\n<p>&nbsp;<\/p>\n<p>&nbsp;<\/p>\n<p style=\"text-align: justify;\"><em>\u201eHirschhausens Quiz des Menschen\u201c ist eine Produktion des WDR in Zusammenarbeit mit der ARD und \u201eAnsager &amp; Schnipselmann\u201c.<\/em><\/p>\n<p>&nbsp;<\/p>\n<p>&nbsp;<\/p>\n<figure id=\"attachment_182791\" aria-describedby=\"caption-attachment-182791\" style=\"width: 800px\" class=\"wp-caption alignnone\"><img decoding=\"async\" loading=\"lazy\" class=\"size-large wp-image-182791\" src=\"https:\/\/smago.de\/ws2\/wp-content\/uploads\/2022\/05\/13_Hirschhausens_Quiz_des_Menschen_PW1822-800x528.jpg\" alt=\"\" width=\"800\" height=\"528\" srcset=\"https:\/\/smago.de\/ws2\/wp-content\/uploads\/2022\/05\/13_Hirschhausens_Quiz_des_Menschen_PW1822-800x528.jpg 800w, https:\/\/smago.de\/ws2\/wp-content\/uploads\/2022\/05\/13_Hirschhausens_Quiz_des_Menschen_PW1822-522x345.jpg 522w, https:\/\/smago.de\/ws2\/wp-content\/uploads\/2022\/05\/13_Hirschhausens_Quiz_des_Menschen_PW1822-227x150.jpg 227w, https:\/\/smago.de\/ws2\/wp-content\/uploads\/2022\/05\/13_Hirschhausens_Quiz_des_Menschen_PW1822-768x507.jpg 768w, https:\/\/smago.de\/ws2\/wp-content\/uploads\/2022\/05\/13_Hirschhausens_Quiz_des_Menschen_PW1822-1536x1014.jpg 1536w, https:\/\/smago.de\/ws2\/wp-content\/uploads\/2022\/05\/13_Hirschhausens_Quiz_des_Menschen_PW1822-2048x1352.jpg 2048w, https:\/\/smago.de\/ws2\/wp-content\/uploads\/2022\/05\/13_Hirschhausens_Quiz_des_Menschen_PW1822-392x259.jpg 392w, https:\/\/smago.de\/ws2\/wp-content\/uploads\/2022\/05\/13_Hirschhausens_Quiz_des_Menschen_PW1822-130x86.jpg 130w, https:\/\/smago.de\/ws2\/wp-content\/uploads\/2022\/05\/13_Hirschhausens_Quiz_des_Menschen_PW1822-674x445.jpg 674w, https:\/\/smago.de\/ws2\/wp-content\/uploads\/2022\/05\/13_Hirschhausens_Quiz_des_Menschen_PW1822-791x522.jpg 791w, https:\/\/smago.de\/ws2\/wp-content\/uploads\/2022\/05\/13_Hirschhausens_Quiz_des_Menschen_PW1822-288x190.jpg 288w, https:\/\/smago.de\/ws2\/wp-content\/uploads\/2022\/05\/13_Hirschhausens_Quiz_des_Menschen_PW1822-435x287.jpg 435w, https:\/\/smago.de\/ws2\/wp-content\/uploads\/2022\/05\/13_Hirschhausens_Quiz_des_Menschen_PW1822-150x100.jpg 150w\" sizes=\"(max-width: 800px) 100vw, 800px\" \/><figcaption id=\"caption-attachment-182791\" class=\"wp-caption-text\"><em>Smudo, Eckart von Hirschhausen, Judith Williams und Samuel Koch (v.l.n.r.) bei &#8222;Hirschhausens Quiz des Menschen&#8220;.<\/em><\/p>\n<p><em>\u00a9 WDR \/ Ben Knabe<\/em><\/figcaption><\/figure>\n","protected":false},"excerpt":{"rendered":"<p>Das Erste \/ ARD, 20:15 Uhr &#8211; 23:15 Uhr! Moderation: Dr. Eckart von Hirschhausen!<\/p>\n","protected":false},"author":2,"featured_media":182791,"comment_status":"open","ping_status":"closed","sticky":false,"template":"","format":"standard","meta":{"_FSMCFIC_featured_image_caption":"","_FSMCFIC_featured_image_nocaption":null,"_FSMCFIC_featured_image_hide":null},"categories":[29,128],"tags":[544],"acf":[],"_links":{"self":[{"href":"https:\/\/smago.de\/ws2\/wp-json\/wp\/v2\/posts\/182790"}],"collection":[{"href":"https:\/\/smago.de\/ws2\/wp-json\/wp\/v2\/posts"}],"about":[{"href":"https:\/\/smago.de\/ws2\/wp-json\/wp\/v2\/types\/post"}],"author":[{"embeddable":true,"href":"https:\/\/smago.de\/ws2\/wp-json\/wp\/v2\/users\/2"}],"replies":[{"embeddable":true,"href":"https:\/\/smago.de\/ws2\/wp-json\/wp\/v2\/comments?post=182790"}],"version-history":[{"count":1,"href":"https:\/\/smago.de\/ws2\/wp-json\/wp\/v2\/posts\/182790\/revisions"}],"predecessor-version":[{"id":182792,"href":"https:\/\/smago.de\/ws2\/wp-json\/wp\/v2\/posts\/182790\/revisions\/182792"}],"wp:featuredmedia":[{"embeddable":true,"href":"https:\/\/smago.de\/ws2\/wp-json\/wp\/v2\/media\/182791"}],"wp:attachment":[{"href":"https:\/\/smago.de\/ws2\/wp-json\/wp\/v2\/media?parent=182790"}],"wp:term":[{"taxonomy":"category","embeddable":true,"href":"https:\/\/smago.de\/ws2\/wp-json\/wp\/v2\/categories?post=182790"},{"taxonomy":"post_tag","embeddable":true,"href":"https:\/\/smago.de\/ws2\/wp-json\/wp\/v2\/tags?post=182790"}],"curies":[{"name":"wp","href":"https:\/\/api.w.org\/{rel}","templated":true}]}}