{"id":182734,"date":"2022-05-06T02:12:32","date_gmt":"2022-05-06T00:12:32","guid":{"rendered":"https:\/\/smago.de\/ws2\/?p=182734"},"modified":"2022-05-06T10:20:38","modified_gmt":"2022-05-06T08:20:38","slug":"matthias-reim-die-single-bon-voyage-markiert-den-startschuss-zur-grossen-matthias-tour","status":"publish","type":"post","link":"https:\/\/smago.de\/ws2\/pop-schlager\/matthias-reim-die-single-bon-voyage-markiert-den-startschuss-zur-grossen-matthias-tour\/","title":{"rendered":"MATTHIAS REIM <br>Die Single &#8222;Bon voyage&#8220; markiert den Startschuss zur gro\u00dfen &#8222;MATTHIAS&#8220;-Tour!"},"content":{"rendered":"<p>Diese startet am 02.06.2022!<br \/>\n<!--more--><\/p>\n<p>&nbsp;<\/p>\n<p>&nbsp;<\/p>\n<p style=\"text-align: justify;\">Immer unterwegs sein, niemals stehenbleiben! Denn Liebe vertr\u00e4gt keine Statik: Matthias Reim w\u00fcnscht allen Liebenden mit seiner neuen Single &#8222;Bon voyage&#8220;! Die neue Single-Auskopplung aus dem aktuellen Top-3-Album &#8222;MATTHIAS&#8220; markiert gleichzeitig den Startschuss zur gro\u00dfen &#8222;MATTHIAS&#8220;-Tour, die am 02.06.2022 beginnt und bis weit ins kommende Jahr dauern wird.<\/p>\n<p>W\u00e4hrend Matthias Reim immer noch riffstark mit \u201eBlaulicht\u201c durch die AirplayCharts jagt, k\u00fcndigt der Rastlose bereits seinen n\u00e4chsten Hit an: \u201eBon Voyage\u201c. Die Hymne an die Liebe ist typisch Reim, ungek\u00fcnstelt, geradeaus und unmittelbar leicht ins Ohr gehend. \u201eBon Voyage\u201c f\u00fchrt mit gro\u00dfem Refrain, flankiert von vitalisierenden Akkordeonkl\u00e4ngen, zur Quelle der Liebe, zur Zwanglosigkeit. Die dort getroffene Erkenntnis lautet: \u201eLiebe ist kein K\u00e4fig, Liebe braucht Freiheit!\u201c. Leichter gesagt als getan! Wer kennt nicht das nagende Gef\u00fchl im Bauch, das dem perfekten Moment zu zweit folgt? Man will die Situation festhalten, alle Probleme vergessen, der Schwerelosigkeit f\u00fcr immer folgen. Aber das Leben l\u00e4sst sich nicht an Ketten legen, es lebt, ohne die Frage nach dem Warum zu stellen.<\/p>\n<p>Genau diesen Augenblick greift Matthias Reim mit jenem Erfahrungsschatz auf, dem sich nur einer erm\u00e4chtigen kann, der nie Rei\u00dfaus genommen hat vor den Irrungen und Wirrungen des Lebens. Einer wie Matthias Reim! Er l\u00e4sst los, er sagt \u201eBon Voyage\u201c weil er wei\u00df, dass sie nur zur\u00fcckkehren wird, wenn sie sich frei f\u00fchlt. Das ist die Botschaft der mitrei\u00dfenden, neuen Single, die auch dem gleichnamigen Video innewohnt. Der Dreh fand an einem von Matthias&#8216; erkl\u00e4rten Lieblingsorten statt, am Comer See, in der Lombardei. In der norditalienischen Region, wo das nat\u00fcrliche Licht so facettenreich ist wie das Laben, fing die Reim-Crew Bilder voller Anmut und Ausdruckskraft ein.<\/p>\n<p>Die Single-Ver\u00f6ffentlichung von \u201eBon voyage\u201c markiert gleichzeitig den bevorstehenden Startschuss zur gro\u00dfen \u201eMatthias\u201c-Konzertreise 2022\/2023.<\/p>\n<p>Endlich darf wieder live gespielt werden! Der K\u00f6nigsdisziplin des Musikerdaseins gab Matthias Reims immer schon den Vorzug. Ihm bedeuten das gemeinsame Empfinden der Musik mit seinem Publikum und das Feiern seiner vielen Hits nach wie vor viel mehr als die vielen Awards, die seine Studiow\u00e4nde zieren. Matthias Reim-Musik muss raus zu den Menschen, rein ins Leben, wo sie letztlich auch herstammt. Mehr als 40 Shows stehen zwischen Anfang Juni 2022 und Mitte April 2023 auf dem Programm. Und es ist keineswegs ausgeschlossen, dass noch etliche dazukommen werden. Denn Matthias Reims Popularit\u00e4t, die mit dem Aphorismus \u201eVerdammt, ich lieb dich\u201c begann, h\u00e4lt ungebrochen an.<\/p>\n","protected":false},"excerpt":{"rendered":"<p>Diese startet am 02.06.2022!<\/p>\n","protected":false},"author":2,"featured_media":182735,"comment_status":"open","ping_status":"closed","sticky":false,"template":"","format":"standard","meta":{"_FSMCFIC_featured_image_caption":"","_FSMCFIC_featured_image_nocaption":null,"_FSMCFIC_featured_image_hide":null},"categories":[28],"tags":[50],"acf":[],"_links":{"self":[{"href":"https:\/\/smago.de\/ws2\/wp-json\/wp\/v2\/posts\/182734"}],"collection":[{"href":"https:\/\/smago.de\/ws2\/wp-json\/wp\/v2\/posts"}],"about":[{"href":"https:\/\/smago.de\/ws2\/wp-json\/wp\/v2\/types\/post"}],"author":[{"embeddable":true,"href":"https:\/\/smago.de\/ws2\/wp-json\/wp\/v2\/users\/2"}],"replies":[{"embeddable":true,"href":"https:\/\/smago.de\/ws2\/wp-json\/wp\/v2\/comments?post=182734"}],"version-history":[{"count":2,"href":"https:\/\/smago.de\/ws2\/wp-json\/wp\/v2\/posts\/182734\/revisions"}],"predecessor-version":[{"id":182740,"href":"https:\/\/smago.de\/ws2\/wp-json\/wp\/v2\/posts\/182734\/revisions\/182740"}],"wp:featuredmedia":[{"embeddable":true,"href":"https:\/\/smago.de\/ws2\/wp-json\/wp\/v2\/media\/182735"}],"wp:attachment":[{"href":"https:\/\/smago.de\/ws2\/wp-json\/wp\/v2\/media?parent=182734"}],"wp:term":[{"taxonomy":"category","embeddable":true,"href":"https:\/\/smago.de\/ws2\/wp-json\/wp\/v2\/categories?post=182734"},{"taxonomy":"post_tag","embeddable":true,"href":"https:\/\/smago.de\/ws2\/wp-json\/wp\/v2\/tags?post=182734"}],"curies":[{"name":"wp","href":"https:\/\/api.w.org\/{rel}","templated":true}]}}