{"id":182718,"date":"2022-05-06T00:00:33","date_gmt":"2022-05-05T22:00:33","guid":{"rendered":"https:\/\/smago.de\/ws2\/?p=182718"},"modified":"2022-05-06T11:13:50","modified_gmt":"2022-05-06T09:13:50","slug":"steffen-sturm-seine-2-solo-single-heisst-hoer-wieder-auf-dein-herz","status":"publish","type":"post","link":"https:\/\/smago.de\/ws2\/pop-schlager\/steffen-sturm-seine-2-solo-single-heisst-hoer-wieder-auf-dein-herz\/","title":{"rendered":"STEFFEN STURM  <br>Seine zweite Solo-Single hei\u00dft \u201eH\u00f6r wieder auf dein Herz\u201c!"},"content":{"rendered":"<p>Mit seinem neuen Schlager hat er einen Gute-Laune-Song mit melancholischem Unterton geschaffen!<!--more--><\/p>\n<p>&nbsp;<\/p>\n<p>&nbsp;<\/p>\n<p style=\"text-align: justify;\">Schon seit vielen Jahren ist STEFFEN STURM als Musiker erfolgreich unterwegs. Begonnen hat seine Musiker-Laufbahn als Heavy-Metal-Interpret \u2013 bereits 2003 schnitt er beim \u201eRock- und Poppreis\u201c in dieser Funktion erfolgreich ab.<\/p>\n<p style=\"text-align: justify;\">Auch als Teil verschiedenen Schlagerprojekte in der Vergangenheit erzielte er bei Fans und Kritikern erste Achtungserfolge. Nun startet STEFFEN STURM solo durch \u2013 und wie. Seine in diesem Jahr erschienene Solo-Single \u201eIm Schatten der Nacht\u201c kam bei den Fans gut an und wurde von Radiostationen wie SWR4 gut angenommen.<\/p>\n<p style=\"text-align: justify;\">Mit seiner zweiten Solo-Single hat STEFFEN sich entschlossen, einen bereits im Duo ver\u00f6ffentlichten Titel g\u00e4nzlich neu aufzunehmen. Den Text hat der K\u00fcnstler dabei unver\u00e4ndert gelassen, dazu aber eine vielleicht passendere, getragenere und dennoch optimistisch wirkende Melodie dazu komponiert.<\/p>\n<p style=\"text-align: justify;\">Die inhaltliche Aussage des Songs, auch und gerade in schwierigen Zeiten (\u201emanchmal f\u00fchl ich mich so einsam\u201c, \u201eJetzt geht nichts mehr\u201c) nach vorne zu schauen und im Zweifel sein Herz zu h\u00f6ren \u2013 eben \u201ealles Alte hinter sich\u201c zu lassen und \u201enoch mal von vorne anzufangen\u201c.<\/p>\n<p style=\"text-align: justify;\">Hier wird klar positives Denken in den Fokus gestellt, was in krisengebeutelten Zeiten sicher ein wichtiger Aspekt ist \u2013 eben das Sch\u00f6ne im Leben nicht zu vergessen: \u201eDas Leben will dich lachen sehen\u201c, konstatiert STEFFEN und empfiehlt: \u201eVertraue deinem Bauchgef\u00fchl\u201c. In echter Hymnen-Tradition wird die textliche Aussage noch einmal mit Modulation um einen Halbtonschritt musikalisch unterstrichen.<\/p>\n<p style=\"text-align: justify;\">Der Pressetext betont zurecht, dass STEFFEN STURM quasi die Quadratur des Kreises gelungen ist, indem er einen Gute-Laune-Song mit melancholischem Unterton geschaffen hat, was durch die neue Komposition noch einmal besser zum Ausdruck gekommen ist.<\/p>\n<p>&nbsp;<\/p>\n<p>&nbsp;<\/p>\n<p>&nbsp;<\/p>\n<p><iframe loading=\"lazy\" src=\"\/\/www.youtube.com\/embed\/7fHdOCzRlS4\" width=\"800\" height=\"450\" allowfullscreen=\"allowfullscreen\"><\/iframe><\/p>\n<p>&nbsp;<\/p>\n<p>&nbsp;<\/p>\n<p><img decoding=\"async\" loading=\"lazy\" class=\"alignnone size-large wp-image-182473\" src=\"https:\/\/smago.de\/ws2\/wp-content\/uploads\/2022\/05\/sturm_hoerwieder-800x800.jpeg\" alt=\"\" width=\"800\" height=\"800\" srcset=\"https:\/\/smago.de\/ws2\/wp-content\/uploads\/2022\/05\/sturm_hoerwieder-800x800.jpeg 800w, https:\/\/smago.de\/ws2\/wp-content\/uploads\/2022\/05\/sturm_hoerwieder-522x522.jpeg 522w, https:\/\/smago.de\/ws2\/wp-content\/uploads\/2022\/05\/sturm_hoerwieder-150x150.jpeg 150w, https:\/\/smago.de\/ws2\/wp-content\/uploads\/2022\/05\/sturm_hoerwieder-768x768.jpeg 768w, https:\/\/smago.de\/ws2\/wp-content\/uploads\/2022\/05\/sturm_hoerwieder-272x272.jpeg 272w, https:\/\/smago.de\/ws2\/wp-content\/uploads\/2022\/05\/sturm_hoerwieder-600x600.jpeg 600w, https:\/\/smago.de\/ws2\/wp-content\/uploads\/2022\/05\/sturm_hoerwieder-130x130.jpeg 130w, https:\/\/smago.de\/ws2\/wp-content\/uploads\/2022\/05\/sturm_hoerwieder-445x445.jpeg 445w, https:\/\/smago.de\/ws2\/wp-content\/uploads\/2022\/05\/sturm_hoerwieder-190x190.jpeg 190w, https:\/\/smago.de\/ws2\/wp-content\/uploads\/2022\/05\/sturm_hoerwieder-290x290.jpeg 290w, https:\/\/smago.de\/ws2\/wp-content\/uploads\/2022\/05\/sturm_hoerwieder.jpeg 1500w\" sizes=\"(max-width: 800px) 100vw, 800px\" \/><\/p>\n","protected":false},"excerpt":{"rendered":"<p>Mit seinem neuen Schlager hat er einen Gute-Laune-Song mit melancholischem Unterton geschaffen!<\/p>\n","protected":false},"author":20,"featured_media":182473,"comment_status":"open","ping_status":"closed","sticky":false,"template":"","format":"standard","meta":{"_FSMCFIC_featured_image_caption":"","_FSMCFIC_featured_image_nocaption":null,"_FSMCFIC_featured_image_hide":null},"categories":[28,29],"tags":[2451],"acf":[],"_links":{"self":[{"href":"https:\/\/smago.de\/ws2\/wp-json\/wp\/v2\/posts\/182718"}],"collection":[{"href":"https:\/\/smago.de\/ws2\/wp-json\/wp\/v2\/posts"}],"about":[{"href":"https:\/\/smago.de\/ws2\/wp-json\/wp\/v2\/types\/post"}],"author":[{"embeddable":true,"href":"https:\/\/smago.de\/ws2\/wp-json\/wp\/v2\/users\/20"}],"replies":[{"embeddable":true,"href":"https:\/\/smago.de\/ws2\/wp-json\/wp\/v2\/comments?post=182718"}],"version-history":[{"count":4,"href":"https:\/\/smago.de\/ws2\/wp-json\/wp\/v2\/posts\/182718\/revisions"}],"predecessor-version":[{"id":182749,"href":"https:\/\/smago.de\/ws2\/wp-json\/wp\/v2\/posts\/182718\/revisions\/182749"}],"wp:featuredmedia":[{"embeddable":true,"href":"https:\/\/smago.de\/ws2\/wp-json\/wp\/v2\/media\/182473"}],"wp:attachment":[{"href":"https:\/\/smago.de\/ws2\/wp-json\/wp\/v2\/media?parent=182718"}],"wp:term":[{"taxonomy":"category","embeddable":true,"href":"https:\/\/smago.de\/ws2\/wp-json\/wp\/v2\/categories?post=182718"},{"taxonomy":"post_tag","embeddable":true,"href":"https:\/\/smago.de\/ws2\/wp-json\/wp\/v2\/tags?post=182718"}],"curies":[{"name":"wp","href":"https:\/\/api.w.org\/{rel}","templated":true}]}}