{"id":182672,"date":"2022-05-05T13:30:00","date_gmt":"2022-05-05T11:30:00","guid":{"rendered":"https:\/\/smago.de\/ws2\/?p=182672"},"modified":"2022-05-05T17:01:51","modified_gmt":"2022-05-05T15:01:51","slug":"lets-dance-u-a-viertelfinale-und-trio-dances-bei-lets-dance-am-06-05-2022-rtl","status":"publish","type":"post","link":"https:\/\/smago.de\/ws2\/smago-informiert\/lets-dance-u-a-viertelfinale-und-trio-dances-bei-lets-dance-am-06-05-2022-rtl\/","title":{"rendered":"&#8222;LET&#8217;S DANCE&#8220; u.a. <br>Viertelfinale und Trio-Dances bei &#8222;Let\u2019s Dance&#8220; am 06.05.2022, RTL!"},"content":{"rendered":"<p style=\"text-align: justify;\">Die T\u00e4nze der 10. Live-Show am Freitag: Wer schafft es ins Halbfinale? \/\/ 20:15 Uhr &#8211; 23:25 Uhr (Wh. in der Nacht auf 07.05., 05:10 Uhr &#8211; 08:00 Uhr)!<br \/>\n<!--more--><\/p>\n<p>&nbsp;<\/p>\n<p>&nbsp;<\/p>\n<p>Nur noch f\u00fcnf Tanzpaare im Rennen um den Titel &#8222;Dancing Star 2022&#8220;! Wer schafft es ins Halbfinale? Die sch\u00f6nste Show der Tanzwelt geht am kommenden Freitag, 6. Mai 2022, 20:15 Uhr, bei RTL weiter. Im Viertelfinale m\u00fcssen die Stars zwei komplett neue T\u00e4nze pr\u00e4sentieren. Neben den regul\u00e4ren Einzelt\u00e4nzen treten sie auch in Trio-Dances an und tanzen dabei mit einem weiteren Tanzprofi zu dritt. Daniel Hartwich f\u00fchrt gemeinsam mit Victoria Swarovski durch die zehnte Live-Show. Wer tanzt diesmal seinen letzten Tanz?<\/p>\n<p>&nbsp;<\/p>\n<p>&nbsp;<\/p>\n<p>&nbsp;<\/p>\n<p>&nbsp;<\/p>\n<p>&nbsp;<\/p>\n<p><strong>Das sind die T\u00e4nze des Viertelfinales (10. Live-Show) von &#8222;Let\u2019s Dance&#8220;<\/strong><\/p>\n<p>&nbsp;<\/p>\n<p>&nbsp;<\/p>\n<p>&nbsp;<\/p>\n<p><strong>Einzelt\u00e4nze<\/strong>:<\/p>\n<p>&nbsp;<\/p>\n<p>&nbsp;<\/p>\n<p>&nbsp;<\/p>\n<p><strong>Schauspielerin &amp; Moderatorin Sarah Mangione (31) und Vadim Garbuzov (34)<\/strong>: Charleston, &#8222;We No Speak Americano&#8220;, Yolanda Be Cool, Dcup.<\/p>\n<p><strong>Zirkusartist &amp; Ninja Warrior Ren\u00e9 Casselly (25) und Kathrin Menzinger (33)<\/strong>: Jive, &#8222;Jailhouse Rock&#8220;, Elivs Presley.<\/p>\n<p><strong>Moderatorin, Podcasterin und Gesch\u00e4ftsfrau Amira Pocher (29) und Massimo Sinat\u00f3 (41)<\/strong>: Paso Doble, &#8222;Lux Aeterna&#8220;, Clint Mansell.<\/p>\n<p><strong>Moderatorin, Journalistin &amp; Podcasterin Janin Ullmann (40) und Zsolt S\u00e1ndor Cseke (34)<\/strong>: Slowfox, &#8222;Call Me&#8220;, Blondie.<\/p>\n<p><strong>Leichtathlet Mathias Mester (35) und Renata Lusin (34)<\/strong>: Tango, &#8222;7 Nation Army&#8220;, The White Stripes.<\/p>\n<p>&nbsp;<\/p>\n<p>&nbsp;<\/p>\n<p>&nbsp;<\/p>\n<p><strong>Trio-Dances:<\/strong><\/p>\n<p>&nbsp;<\/p>\n<p><strong>Schauspielerin &amp; Moderatorin Sarah Mangione (31), Vadim Garbuzov (34) und Malika Dzumaev (31)<\/strong>: Rumba, &#8222;Don&#8217;t Be So Shy&#8220;, Imany.<\/p>\n<p><strong>Zirkusartist &amp; Ninja Warrior Ren\u00e9 Casselly (25), Kathrin Menzinger (33) und Valentin Lusin (35)<\/strong>: Slowfox, &#8220; Come Fly With Me&#8220;, Frank Sinatra.<\/p>\n<p><strong>Moderatorin, Podcasterin und Gesch\u00e4ftsfrau Amira Pocher (29), Massimo Sinat\u00f3 (41) und Andrzej Cibis (34)<\/strong>: Samba, &#8222;Shake Your Bon Bon&#8220;, Ricky Martin.<\/p>\n<p><strong>Moderatorin, Journalistin &amp; Podcasterin Janin Ullmann (40), Zsolt S\u00e1ndor Cseke (34) und Evgeny Vinokurov (31)<\/strong>: Tango, &#8222;F\u00fcr Elise&#8220;, Ludwig van Beethoven.<\/p>\n<p><strong>Leichtathlet Mathias Mester (35), Renata Lusin (34) und Christina Luft (32)<\/strong>: Samba, &#8222;Cuban Pete&#8220;, Jim Carrey.<\/p>\n<p>&nbsp;<\/p>\n<p>&nbsp;<\/p>\n<p>&nbsp;<\/p>\n<p>&nbsp;<\/p>\n<p>In der Jury bewerten Joachim Llambi, Motsi Mabuse und Jorge Gonz\u00e1lez das K\u00f6nnen der tanzenden Stars.<\/p>\n<p>Direkt nach &#8222;Let\u2019s Dance&#8220; trifft Frauke Ludowig mit &#8222;Exclusiv Spezial&#8220; wieder live auf dem Parkett die Stars und Profis und gew\u00e4hrt Einblicke hinter die Kulissen.<\/p>\n<p>Im offiziellen &#8222;<strong><a href=\"https:\/\/audionow.de\/podcast\/bd7ba6ba-fe18-4fe6-91b1-dcd2bf3b90a7\">Let&#8217;s Dance Podcast<\/a><\/strong>&#8220; bei AUDIO NOW spricht Martin Tietjen jeweils samstags \u00fcber die Live-Show und bilanziert gemeinsam mit einem Promi oder einem Profit\u00e4nzer die Leistung der Tanzpaare: Wer hat \u00fcberzeugt? Wessen Choreo war zu schwierig? Und wer wird Dancing Star 2022?<\/p>\n<p>&#8222;Let\u00b4s Dance&#8220; wird von Seapoint Productions GmbH &amp; Co. KG im Auftrag von RTL produziert. Die 15. Staffel wird wieder in UHD HDR produziert.<\/p>\n<p>Die Sendungsseite bei RTL News finden Sie unter <strong><a href=\"https:\/\/www.rtl.de\/sendungen\/a-z.html\">https:\/\/www.rtl.de\/sendungen\/a-z.html<\/a><\/strong><\/p>\n<div class=\"mceTemp\"><\/div>\n<p>&nbsp;<\/p>\n<p>@letsdance<\/p>\n<p>#letsdance<\/p>\n<p>&nbsp;<\/p>\n<p>&nbsp;<\/p>\n<figure id=\"attachment_182673\" aria-describedby=\"caption-attachment-182673\" style=\"width: 800px\" class=\"wp-caption alignnone\"><img decoding=\"async\" loading=\"lazy\" class=\"size-large wp-image-182673\" src=\"https:\/\/smago.de\/ws2\/wp-content\/uploads\/2022\/05\/1836478-800x450.jpg\" alt=\"\" width=\"800\" height=\"450\" srcset=\"https:\/\/smago.de\/ws2\/wp-content\/uploads\/2022\/05\/1836478-800x450.jpg 800w, https:\/\/smago.de\/ws2\/wp-content\/uploads\/2022\/05\/1836478-522x294.jpg 522w, https:\/\/smago.de\/ws2\/wp-content\/uploads\/2022\/05\/1836478-267x150.jpg 267w, https:\/\/smago.de\/ws2\/wp-content\/uploads\/2022\/05\/1836478-768x432.jpg 768w, https:\/\/smago.de\/ws2\/wp-content\/uploads\/2022\/05\/1836478-1536x864.jpg 1536w, https:\/\/smago.de\/ws2\/wp-content\/uploads\/2022\/05\/1836478-2048x1152.jpg 2048w, https:\/\/smago.de\/ws2\/wp-content\/uploads\/2022\/05\/1836478-392x220.jpg 392w, https:\/\/smago.de\/ws2\/wp-content\/uploads\/2022\/05\/1836478-130x73.jpg 130w, https:\/\/smago.de\/ws2\/wp-content\/uploads\/2022\/05\/1836478-791x445.jpg 791w, https:\/\/smago.de\/ws2\/wp-content\/uploads\/2022\/05\/1836478-870x489.jpg 870w, https:\/\/smago.de\/ws2\/wp-content\/uploads\/2022\/05\/1836478-292x164.jpg 292w, https:\/\/smago.de\/ws2\/wp-content\/uploads\/2022\/05\/1836478-435x245.jpg 435w, https:\/\/smago.de\/ws2\/wp-content\/uploads\/2022\/05\/1836478-895x503.jpg 895w\" sizes=\"(max-width: 800px) 100vw, 800px\" \/><figcaption id=\"caption-attachment-182673\" class=\"wp-caption-text\"><em>Das Opening der Profit\u00e4nzer:innen<\/em><\/p>\n<p><em>Foto-Credit: RTL \/ Stefan Gregorowius<\/em><\/p>\n<p><em>Bitte beachten Sie auch <strong><a href=\"http:\/\/www.tvnow.de\">RTL+<\/a><\/strong>!<\/em><\/figcaption><\/figure>\n","protected":false},"excerpt":{"rendered":"<p>Die T\u00e4nze der 10. Live-Show am Freitag: Wer schafft es ins Halbfinale? \/\/ 20:15 Uhr &#8211; 23:25 Uhr (Wh. in<\/p>\n","protected":false},"author":2,"featured_media":182673,"comment_status":"open","ping_status":"closed","sticky":false,"template":"","format":"standard","meta":{"_FSMCFIC_featured_image_caption":"","_FSMCFIC_featured_image_nocaption":null,"_FSMCFIC_featured_image_hide":null},"categories":[33,128],"tags":[43],"acf":[],"_links":{"self":[{"href":"https:\/\/smago.de\/ws2\/wp-json\/wp\/v2\/posts\/182672"}],"collection":[{"href":"https:\/\/smago.de\/ws2\/wp-json\/wp\/v2\/posts"}],"about":[{"href":"https:\/\/smago.de\/ws2\/wp-json\/wp\/v2\/types\/post"}],"author":[{"embeddable":true,"href":"https:\/\/smago.de\/ws2\/wp-json\/wp\/v2\/users\/2"}],"replies":[{"embeddable":true,"href":"https:\/\/smago.de\/ws2\/wp-json\/wp\/v2\/comments?post=182672"}],"version-history":[{"count":2,"href":"https:\/\/smago.de\/ws2\/wp-json\/wp\/v2\/posts\/182672\/revisions"}],"predecessor-version":[{"id":182680,"href":"https:\/\/smago.de\/ws2\/wp-json\/wp\/v2\/posts\/182672\/revisions\/182680"}],"wp:featuredmedia":[{"embeddable":true,"href":"https:\/\/smago.de\/ws2\/wp-json\/wp\/v2\/media\/182673"}],"wp:attachment":[{"href":"https:\/\/smago.de\/ws2\/wp-json\/wp\/v2\/media?parent=182672"}],"wp:term":[{"taxonomy":"category","embeddable":true,"href":"https:\/\/smago.de\/ws2\/wp-json\/wp\/v2\/categories?post=182672"},{"taxonomy":"post_tag","embeddable":true,"href":"https:\/\/smago.de\/ws2\/wp-json\/wp\/v2\/tags?post=182672"}],"curies":[{"name":"wp","href":"https:\/\/api.w.org\/{rel}","templated":true}]}}