{"id":182670,"date":"2022-05-06T00:00:26","date_gmt":"2022-05-05T22:00:26","guid":{"rendered":"https:\/\/smago.de\/ws2\/?p=182670"},"modified":"2022-05-05T13:23:49","modified_gmt":"2022-05-05T11:23:49","slug":"rolf-zuckowski-u-a-heute-06-05-2022-in-der-ndr-talk-show-zu-gast","status":"publish","type":"post","link":"https:\/\/smago.de\/ws2\/kinderprogramm\/rolf-zuckowski-u-a-heute-06-05-2022-in-der-ndr-talk-show-zu-gast\/","title":{"rendered":"ROLF ZUCKOWSKI u.a. <br>Heute (06.05.2022) in der &#8222;NDR Talk Show&#8220; zu Gast!"},"content":{"rendered":"<p>NDR fernsehen + hr fernsehen, 22:00 Uhr &#8211; 00:00 Uhr! Barbara Sch\u00f6neberger und Hubertus Meyer-Burckhardt begr\u00fc\u00dfen &#8230;:<br \/>\n<!--more--><\/p>\n<p>&nbsp;<\/p>\n<p>&nbsp;<\/p>\n<p>&nbsp;<\/p>\n<h2 style=\"text-align: justify;\">S\u00f6nke M\u00f6hring und Wotan Wilke M\u00f6hring, Schauspiel-Br\u00fcder<\/h2>\n<p>&nbsp;<\/p>\n<div class=\"contentimage w50\" style=\"text-align: justify;\">\n<div class=\"image-container quer\">\u00b4Sie geh\u00f6ren beide zu den erfolgreichsten Schauspielern Deutschlands und sie sind Br\u00fcder: S\u00f6nke und Wotan Wilke M\u00f6hring. S\u00f6nke M\u00f6hring hat u.a. schon mit Brad Pitt in &#8222;Inglorious Bastards&#8220; gespielt und sein f\u00fcnf Jahre \u00e4lterer Bruder Wotan,\u00a0bekannt als Tatort-Kommissar Thorsten Falke,\u00a0ist mit Filmen wie &#8222;Das Experiment&#8220; oder &#8222;Das perfekte Geheimnis&#8220; kaum aus dem deutschen Kino wegzudenken. Mit zwei weiteren Geschwistern sind sie in Herne als Kinder einer Lehrerin und eines Bundeswehr-Offiziers aufgewachsen. Nun haben sie ein gemeinsames Buch \u00fcber &#8222;Rausch und Freiheit&#8220; geschrieben. Zum ersten Mal gemeinsam in der NDR Talk Show erz\u00e4hlen sie von ihrer Jugend, ihren Filmen und ihrer Liebe zur Popkultur.<\/div>\n<\/div>\n<div><\/div>\n<div><\/div>\n<div><\/div>\n<div><\/div>\n<div><\/div>\n<h2 style=\"text-align: justify;\">Rolf Zuckowski, S\u00e4nger und Komponist<\/h2>\n<p>&nbsp;<\/p>\n<p>&nbsp;<\/p>\n<div class=\"contentimage w50\" style=\"text-align: justify;\"><\/div>\n<p style=\"text-align: justify;\">Er ist ein echter Hamburger Jung: S\u00e4nger, Komponist und Musikproduzent Rolf Zuckowski. Der\u00a0Sohn eines Matrosen und einer Friseurin steht seit fast 50 Jahren auf der B\u00fchne und gilt als unangefochtener Fachmann f\u00fcr Kindermusik. Er kann auf ein gewaltiges Oeuvre zur\u00fcckblicken: Circa 800 eigene Kompositionen hat der Blankeneser bisher produziert. Mit 23 Millionen verkauften Tontr\u00e4gern z\u00e4hlt Rolf Zuckowski zu den erfolgreichsten Interpreten in Deutschland. Und dabei geht es l\u00e4ngst nicht nur um Kindermusik: Er arbeitete f\u00fcr Nana Mouskouri, Paola Felix, Juliane Werding und f\u00fcr die legend\u00e4re Schweizer Band &#8222;Peter, Sue und Marc&#8220;. Am 12. Mai wird der Vater von drei erwachsenen Kindern\u00a075 Jahre alt. Aus diesem Anlass erscheint seine Autobiographie &#8222;Ein bisschen Mut, ein bisschen Gl\u00fcck&#8220;. In der NDR Talk Show erz\u00e4hlt der beliebte Liedermacher Anekdoten aus seinem Leben und warum er immer offen f\u00fcr Neues war und ist.<\/p>\n<p>&nbsp;<\/p>\n<p>&nbsp;<\/p>\n<p>&nbsp;<\/p>\n<p>&nbsp;<\/p>\n<p>&nbsp;<\/p>\n<h2 style=\"text-align: justify;\">Jochen Schropp, Schauspieler, Moderator und Autor<\/h2>\n<p>&nbsp;<\/p>\n<p>&nbsp;<\/p>\n<div class=\"contentimage w50\" style=\"text-align: justify;\"><\/div>\n<p style=\"text-align: justify;\">Er ist Schauspieler, Moderator &#8211; und schwul. Das hat Jochen Schropp 2018 \u00f6ffentlich gemacht und damit hohe Wellen geschlagen. Der 43-J\u00e4hrige musste selbst erfahren, wie sehr &#8211; auch heute noch &#8211; ein Outing f\u00fcr Aufmerksamkeit sorgt &#8211; gerade bei einer Person des \u00f6ffentlichen Lebens. Jochen Schropp hat nach seinem Schauspielstudium in zahlreichen Filmen und Serien gespielt\u00a0sowie Primetime-Shows moderiert &#8211; darunter auch &#8222;Promi Big Brother&#8220;. Seit seinem Outing setzt er sich als Aktivist f\u00fcr die LGBTQIA*-Community ein. Jetzt hat er in seinem Buch &#8222;Queer As F*uck&#8220; anhand seiner eigenen Lebensgeschichte untersucht, wie tolerant unsere heutige Gesellschaft wirklich ist. In der NDR Talk Show erz\u00e4hlt der Wahl-Berliner, welche Reaktionen sein Outing ausgel\u00f6st hat, warum viele Menschen in Wahrheit nicht so tolerant sind wie sie denken und mit welchen Konflikten sich queere Menschen im Alltag auseinandersetzen m\u00fcssen.<\/p>\n<p>&nbsp;<\/p>\n<p>&nbsp;<\/p>\n<p>&nbsp;<\/p>\n<p>&nbsp;<\/p>\n<p>&nbsp;<\/p>\n<h2 style=\"text-align: justify;\">Dr. Lisa Federle, \u00c4rztin und Autorin<\/h2>\n<p>&nbsp;<\/p>\n<p>&nbsp;<\/p>\n<div class=\"contentimage w50\" style=\"text-align: justify;\"><\/div>\n<p style=\"text-align: justify;\">Die \u00c4rztin Dr. Lisa Federle blickt auf ein bewegtes Leben zur\u00fcck. Fr\u00fch verlor sie ihren Vater, litt unter einer sittenstrengen Mutter, zog mit 17 von zuhause\u00a0aus und brach die Schule ab. Mit 18 bekam sie ihr erstes Kind, mit 20 ihr zweites, die Beziehung zum Erzeuger ging in die Br\u00fcche. Um ihre junge Familie \u00fcber Wasser zu halten, jobbte sie in der Uniklinik T\u00fcbingen und entdeckte dort ihre Liebe zur Medizin. Um \u00c4rztin zu werden, ging sie auf die Abendschule, holte die Mittlere Reife nach und machte das Abitur. Mit 30 erhielt sie die Zulassung f\u00fcrs Medizinstudium, promovierte sieben Jahre sp\u00e4ter und wurde Not\u00e4rztin. 2015 begann sie mit ihrer &#8222;rollenden Arztpraxis&#8220;, versorgte Gefl\u00fcchtete und Obdachlose und wurde dadurch deutschlandweit bekannt. 2020 wurde sie mit dem Bundesverdienstkreuz am Bande ausgezeichnet. In ihrer Autobiografie &#8222;Auf krummen Wegen geradeaus&#8220; und in der NDR Talk Show erz\u00e4hlt die 60-J\u00e4hrige, warum sie trotz privater Schicksalsschl\u00e4ge nie ihren Mut und Optimismus verloren hat und wie sie als \u00c4rztin ihre Berufung gefunden hat.<\/p>\n<p>&nbsp;<\/p>\n<p>&nbsp;<\/p>\n<p>&nbsp;<\/p>\n<p>&nbsp;<\/p>\n<h2 style=\"text-align: justify;\">Oliver Mommsen, Schauspieler<\/h2>\n<p>&nbsp;<\/p>\n<p>&nbsp;<\/p>\n<div class=\"contentimage w50\" style=\"text-align: justify;\"><\/div>\n<p style=\"text-align: justify;\">Er sagt \u00fcber sich, er sei &#8222;eine Rampensau&#8220; und wolle &#8222;ins Licht. Ich unterhalte gern&#8220;. Und das macht der Schauspieler Oliver Mommsen auf sehr sympathische Art seit mehr als 20 Jahren. Bis 2019 ermittelte er im &#8222;Tatort&#8220; aus Bremen und wurde als Nils Stedefreund zum attraktivsten TV-Kommissar gew\u00e4hlt. Und er hat einen spannenden Ururgro\u00dfvater: Den Historiker Theodor Mommsen, der 1902 mit dem Nobelpreis f\u00fcr Literatur ausgezeichnet wurde. Jetzt spielt Oliver Mommsen in der neuen ARD-Reihe &#8222;Schule am Meer&#8220;: Die befindet sich hoch im Norden, mit Blick \u00fcber die Flensburger F\u00f6rde, und Mommsen bringt dort als Foodblogger und Weltenbummler Erik den Schulalltag als Gastdozent ordentlich durcheinander. Wie seine eigenen Schulerfahrungen auf den traditionsreichen Internaten Schloss Salem und Louisenlund aussahen, das erz\u00e4hlt der 53-J\u00e4hrige in der NDR Talk Show.<\/p>\n<p>&nbsp;<\/p>\n<p>&nbsp;<\/p>\n<p>&nbsp;<\/p>\n<p>&nbsp;<\/p>\n<p>&nbsp;<\/p>\n<h2 style=\"text-align: justify;\">Annette Frier, Schauspielerin<\/h2>\n<p>&nbsp;<\/p>\n<p>&nbsp;<\/p>\n<div class=\"contentimage w50\" style=\"text-align: justify;\"><\/div>\n<p style=\"text-align: justify;\">Annette Frier spielt seit Jahren in der Oberliga der deutschen Fernseh- und Comedy-Szene mit. Ihren Durchbruch als Schauspielerin hatte sie 1997 in der RTL-Erfolgsserie &#8222;Hinter Gittern&#8220;, in der sie \u00fcber Jahre eine der Hauptrollen spielte. 1998 startete sie parallel ihre komische Karriere bei &#8222;Switch&#8220; auf ProSieben und war ab dem Jahr 2000 in der &#8222;Wochenshow&#8220; in SAT.1 dabei. Es folgten Serien- und Spielfilmrollen, bevor sie die Hauptrolle der &#8222;Danni Lowinski&#8220; in der gleichnamigen SAT.1-Serie \u00fcbernahm. Seit 2010 spielte sie die &#8222;1-Euro-Anw\u00e4ltin&#8220; &#8211; erfolgreich und preisgekr\u00f6nt. In ihrer Tragikkom\u00f6die &#8222;Leben \u00fcber Kreuz&#8220;, in der es um Organspenden geht, brilliert Annette Frier einmal mehr als Schauspielerin und Komikerin in Personalunion.<\/p>\n<p>&nbsp;<\/p>\n<p>&nbsp;<\/p>\n<p>&nbsp;<\/p>\n<p>&nbsp;<\/p>\n<h2 style=\"text-align: justify;\">Sylvie G\u00fchmann, ostfriesische Autorin und Poetry-Slammerin<\/h2>\n<p>&nbsp;<\/p>\n<p>&nbsp;<\/p>\n<div class=\"contentimage w50\" style=\"text-align: justify;\"><\/div>\n<p style=\"text-align: justify;\">Sie ist 27 Jahre jung, stammt aus Ostfriesland und ist eine Botschafterin ihrer Heimat: Sylvie G\u00fchmann. Geboren 1994 in Leer kann sie sich als Volont\u00e4rin der Zeitungsgruppe Ostfriesland mit der gesamten Region vertraut machen. Die Spleens der Ostfriesen hat sie schon mit den ersten Teetassen aufgesogen. Dar\u00fcber berichtet sie in ihrem Buch &#8222;Fettn\u00e4pfchenf\u00fchrer Ostfriesland &#8211; eine Ode an das Moin&#8220;. Heute studiert sie in Hamburg Psychologie, nimmt regelm\u00e4\u00dfig an Poetry Slams teil und macht sich Sorgen um den Klimawandel, der ihre Heimat bedroht. In ihrem neuen Buch &#8222;Die junge Frau und das Meer&#8220; schaut Sylvie G\u00fchmann mit einem liebe- und humorvollen Blick erneut auf ihre Heimat Ostfriesland und erz\u00e4hlt von den Br\u00e4uchen und Streichen aus ihrer Kindheit.<\/p>\n<p>&nbsp;<\/p>\n<p>&nbsp;<\/p>\n<figure id=\"attachment_178592\" aria-describedby=\"caption-attachment-178592\" style=\"width: 800px\" class=\"wp-caption alignnone\"><img decoding=\"async\" loading=\"lazy\" class=\"size-large wp-image-178592\" src=\"https:\/\/smago.de\/ws2\/wp-content\/uploads\/2022\/02\/2_NDR_Talk_Show_2016-800x534.jpg\" alt=\"\" width=\"800\" height=\"534\" srcset=\"https:\/\/smago.de\/ws2\/wp-content\/uploads\/2022\/02\/2_NDR_Talk_Show_2016-800x534.jpg 800w, https:\/\/smago.de\/ws2\/wp-content\/uploads\/2022\/02\/2_NDR_Talk_Show_2016-522x348.jpg 522w, https:\/\/smago.de\/ws2\/wp-content\/uploads\/2022\/02\/2_NDR_Talk_Show_2016-225x150.jpg 225w, https:\/\/smago.de\/ws2\/wp-content\/uploads\/2022\/02\/2_NDR_Talk_Show_2016-768x512.jpg 768w, https:\/\/smago.de\/ws2\/wp-content\/uploads\/2022\/02\/2_NDR_Talk_Show_2016-1536x1024.jpg 1536w, https:\/\/smago.de\/ws2\/wp-content\/uploads\/2022\/02\/2_NDR_Talk_Show_2016-2048x1366.jpg 2048w, https:\/\/smago.de\/ws2\/wp-content\/uploads\/2022\/02\/2_NDR_Talk_Show_2016-392x261.jpg 392w, https:\/\/smago.de\/ws2\/wp-content\/uploads\/2022\/02\/2_NDR_Talk_Show_2016-130x87.jpg 130w, https:\/\/smago.de\/ws2\/wp-content\/uploads\/2022\/02\/2_NDR_Talk_Show_2016-667x445.jpg 667w, https:\/\/smago.de\/ws2\/wp-content\/uploads\/2022\/02\/2_NDR_Talk_Show_2016-783x522.jpg 783w, https:\/\/smago.de\/ws2\/wp-content\/uploads\/2022\/02\/2_NDR_Talk_Show_2016-285x190.jpg 285w, https:\/\/smago.de\/ws2\/wp-content\/uploads\/2022\/02\/2_NDR_Talk_Show_2016-435x290.jpg 435w, https:\/\/smago.de\/ws2\/wp-content\/uploads\/2022\/02\/2_NDR_Talk_Show_2016-150x100.jpg 150w, https:\/\/smago.de\/ws2\/wp-content\/uploads\/2022\/02\/2_NDR_Talk_Show_2016-370x247.jpg 370w\" sizes=\"(max-width: 800px) 100vw, 800px\" \/><figcaption id=\"caption-attachment-178592\" class=\"wp-caption-text\"><em>Barbara Sch\u00f6neberger und Hubertus Meyer-Burckhardt<\/em><\/p>\n<p><em>\u00a9 NDR \/ Uwe Ernst<\/em><\/figcaption><\/figure>\n","protected":false},"excerpt":{"rendered":"<p>NDR fernsehen + hr fernsehen, 22:00 Uhr &#8211; 00:00 Uhr! Barbara Sch\u00f6neberger und Hubertus Meyer-Burckhardt begr\u00fc\u00dfen &#8230;:<\/p>\n","protected":false},"author":2,"featured_media":178592,"comment_status":"open","ping_status":"closed","sticky":false,"template":"","format":"standard","meta":{"_FSMCFIC_featured_image_caption":"","_FSMCFIC_featured_image_nocaption":null,"_FSMCFIC_featured_image_hide":null},"categories":[20,21,128],"tags":[254],"acf":[],"_links":{"self":[{"href":"https:\/\/smago.de\/ws2\/wp-json\/wp\/v2\/posts\/182670"}],"collection":[{"href":"https:\/\/smago.de\/ws2\/wp-json\/wp\/v2\/posts"}],"about":[{"href":"https:\/\/smago.de\/ws2\/wp-json\/wp\/v2\/types\/post"}],"author":[{"embeddable":true,"href":"https:\/\/smago.de\/ws2\/wp-json\/wp\/v2\/users\/2"}],"replies":[{"embeddable":true,"href":"https:\/\/smago.de\/ws2\/wp-json\/wp\/v2\/comments?post=182670"}],"version-history":[{"count":1,"href":"https:\/\/smago.de\/ws2\/wp-json\/wp\/v2\/posts\/182670\/revisions"}],"predecessor-version":[{"id":182671,"href":"https:\/\/smago.de\/ws2\/wp-json\/wp\/v2\/posts\/182670\/revisions\/182671"}],"wp:featuredmedia":[{"embeddable":true,"href":"https:\/\/smago.de\/ws2\/wp-json\/wp\/v2\/media\/178592"}],"wp:attachment":[{"href":"https:\/\/smago.de\/ws2\/wp-json\/wp\/v2\/media?parent=182670"}],"wp:term":[{"taxonomy":"category","embeddable":true,"href":"https:\/\/smago.de\/ws2\/wp-json\/wp\/v2\/categories?post=182670"},{"taxonomy":"post_tag","embeddable":true,"href":"https:\/\/smago.de\/ws2\/wp-json\/wp\/v2\/tags?post=182670"}],"curies":[{"name":"wp","href":"https:\/\/api.w.org\/{rel}","templated":true}]}}